{"id":9628,"date":"2023-03-07T13:00:00","date_gmt":"2023-03-07T12:00:00","guid":{"rendered":"https:\/\/talivera.fr\/actualites\/?p=9628"},"modified":"2023-06-09T10:28:00","modified_gmt":"2023-06-09T08:28:00","slug":"mardi-citation-8","status":"publish","type":"post","link":"https:\/\/talivera.fr\/actualites\/mardi-citation-8\/","title":{"rendered":"Mardi Citation"},"content":{"rendered":"\n<p>Yvan Attal est un c\u00e9l\u00e8bre r\u00e9alisateur fran\u00e7ais. Il a pris part \u00e0 plus de 60 films en tant qu&rsquo;acteur, r\u00e9alisateur ou sc\u00e9nariste. Il a \u00e9t\u00e9 r\u00e9compens\u00e9 en 2022 avec le C\u00e9sar de la meilleure adaptation dans son film Les Choses humaines.<\/p>\n\n\n\n<p>Le lundi 20 mars, il sera au th\u00e9\u00e2tre du Gymnase pour le podcast Hors promo cin\u00e9 enregistr\u00e9 en public. 50 mn d\u2019entretien anim\u00e9 par Nicolas Koretzky suivi des questions du public.<\/p>\n\n\n\n<p>\ud83d\udc49 <a href=\"https:\/\/talivera.fr\/activite\/conference-en-salle-special-cinema\/hors-promo-cine-yvan-attal\/317?fbclid=IwAR1bbt9PnPtWC8i-3anQQUEFWTzRArRBERN-DJRqvSBlZOkBcr87XGeU8l8\">R\u00e9servation Hors-promo-cine-Yvan Attal<\/a><\/p>\n\n\n\n<figure class=\"wp-block-image size-large\"><a href=\"https:\/\/talivera.fr\/activite\/conference-en-salle-special-cinema\/hors-promo-cine-yvan-attal\/317\"><img loading=\"lazy\" decoding=\"async\" width=\"950\" height=\"950\" src=\"https:\/\/talivera.fr\/actualites\/wp-content\/uploads\/2023\/03\/334207984_146893088270286_2990025271095414272_n-950x950.jpg\" alt=\"\" class=\"wp-image-9630\" srcset=\"https:\/\/talivera.fr\/actualites\/wp-content\/uploads\/2023\/03\/334207984_146893088270286_2990025271095414272_n-950x950.jpg 950w, https:\/\/talivera.fr\/actualites\/wp-content\/uploads\/2023\/03\/334207984_146893088270286_2990025271095414272_n-300x300.jpg 300w, https:\/\/talivera.fr\/actualites\/wp-content\/uploads\/2023\/03\/334207984_146893088270286_2990025271095414272_n-150x150.jpg 150w, https:\/\/talivera.fr\/actualites\/wp-content\/uploads\/2023\/03\/334207984_146893088270286_2990025271095414272_n-768x768.jpg 768w, https:\/\/talivera.fr\/actualites\/wp-content\/uploads\/2023\/03\/334207984_146893088270286_2990025271095414272_n.jpg 1080w\" sizes=\"auto, (max-width: 950px) 100vw, 950px\" \/><\/a><\/figure>\n","protected":false},"excerpt":{"rendered":"<p>Yvan Attal est un c\u00e9l\u00e8bre r\u00e9alisateur fran\u00e7ais. Il a pris part \u00e0 plus de 60 films en tant qu&rsquo;acteur, r\u00e9alisateur ou sc\u00e9nariste. Il a \u00e9t\u00e9 r\u00e9compens\u00e9 en 2022 avec le C\u00e9sar de la meilleure adaptation dans son film Les Choses humaines. Le lundi 20 mars, il sera au th\u00e9\u00e2tre du Gymnase pour le podcast Hors &hellip;<\/p>\n<p class=\"read-more\"> <a class=\"\" href=\"https:\/\/talivera.fr\/actualites\/mardi-citation-8\/\"> <span class=\"screen-reader-text\">Mardi Citation<\/span> Lire la suite\u00a0\u00bb<\/a><\/p>\n","protected":false},"author":1,"featured_media":9629,"comment_status":"open","ping_status":"open","sticky":false,"template":"","format":"standard","meta":{"_jetpack_memberships_contains_paid_content":false,"footnotes":""},"categories":[245],"tags":[],"class_list":["post-9628","post","type-post","status-publish","format-standard","has-post-thumbnail","hentry","category-inspirations-quotidiennes"],"yoast_head":"<!-- This site is optimized with the Yoast SEO plugin v24.9 - https:\/\/yoast.com\/wordpress\/plugins\/seo\/ -->\n<title>Mardi Citation - Yvan Attal<\/title>\n<meta name=\"description\" content=\"Inspirez-vous, la rubrique Talivera qui vous donne de l&#039;inspiration chaque jour de la semaine ! D\u00e9couvrez toutes nos oeuvres inspirantes.\" \/>\n<meta name=\"robots\" content=\"index, follow, max-snippet:-1, max-image-preview:large, max-video-preview:-1\" \/>\n<link rel=\"canonical\" href=\"https:\/\/talivera.fr\/actualites\/mardi-citation-8\/\" \/>\n<meta property=\"og:locale\" content=\"fr_FR\" \/>\n<meta property=\"og:type\" content=\"article\" \/>\n<meta property=\"og:title\" content=\"Mardi Citation - Yvan Attal\" \/>\n<meta property=\"og:description\" content=\"Inspirez-vous, la rubrique Talivera qui vous donne de l&#039;inspiration chaque jour de la semaine ! D\u00e9couvrez toutes nos oeuvres inspirantes.\" \/>\n<meta property=\"og:url\" content=\"https:\/\/talivera.fr\/actualites\/mardi-citation-8\/\" \/>\n<meta property=\"og:site_name\" content=\"Culture Bien-\u00eatre\" \/>\n<meta property=\"article:author\" content=\"https:\/\/www.facebook.com\/sortirdecouvrir\/\" \/>\n<meta property=\"article:published_time\" content=\"2023-03-07T12:00:00+00:00\" \/>\n<meta property=\"article:modified_time\" content=\"2023-06-09T08:28:00+00:00\" \/>\n<meta property=\"og:image\" content=\"https:\/\/talivera.fr\/actualites\/wp-content\/uploads\/2023\/03\/330303570_172876378829388_7123802487474083683_n.jpg\" \/>\n\t<meta property=\"og:image:width\" content=\"1080\" \/>\n\t<meta property=\"og:image:height\" content=\"1080\" \/>\n\t<meta property=\"og:image:type\" content=\"image\/jpeg\" \/>\n<meta name=\"author\" content=\"talivera\" \/>\n<meta name=\"twitter:card\" content=\"summary_large_image\" \/>\n<meta name=\"twitter:creator\" content=\"@https:\/\/twitter.com\/talivera_\" \/>\n<meta name=\"twitter:label1\" content=\"\u00c9crit par\" \/>\n\t<meta name=\"twitter:data1\" content=\"talivera\" \/>\n\t<meta name=\"twitter:label2\" content=\"Dur\u00e9e de lecture estim\u00e9e\" \/>\n\t<meta name=\"twitter:data2\" content=\"1 minute\" \/>\n<script type=\"application\/ld+json\" class=\"yoast-schema-graph\">{\"@context\":\"https:\/\/schema.org\",\"@graph\":[{\"@type\":\"Article\",\"@id\":\"https:\/\/talivera.fr\/actualites\/mardi-citation-8\/#article\",\"isPartOf\":{\"@id\":\"https:\/\/talivera.fr\/actualites\/mardi-citation-8\/\"},\"author\":{\"name\":\"talivera\",\"@id\":\"https:\/\/talivera.fr\/actualites\/#\/schema\/person\/6f7da364c6dd2c35a1268d64d87d2133\"},\"headline\":\"Mardi Citation\",\"datePublished\":\"2023-03-07T12:00:00+00:00\",\"dateModified\":\"2023-06-09T08:28:00+00:00\",\"mainEntityOfPage\":{\"@id\":\"https:\/\/talivera.fr\/actualites\/mardi-citation-8\/\"},\"wordCount\":83,\"commentCount\":0,\"publisher\":{\"@id\":\"https:\/\/talivera.fr\/actualites\/#organization\"},\"image\":{\"@id\":\"https:\/\/talivera.fr\/actualites\/mardi-citation-8\/#primaryimage\"},\"thumbnailUrl\":\"https:\/\/talivera.fr\/actualites\/wp-content\/uploads\/2023\/03\/330303570_172876378829388_7123802487474083683_n.jpg\",\"articleSection\":[\"Inspirez-vous\"],\"inLanguage\":\"fr-FR\",\"potentialAction\":[{\"@type\":\"CommentAction\",\"name\":\"Comment\",\"target\":[\"https:\/\/talivera.fr\/actualites\/mardi-citation-8\/#respond\"]}]},{\"@type\":\"WebPage\",\"@id\":\"https:\/\/talivera.fr\/actualites\/mardi-citation-8\/\",\"url\":\"https:\/\/talivera.fr\/actualites\/mardi-citation-8\/\",\"name\":\"Mardi Citation - Yvan Attal\",\"isPartOf\":{\"@id\":\"https:\/\/talivera.fr\/actualites\/#website\"},\"primaryImageOfPage\":{\"@id\":\"https:\/\/talivera.fr\/actualites\/mardi-citation-8\/#primaryimage\"},\"image\":{\"@id\":\"https:\/\/talivera.fr\/actualites\/mardi-citation-8\/#primaryimage\"},\"thumbnailUrl\":\"https:\/\/talivera.fr\/actualites\/wp-content\/uploads\/2023\/03\/330303570_172876378829388_7123802487474083683_n.jpg\",\"datePublished\":\"2023-03-07T12:00:00+00:00\",\"dateModified\":\"2023-06-09T08:28:00+00:00\",\"description\":\"Inspirez-vous, la rubrique Talivera qui vous donne de l'inspiration chaque jour de la semaine ! D\u00e9couvrez toutes nos oeuvres inspirantes.\",\"breadcrumb\":{\"@id\":\"https:\/\/talivera.fr\/actualites\/mardi-citation-8\/#breadcrumb\"},\"inLanguage\":\"fr-FR\",\"potentialAction\":[{\"@type\":\"ReadAction\",\"target\":[\"https:\/\/talivera.fr\/actualites\/mardi-citation-8\/\"]}]},{\"@type\":\"ImageObject\",\"inLanguage\":\"fr-FR\",\"@id\":\"https:\/\/talivera.fr\/actualites\/mardi-citation-8\/#primaryimage\",\"url\":\"https:\/\/talivera.fr\/actualites\/wp-content\/uploads\/2023\/03\/330303570_172876378829388_7123802487474083683_n.jpg\",\"contentUrl\":\"https:\/\/talivera.fr\/actualites\/wp-content\/uploads\/2023\/03\/330303570_172876378829388_7123802487474083683_n.jpg\",\"width\":1080,\"height\":1080},{\"@type\":\"BreadcrumbList\",\"@id\":\"https:\/\/talivera.fr\/actualites\/mardi-citation-8\/#breadcrumb\",\"itemListElement\":[{\"@type\":\"ListItem\",\"position\":1,\"name\":\"Home\",\"item\":\"https:\/\/talivera.fr\/actualites\/\"},{\"@type\":\"ListItem\",\"position\":2,\"name\":\"Mardi Citation\"}]},{\"@type\":\"WebSite\",\"@id\":\"https:\/\/talivera.fr\/actualites\/#website\",\"url\":\"https:\/\/talivera.fr\/actualites\/\",\"name\":\"Culture Bien-\u00eatre\",\"description\":\"Talivera, plus proche de la culture\",\"publisher\":{\"@id\":\"https:\/\/talivera.fr\/actualites\/#organization\"},\"potentialAction\":[{\"@type\":\"SearchAction\",\"target\":{\"@type\":\"EntryPoint\",\"urlTemplate\":\"https:\/\/talivera.fr\/actualites\/?s={search_term_string}\"},\"query-input\":{\"@type\":\"PropertyValueSpecification\",\"valueRequired\":true,\"valueName\":\"search_term_string\"}}],\"inLanguage\":\"fr-FR\"},{\"@type\":\"Organization\",\"@id\":\"https:\/\/talivera.fr\/actualites\/#organization\",\"name\":\"Culture Bien-\u00eatre\",\"url\":\"https:\/\/talivera.fr\/actualites\/\",\"logo\":{\"@type\":\"ImageObject\",\"inLanguage\":\"fr-FR\",\"@id\":\"https:\/\/talivera.fr\/actualites\/#\/schema\/logo\/image\/\",\"url\":\"https:\/\/talivera.fr\/actualites\/wp-content\/uploads\/2022\/06\/cropped-cropped-TALI-Logo-fond-blanc-SS-220513.png\",\"contentUrl\":\"https:\/\/talivera.fr\/actualites\/wp-content\/uploads\/2022\/06\/cropped-cropped-TALI-Logo-fond-blanc-SS-220513.png\",\"width\":760,\"height\":272,\"caption\":\"Culture Bien-\u00eatre\"},\"image\":{\"@id\":\"https:\/\/talivera.fr\/actualites\/#\/schema\/logo\/image\/\"}},{\"@type\":\"Person\",\"@id\":\"https:\/\/talivera.fr\/actualites\/#\/schema\/person\/6f7da364c6dd2c35a1268d64d87d2133\",\"name\":\"talivera\",\"image\":{\"@type\":\"ImageObject\",\"inLanguage\":\"fr-FR\",\"@id\":\"https:\/\/talivera.fr\/actualites\/#\/schema\/person\/image\/\",\"url\":\"https:\/\/secure.gravatar.com\/avatar\/9cc99a2be3b13f52ccf55b39d3952bc77029d605431f7c7570ce9a2963513de9?s=96&d=mm&r=g\",\"contentUrl\":\"https:\/\/secure.gravatar.com\/avatar\/9cc99a2be3b13f52ccf55b39d3952bc77029d605431f7c7570ce9a2963513de9?s=96&d=mm&r=g\",\"caption\":\"talivera\"},\"sameAs\":[\"https:\/\/talivera.fr\",\"https:\/\/www.facebook.com\/sortirdecouvrir\/\",\"https:\/\/www.instagram.com\/talivera_\/?hl=fr\",\"https:\/\/x.com\/https:\/\/twitter.com\/talivera_\"],\"url\":\"https:\/\/talivera.fr\/actualites\/author\/talivera\/\"}]}<\/script>\n<!-- \/ Yoast SEO plugin. -->","yoast_head_json":{"title":"Mardi Citation - Yvan Attal","description":"Inspirez-vous, la rubrique Talivera qui vous donne de l'inspiration chaque jour de la semaine ! D\u00e9couvrez toutes nos oeuvres inspirantes.","robots":{"index":"index","follow":"follow","max-snippet":"max-snippet:-1","max-image-preview":"max-image-preview:large","max-video-preview":"max-video-preview:-1"},"canonical":"https:\/\/talivera.fr\/actualites\/mardi-citation-8\/","og_locale":"fr_FR","og_type":"article","og_title":"Mardi Citation - Yvan Attal","og_description":"Inspirez-vous, la rubrique Talivera qui vous donne de l'inspiration chaque jour de la semaine ! D\u00e9couvrez toutes nos oeuvres inspirantes.","og_url":"https:\/\/talivera.fr\/actualites\/mardi-citation-8\/","og_site_name":"Culture Bien-\u00eatre","article_author":"https:\/\/www.facebook.com\/sortirdecouvrir\/","article_published_time":"2023-03-07T12:00:00+00:00","article_modified_time":"2023-06-09T08:28:00+00:00","og_image":[{"width":1080,"height":1080,"url":"https:\/\/talivera.fr\/actualites\/wp-content\/uploads\/2023\/03\/330303570_172876378829388_7123802487474083683_n.jpg","type":"image\/jpeg"}],"author":"talivera","twitter_card":"summary_large_image","twitter_creator":"@https:\/\/twitter.com\/talivera_","twitter_misc":{"\u00c9crit par":"talivera","Dur\u00e9e de lecture estim\u00e9e":"1 minute"},"schema":{"@context":"https:\/\/schema.org","@graph":[{"@type":"Article","@id":"https:\/\/talivera.fr\/actualites\/mardi-citation-8\/#article","isPartOf":{"@id":"https:\/\/talivera.fr\/actualites\/mardi-citation-8\/"},"author":{"name":"talivera","@id":"https:\/\/talivera.fr\/actualites\/#\/schema\/person\/6f7da364c6dd2c35a1268d64d87d2133"},"headline":"Mardi Citation","datePublished":"2023-03-07T12:00:00+00:00","dateModified":"2023-06-09T08:28:00+00:00","mainEntityOfPage":{"@id":"https:\/\/talivera.fr\/actualites\/mardi-citation-8\/"},"wordCount":83,"commentCount":0,"publisher":{"@id":"https:\/\/talivera.fr\/actualites\/#organization"},"image":{"@id":"https:\/\/talivera.fr\/actualites\/mardi-citation-8\/#primaryimage"},"thumbnailUrl":"https:\/\/talivera.fr\/actualites\/wp-content\/uploads\/2023\/03\/330303570_172876378829388_7123802487474083683_n.jpg","articleSection":["Inspirez-vous"],"inLanguage":"fr-FR","potentialAction":[{"@type":"CommentAction","name":"Comment","target":["https:\/\/talivera.fr\/actualites\/mardi-citation-8\/#respond"]}]},{"@type":"WebPage","@id":"https:\/\/talivera.fr\/actualites\/mardi-citation-8\/","url":"https:\/\/talivera.fr\/actualites\/mardi-citation-8\/","name":"Mardi Citation - Yvan Attal","isPartOf":{"@id":"https:\/\/talivera.fr\/actualites\/#website"},"primaryImageOfPage":{"@id":"https:\/\/talivera.fr\/actualites\/mardi-citation-8\/#primaryimage"},"image":{"@id":"https:\/\/talivera.fr\/actualites\/mardi-citation-8\/#primaryimage"},"thumbnailUrl":"https:\/\/talivera.fr\/actualites\/wp-content\/uploads\/2023\/03\/330303570_172876378829388_7123802487474083683_n.jpg","datePublished":"2023-03-07T12:00:00+00:00","dateModified":"2023-06-09T08:28:00+00:00","description":"Inspirez-vous, la rubrique Talivera qui vous donne de l'inspiration chaque jour de la semaine ! D\u00e9couvrez toutes nos oeuvres inspirantes.","breadcrumb":{"@id":"https:\/\/talivera.fr\/actualites\/mardi-citation-8\/#breadcrumb"},"inLanguage":"fr-FR","potentialAction":[{"@type":"ReadAction","target":["https:\/\/talivera.fr\/actualites\/mardi-citation-8\/"]}]},{"@type":"ImageObject","inLanguage":"fr-FR","@id":"https:\/\/talivera.fr\/actualites\/mardi-citation-8\/#primaryimage","url":"https:\/\/talivera.fr\/actualites\/wp-content\/uploads\/2023\/03\/330303570_172876378829388_7123802487474083683_n.jpg","contentUrl":"https:\/\/talivera.fr\/actualites\/wp-content\/uploads\/2023\/03\/330303570_172876378829388_7123802487474083683_n.jpg","width":1080,"height":1080},{"@type":"BreadcrumbList","@id":"https:\/\/talivera.fr\/actualites\/mardi-citation-8\/#breadcrumb","itemListElement":[{"@type":"ListItem","position":1,"name":"Home","item":"https:\/\/talivera.fr\/actualites\/"},{"@type":"ListItem","position":2,"name":"Mardi Citation"}]},{"@type":"WebSite","@id":"https:\/\/talivera.fr\/actualites\/#website","url":"https:\/\/talivera.fr\/actualites\/","name":"Culture Bien-\u00eatre","description":"Talivera, plus proche de la culture","publisher":{"@id":"https:\/\/talivera.fr\/actualites\/#organization"},"potentialAction":[{"@type":"SearchAction","target":{"@type":"EntryPoint","urlTemplate":"https:\/\/talivera.fr\/actualites\/?s={search_term_string}"},"query-input":{"@type":"PropertyValueSpecification","valueRequired":true,"valueName":"search_term_string"}}],"inLanguage":"fr-FR"},{"@type":"Organization","@id":"https:\/\/talivera.fr\/actualites\/#organization","name":"Culture Bien-\u00eatre","url":"https:\/\/talivera.fr\/actualites\/","logo":{"@type":"ImageObject","inLanguage":"fr-FR","@id":"https:\/\/talivera.fr\/actualites\/#\/schema\/logo\/image\/","url":"https:\/\/talivera.fr\/actualites\/wp-content\/uploads\/2022\/06\/cropped-cropped-TALI-Logo-fond-blanc-SS-220513.png","contentUrl":"https:\/\/talivera.fr\/actualites\/wp-content\/uploads\/2022\/06\/cropped-cropped-TALI-Logo-fond-blanc-SS-220513.png","width":760,"height":272,"caption":"Culture Bien-\u00eatre"},"image":{"@id":"https:\/\/talivera.fr\/actualites\/#\/schema\/logo\/image\/"}},{"@type":"Person","@id":"https:\/\/talivera.fr\/actualites\/#\/schema\/person\/6f7da364c6dd2c35a1268d64d87d2133","name":"talivera","image":{"@type":"ImageObject","inLanguage":"fr-FR","@id":"https:\/\/talivera.fr\/actualites\/#\/schema\/person\/image\/","url":"https:\/\/secure.gravatar.com\/avatar\/9cc99a2be3b13f52ccf55b39d3952bc77029d605431f7c7570ce9a2963513de9?s=96&d=mm&r=g","contentUrl":"https:\/\/secure.gravatar.com\/avatar\/9cc99a2be3b13f52ccf55b39d3952bc77029d605431f7c7570ce9a2963513de9?s=96&d=mm&r=g","caption":"talivera"},"sameAs":["https:\/\/talivera.fr","https:\/\/www.facebook.com\/sortirdecouvrir\/","https:\/\/www.instagram.com\/talivera_\/?hl=fr","https:\/\/x.com\/https:\/\/twitter.com\/talivera_"],"url":"https:\/\/talivera.fr\/actualites\/author\/talivera\/"}]}},"jetpack_featured_media_url":"https:\/\/talivera.fr\/actualites\/wp-content\/uploads\/2023\/03\/330303570_172876378829388_7123802487474083683_n.jpg","jetpack_sharing_enabled":true,"_links":{"self":[{"href":"https:\/\/talivera.fr\/actualites\/wp-json\/wp\/v2\/posts\/9628","targetHints":{"allow":["GET"]}}],"collection":[{"href":"https:\/\/talivera.fr\/actualites\/wp-json\/wp\/v2\/posts"}],"about":[{"href":"https:\/\/talivera.fr\/actualites\/wp-json\/wp\/v2\/types\/post"}],"author":[{"embeddable":true,"href":"https:\/\/talivera.fr\/actualites\/wp-json\/wp\/v2\/users\/1"}],"replies":[{"embeddable":true,"href":"https:\/\/talivera.fr\/actualites\/wp-json\/wp\/v2\/comments?post=9628"}],"version-history":[{"count":1,"href":"https:\/\/talivera.fr\/actualites\/wp-json\/wp\/v2\/posts\/9628\/revisions"}],"predecessor-version":[{"id":9631,"href":"https:\/\/talivera.fr\/actualites\/wp-json\/wp\/v2\/posts\/9628\/revisions\/9631"}],"wp:featuredmedia":[{"embeddable":true,"href":"https:\/\/talivera.fr\/actualites\/wp-json\/wp\/v2\/media\/9629"}],"wp:attachment":[{"href":"https:\/\/talivera.fr\/actualites\/wp-json\/wp\/v2\/media?parent=9628"}],"wp:term":[{"taxonomy":"category","embeddable":true,"href":"https:\/\/talivera.fr\/actualites\/wp-json\/wp\/v2\/categories?post=9628"},{"taxonomy":"post_tag","embeddable":true,"href":"https:\/\/talivera.fr\/actualites\/wp-json\/wp\/v2\/tags?post=9628"}],"curies":[{"name":"wp","href":"https:\/\/api.w.org\/{rel}","templated":true}]}}