{"id":9504,"date":"2023-02-28T15:44:21","date_gmt":"2023-02-28T14:44:21","guid":{"rendered":"https:\/\/talivera.fr\/actualites\/?p=9504"},"modified":"2023-07-05T13:53:28","modified_gmt":"2023-07-05T11:53:28","slug":"dialoguer-avec-le-passe-une-artiste-au-service-du-devoir-de-memoire","status":"publish","type":"post","link":"https:\/\/talivera.fr\/actualites\/dialoguer-avec-le-passe-une-artiste-au-service-du-devoir-de-memoire\/","title":{"rendered":"Dialoguer avec le pass\u00e9\u00a0: une artiste au service de la m\u00e9moire collective"},"content":{"rendered":"\n<p class=\"has-text-align-justify\" style=\"font-size:17px\">Le Bicolore &#8211; Maison du Danemark nous fait d\u00e9couvrir l\u2019artiste <strong>Jane Jin Kaisen<\/strong> dans une premi\u00e8re exposition personnelle en France, \u00ab\u00a0Of Specters or Returns\u00a0\u00bb<em>, <\/em>une exposition toute de rouge v\u00eatue. <br>L\u2019artiste, n\u00e9e en Cor\u00e9e en 1980 sur l\u2019\u00eele de Jeju, a \u00e9t\u00e9 adopt\u00e9e la m\u00eame ann\u00e9e par une famille danoise. Elle est tr\u00e8s sensible aux oubli\u00e9s de l&rsquo;Histoire, \u00e0 celles et ceux que l\u2019on ne trouve pas dans les archives officielles. Elle enqu\u00eate, cherche des signes, reconstitue une m\u00e9moire personnelle et collective entre le Danemark et la Cor\u00e9e, entre le pass\u00e9 et le pr\u00e9sent, entre la grande Histoire des conflits guerriers et la petite histoire des migrations et des diasporas, et nous sensibilise \u00e0 ce que l&rsquo;Histoire a oubli\u00e9. Elle s&rsquo;engage ainsi dans une d\u00e9marche de devoir de m\u00e9moire. <br>Talivera s\u2019est rendue au vernissage et vous raconte ses impressions sur cette exposition \u00e9tonnante.<\/p>\n\n\n<div class=\"wp-block-image\">\n<figure class=\"aligncenter size-large is-resized\"><img loading=\"lazy\" decoding=\"async\" src=\"https:\/\/talivera.fr\/actualites\/wp-content\/uploads\/2023\/02\/Of-Specters-or-Returns-David-Stjernholm-3-760x950.jpg\" alt=\"\" class=\"wp-image-9509\" width=\"450\" height=\"562\" srcset=\"https:\/\/talivera.fr\/actualites\/wp-content\/uploads\/2023\/02\/Of-Specters-or-Returns-David-Stjernholm-3-760x950.jpg 760w, https:\/\/talivera.fr\/actualites\/wp-content\/uploads\/2023\/02\/Of-Specters-or-Returns-David-Stjernholm-3-240x300.jpg 240w, https:\/\/talivera.fr\/actualites\/wp-content\/uploads\/2023\/02\/Of-Specters-or-Returns-David-Stjernholm-3-768x960.jpg 768w, https:\/\/talivera.fr\/actualites\/wp-content\/uploads\/2023\/02\/Of-Specters-or-Returns-David-Stjernholm-3-1229x1536.jpg 1229w, https:\/\/talivera.fr\/actualites\/wp-content\/uploads\/2023\/02\/Of-Specters-or-Returns-David-Stjernholm-3.jpg 1500w\" sizes=\"auto, (max-width: 450px) 100vw, 450px\" \/><figcaption class=\"wp-element-caption\"><em>Of Specters or Returns<\/em> \u00a9 David Stjernholm<\/figcaption><\/figure>\n<\/div>\n\n\n<h2 class=\"wp-block-heading\">Des \u0153uvres intrigantes, un myst\u00e8re qui plane<\/h2>\n\n\n\n<p class=\"has-text-align-justify\" style=\"font-size:17px\">On entre dans l\u2019exposition comme dans un aquarium rouge sombre : l\u2019ambiance est enveloppante, p\u00e9n\u00e9trante, incite \u00e0 l\u2019exploration des \u0153uvres qui se dressent dans le d\u00e9cor et \u00e0 l\u2019observation de ce qu\u2019elles rec\u00e8lent. D\u00e8s notre entr\u00e9e dans la salle, on ressent le myst\u00e8re.<br>Sept bo\u00eetes en acrylique rouge sont pos\u00e9es sur des caissons lumineux en ch\u00eane : c&rsquo;est l&rsquo;\u0153uvre <em>Of Specters or Returns<\/em>. Chaque bo\u00eete contient des objets divers, h\u00e9t\u00e9roclites. Quand on s\u2019approche, on peut en voir le contenu et lire les inscriptions grav\u00e9es sur la surface des bo\u00eetes, des extraits de textes traduits en anglais, en cor\u00e9en et en danois. Via ces textes, l\u2019artiste met en lumi\u00e8re un travail sur la pluralit\u00e9 des langues qui la constituent, la pluralit\u00e9 de ses origines et la vis\u00e9e plurielle de la r\u00e9ception de ses \u0153uvres. <br>Les objets contenus dans les bo\u00eetes ont \u00e9t\u00e9 recueillis par l\u2019artiste en Cor\u00e9e du Nord, en Cor\u00e9e du Sud, au Danemark et aux \u00c9tats-Unis. Parmi eux, on trouve un miroir antique, des obus d\u2019artillerie, de la porcelaine royale, des sangles militaires, un lecteur de cassettes, des textes de propagande am\u00e9ricaine ou encore des livres, des pamphlets, un n\u00e9cessaire de couture, un plateau \u00e0 riz, une statuette. Ces objets sont marqu\u00e9s par le temps, par la guerre (la guerre de Cor\u00e9e, la Guerre froide), ce sont des signes minuscules de la grande Histoire qui constituent un m\u00e9morial d&rsquo;\u00e9v\u00e9nements, de traumatismes, de luttes dont il faut se ressouvenir. <\/p>\n\n\n<div class=\"wp-block-image\">\n<figure class=\"aligncenter is-resized\"><img loading=\"lazy\" decoding=\"async\" src=\"https:\/\/talivera.fr\/actualites\/wp-content\/uploads\/2023\/02\/Of-Specters-or-Returns4.Photo-David-Stjernholmjpg-634x950.jpg\" alt=\"\" class=\"wp-image-9512\" width=\"450\" height=\"674\" srcset=\"https:\/\/talivera.fr\/actualites\/wp-content\/uploads\/2023\/02\/Of-Specters-or-Returns4.Photo-David-Stjernholmjpg-634x950.jpg 634w, https:\/\/talivera.fr\/actualites\/wp-content\/uploads\/2023\/02\/Of-Specters-or-Returns4.Photo-David-Stjernholmjpg-200x300.jpg 200w, https:\/\/talivera.fr\/actualites\/wp-content\/uploads\/2023\/02\/Of-Specters-or-Returns4.Photo-David-Stjernholmjpg-768x1151.jpg 768w, https:\/\/talivera.fr\/actualites\/wp-content\/uploads\/2023\/02\/Of-Specters-or-Returns4.Photo-David-Stjernholmjpg-1025x1536.jpg 1025w, https:\/\/talivera.fr\/actualites\/wp-content\/uploads\/2023\/02\/Of-Specters-or-Returns4.Photo-David-Stjernholmjpg-1367x2048.jpg 1367w, https:\/\/talivera.fr\/actualites\/wp-content\/uploads\/2023\/02\/Of-Specters-or-Returns4.Photo-David-Stjernholmjpg.jpg 1500w\" sizes=\"auto, (max-width: 450px) 100vw, 450px\" \/><figcaption class=\"wp-element-caption\"><em>Of Specters or Returns<\/em> \u00a9 David Stjernholm<\/figcaption><\/figure>\n<\/div>\n\n\n<h2 class=\"wp-block-heading\">Une artiste engag\u00e9e pour la m\u00e9moire collective<\/h2>\n\n\n\n<p class=\"has-text-align-justify\" style=\"font-size:17px\">Une \u0153uvre est accroch\u00e9e au mur : une longue bande lumineuse rouge qui, quand on s\u2019en approche, r\u00e9v\u00e8le des photographies, des portraits de femmes. Ce sont 36 photos plac\u00e9es dans des caissons d\u2019acrylique rouge lumineux. Des images prises en Cor\u00e9e du Nord, la moiti\u00e9 d&rsquo;entre elles par Jane Jin Kaisen, l\u2019autre moiti\u00e9 par Kate Fleuron, une journaliste danoise qui s\u2019est rendue en Cor\u00e9e du Nord alors que la guerre y faisait rage. Celle-ci a voyag\u00e9 en 1951 avec une d\u00e9l\u00e9gation internationale, la F\u00e9d\u00e9ration D\u00e9mocratique Internationale des Femmes, qui a r\u00e9colt\u00e9 des entretiens avec les populations locales et a donn\u00e9 une voix aux victimes muettes de la guerre. Les images prises par Kate Fleuron et par la f\u00e9d\u00e9ration de femmes ont \u00e9t\u00e9 publi\u00e9es dans son ouvrage <em>De Cor\u00e9e du Nord<\/em> (<em>Fra NordKorea<\/em>). En 2015, Jane Jin Kaisen a fait le m\u00eame voyage avec une autre d\u00e9l\u00e9gation internationale de femmes. En rentrant au Danemark, elle a d\u00e9couvert le livre de Kate Fleuron et le lien entre son exp\u00e9rience et celle de la journaliste est apparu limpide : elle y a retrouv\u00e9 ce qu&rsquo;elle \u00e9tait partie explorer, les vies intimes des populations, femmes et enfants victimes de guerre, les traumatismes, \u00e0 pr\u00e8s de 70 ans d\u2019\u00e9cart. Un dialogue entre deux femmes, l&rsquo;une au pass\u00e9, l&rsquo;autre au pr\u00e9sent, r\u00e9unies dans une \u0153uvre. <\/p>\n\n\n<div class=\"wp-block-image\">\n<figure class=\"aligncenter size-large is-resized\"><img loading=\"lazy\" decoding=\"async\" src=\"https:\/\/talivera.fr\/actualites\/wp-content\/uploads\/2023\/02\/Apertures-Specters-Rifts-Detail.-Photo-Byunghun-Min-Halo-Studio-1-1000x667.jpg\" alt=\"\" class=\"wp-image-9521\" width=\"639\" height=\"426\" srcset=\"https:\/\/talivera.fr\/actualites\/wp-content\/uploads\/2023\/02\/Apertures-Specters-Rifts-Detail.-Photo-Byunghun-Min-Halo-Studio-1-1000x667.jpg 1000w, https:\/\/talivera.fr\/actualites\/wp-content\/uploads\/2023\/02\/Apertures-Specters-Rifts-Detail.-Photo-Byunghun-Min-Halo-Studio-1-300x200.jpg 300w, https:\/\/talivera.fr\/actualites\/wp-content\/uploads\/2023\/02\/Apertures-Specters-Rifts-Detail.-Photo-Byunghun-Min-Halo-Studio-1-768x512.jpg 768w, https:\/\/talivera.fr\/actualites\/wp-content\/uploads\/2023\/02\/Apertures-Specters-Rifts-Detail.-Photo-Byunghun-Min-Halo-Studio-1.jpg 1500w\" sizes=\"auto, (max-width: 639px) 100vw, 639px\" \/><figcaption class=\"wp-element-caption\"><em>Apertures Specters Rifts<\/em>, d\u00e9tail \u00a9 Byunghun Min-Halo Studio<\/figcaption><\/figure>\n<\/div>\n\n\n<p class=\"has-text-align-justify\" style=\"font-size:17px\">Une autre \u0153uvre fait \u00e9tat d\u2019une recherche de m\u00e9moire, d\u2019un d\u00e9terrement litt\u00e9ral du pass\u00e9 : il s\u2019agit d\u2019une vid\u00e9o projet\u00e9e sur un large \u00e9cran qui montre un d\u00e9tecteur de mines fouissant un tapis forestier. Cette vid\u00e9o a \u00e9t\u00e9 prise \u00e0 la fronti\u00e8re entre les deux Cor\u00e9es, l\u2019une des zones les plus militaris\u00e9es au monde. R\u00e9guli\u00e8rement, le d\u00e9tecteur sonne et une mine est d\u00e9terr\u00e9e par une personne en habit de camouflage. La symbolique est forte : on d\u00e9terre le pass\u00e9, on fait resurgir les signes, on recouvre la m\u00e9moire enfouie sous la terre et sous le temps. Ironiquement, cette zone hautement militaris\u00e9e, cachant les traumatismes de la guerre en son sein, est aussi une large bande de nature vierge et luxuriante. Il faut aller sous la surface pour retrouver les traces du pass\u00e9. <\/p>\n\n\n\n<blockquote class=\"wp-block-quote is-layout-flow wp-block-quote-is-layout-flow\">\n<p class=\"has-text-align-justify\">\u00ab&nbsp;Ce qui m\u2019attire, ce sont les espaces qui offrent le loisir d\u2019un dialogue avec les spectres qui les hantent, les traces feutr\u00e9es des catastrophes et les traumatismes transg\u00e9n\u00e9rationnels qui travaillent en souterrain, sous la surface des choses.&nbsp;\u00bb <\/p>\n<cite>Jane Jin Kaisen<\/cite><\/blockquote>\n\n\n\n<p style=\"font-size:17px\">Si l\u2019Histoire perd la m\u00e9moire, Jane Jin Kaisen, elle, s\u2019emploie \u00e0 nous la rendre.<\/p>\n\n\n\n<p style=\"font-size:17px\">L&rsquo;exposition est \u00e0 d\u00e9couvrir au Bicolore &#8211; Maison du Danemark jusqu&rsquo;au 23 avril 2023.<\/p>\n\n\n\n<p class=\"has-text-align-right\" style=\"font-size:17px\"><strong>Cl\u00e9o Ragasol<\/strong><\/p>\n","protected":false},"excerpt":{"rendered":"<p>Le Bicolore &#8211; Maison du Danemark nous fait d\u00e9couvrir l\u2019artiste Jane Jin Kaisen dans une premi\u00e8re exposition personnelle en France, \u00ab\u00a0Of Specters or Returns\u00a0\u00bb, une exposition toute de rouge v\u00eatue. L\u2019artiste, n\u00e9e en Cor\u00e9e en 1980 sur l\u2019\u00eele de Jeju, a \u00e9t\u00e9 adopt\u00e9e la m\u00eame ann\u00e9e par une famille danoise. Elle est tr\u00e8s sensible aux &hellip;<\/p>\n<p class=\"read-more\"> <a class=\"\" href=\"https:\/\/talivera.fr\/actualites\/dialoguer-avec-le-passe-une-artiste-au-service-du-devoir-de-memoire\/\"> <span class=\"screen-reader-text\">Dialoguer avec le pass\u00e9\u00a0: une artiste au service de la m\u00e9moire collective<\/span> Lire la suite\u00a0\u00bb<\/a><\/p>\n","protected":false},"author":1,"featured_media":9528,"comment_status":"open","ping_status":"open","sticky":false,"template":"","format":"standard","meta":{"_jetpack_memberships_contains_paid_content":false,"footnotes":""},"categories":[255,136,21,124],"tags":[],"class_list":["post-9504","post","type-post","status-publish","format-standard","has-post-thumbnail","hentry","category-actu-art","category-zoom-exposition","category-exposition-2","category-xxieme-siecle"],"yoast_head":"<!-- This site is optimized with the Yoast SEO plugin v24.9 - https:\/\/yoast.com\/wordpress\/plugins\/seo\/ -->\n<title>Jane Jin Kaisen : l&#039;artiste qui dialogue avec le pass\u00e9<\/title>\n<meta name=\"description\" content=\"\u00c0 l&#039;occasion de la premi\u00e8re exposition de Jane Jin Kaisen au Bicolore - Maison du Danemark, Talivera vous en dit plus sur l&#039;artiste.\" \/>\n<meta name=\"robots\" content=\"index, follow, max-snippet:-1, max-image-preview:large, max-video-preview:-1\" \/>\n<link rel=\"canonical\" href=\"https:\/\/talivera.fr\/actualites\/dialoguer-avec-le-passe-une-artiste-au-service-du-devoir-de-memoire\/\" \/>\n<meta property=\"og:locale\" content=\"fr_FR\" \/>\n<meta property=\"og:type\" content=\"article\" \/>\n<meta property=\"og:title\" content=\"Jane Jin Kaisen : l&#039;artiste qui dialogue avec le pass\u00e9\" \/>\n<meta property=\"og:description\" content=\"\u00c0 l&#039;occasion de la premi\u00e8re exposition de Jane Jin Kaisen au Bicolore - Maison du Danemark, Talivera vous en dit plus sur l&#039;artiste.\" \/>\n<meta property=\"og:url\" content=\"https:\/\/talivera.fr\/actualites\/dialoguer-avec-le-passe-une-artiste-au-service-du-devoir-de-memoire\/\" \/>\n<meta property=\"og:site_name\" content=\"Culture Bien-\u00eatre\" \/>\n<meta property=\"article:author\" content=\"https:\/\/www.facebook.com\/sortirdecouvrir\/\" \/>\n<meta property=\"article:published_time\" content=\"2023-02-28T14:44:21+00:00\" \/>\n<meta property=\"article:modified_time\" content=\"2023-07-05T11:53:28+00:00\" \/>\n<meta property=\"og:image\" content=\"https:\/\/talivera.fr\/actualites\/wp-content\/uploads\/2023\/02\/Image-mise-en-avant-1.png\" \/>\n\t<meta property=\"og:image:width\" content=\"1920\" \/>\n\t<meta property=\"og:image:height\" content=\"760\" \/>\n\t<meta property=\"og:image:type\" content=\"image\/png\" \/>\n<meta name=\"author\" content=\"talivera\" \/>\n<meta name=\"twitter:card\" content=\"summary_large_image\" \/>\n<meta name=\"twitter:creator\" content=\"@https:\/\/twitter.com\/talivera_\" \/>\n<meta name=\"twitter:label1\" content=\"\u00c9crit par\" \/>\n\t<meta name=\"twitter:data1\" content=\"talivera\" \/>\n<script type=\"application\/ld+json\" class=\"yoast-schema-graph\">{\"@context\":\"https:\/\/schema.org\",\"@graph\":[{\"@type\":\"Article\",\"@id\":\"https:\/\/talivera.fr\/actualites\/dialoguer-avec-le-passe-une-artiste-au-service-du-devoir-de-memoire\/#article\",\"isPartOf\":{\"@id\":\"https:\/\/talivera.fr\/actualites\/dialoguer-avec-le-passe-une-artiste-au-service-du-devoir-de-memoire\/\"},\"author\":{\"name\":\"talivera\",\"@id\":\"https:\/\/talivera.fr\/actualites\/#\/schema\/person\/6f7da364c6dd2c35a1268d64d87d2133\"},\"headline\":\"Dialoguer avec le pass\u00e9\u00a0: une artiste au service de la m\u00e9moire collective\",\"datePublished\":\"2023-02-28T14:44:21+00:00\",\"dateModified\":\"2023-07-05T11:53:28+00:00\",\"mainEntityOfPage\":{\"@id\":\"https:\/\/talivera.fr\/actualites\/dialoguer-avec-le-passe-une-artiste-au-service-du-devoir-de-memoire\/\"},\"wordCount\":954,\"commentCount\":1,\"publisher\":{\"@id\":\"https:\/\/talivera.fr\/actualites\/#organization\"},\"image\":{\"@id\":\"https:\/\/talivera.fr\/actualites\/dialoguer-avec-le-passe-une-artiste-au-service-du-devoir-de-memoire\/#primaryimage\"},\"thumbnailUrl\":\"https:\/\/talivera.fr\/actualites\/wp-content\/uploads\/2023\/02\/Image-mise-en-avant-1.png\",\"articleSection\":[\"Actu Art\",\"\u00c9v\u00e8nement\",\"Exposition\",\"XXI\u00e8me si\u00e8cle\"],\"inLanguage\":\"fr-FR\",\"potentialAction\":[{\"@type\":\"CommentAction\",\"name\":\"Comment\",\"target\":[\"https:\/\/talivera.fr\/actualites\/dialoguer-avec-le-passe-une-artiste-au-service-du-devoir-de-memoire\/#respond\"]}]},{\"@type\":\"WebPage\",\"@id\":\"https:\/\/talivera.fr\/actualites\/dialoguer-avec-le-passe-une-artiste-au-service-du-devoir-de-memoire\/\",\"url\":\"https:\/\/talivera.fr\/actualites\/dialoguer-avec-le-passe-une-artiste-au-service-du-devoir-de-memoire\/\",\"name\":\"Jane Jin Kaisen : l'artiste qui dialogue avec le pass\u00e9\",\"isPartOf\":{\"@id\":\"https:\/\/talivera.fr\/actualites\/#website\"},\"primaryImageOfPage\":{\"@id\":\"https:\/\/talivera.fr\/actualites\/dialoguer-avec-le-passe-une-artiste-au-service-du-devoir-de-memoire\/#primaryimage\"},\"image\":{\"@id\":\"https:\/\/talivera.fr\/actualites\/dialoguer-avec-le-passe-une-artiste-au-service-du-devoir-de-memoire\/#primaryimage\"},\"thumbnailUrl\":\"https:\/\/talivera.fr\/actualites\/wp-content\/uploads\/2023\/02\/Image-mise-en-avant-1.png\",\"datePublished\":\"2023-02-28T14:44:21+00:00\",\"dateModified\":\"2023-07-05T11:53:28+00:00\",\"description\":\"\u00c0 l'occasion de la premi\u00e8re exposition de Jane Jin Kaisen au Bicolore - Maison du Danemark, Talivera vous en dit plus sur l'artiste.\",\"breadcrumb\":{\"@id\":\"https:\/\/talivera.fr\/actualites\/dialoguer-avec-le-passe-une-artiste-au-service-du-devoir-de-memoire\/#breadcrumb\"},\"inLanguage\":\"fr-FR\",\"potentialAction\":[{\"@type\":\"ReadAction\",\"target\":[\"https:\/\/talivera.fr\/actualites\/dialoguer-avec-le-passe-une-artiste-au-service-du-devoir-de-memoire\/\"]}]},{\"@type\":\"ImageObject\",\"inLanguage\":\"fr-FR\",\"@id\":\"https:\/\/talivera.fr\/actualites\/dialoguer-avec-le-passe-une-artiste-au-service-du-devoir-de-memoire\/#primaryimage\",\"url\":\"https:\/\/talivera.fr\/actualites\/wp-content\/uploads\/2023\/02\/Image-mise-en-avant-1.png\",\"contentUrl\":\"https:\/\/talivera.fr\/actualites\/wp-content\/uploads\/2023\/02\/Image-mise-en-avant-1.png\",\"width\":1920,\"height\":760},{\"@type\":\"BreadcrumbList\",\"@id\":\"https:\/\/talivera.fr\/actualites\/dialoguer-avec-le-passe-une-artiste-au-service-du-devoir-de-memoire\/#breadcrumb\",\"itemListElement\":[{\"@type\":\"ListItem\",\"position\":1,\"name\":\"Home\",\"item\":\"https:\/\/talivera.fr\/actualites\/\"},{\"@type\":\"ListItem\",\"position\":2,\"name\":\"Dialoguer avec le pass\u00e9\u00a0: une artiste au service de la m\u00e9moire collective\"}]},{\"@type\":\"WebSite\",\"@id\":\"https:\/\/talivera.fr\/actualites\/#website\",\"url\":\"https:\/\/talivera.fr\/actualites\/\",\"name\":\"Culture Bien-\u00eatre\",\"description\":\"Talivera, plus proche de la culture\",\"publisher\":{\"@id\":\"https:\/\/talivera.fr\/actualites\/#organization\"},\"potentialAction\":[{\"@type\":\"SearchAction\",\"target\":{\"@type\":\"EntryPoint\",\"urlTemplate\":\"https:\/\/talivera.fr\/actualites\/?s={search_term_string}\"},\"query-input\":{\"@type\":\"PropertyValueSpecification\",\"valueRequired\":true,\"valueName\":\"search_term_string\"}}],\"inLanguage\":\"fr-FR\"},{\"@type\":\"Organization\",\"@id\":\"https:\/\/talivera.fr\/actualites\/#organization\",\"name\":\"Culture Bien-\u00eatre\",\"url\":\"https:\/\/talivera.fr\/actualites\/\",\"logo\":{\"@type\":\"ImageObject\",\"inLanguage\":\"fr-FR\",\"@id\":\"https:\/\/talivera.fr\/actualites\/#\/schema\/logo\/image\/\",\"url\":\"https:\/\/talivera.fr\/actualites\/wp-content\/uploads\/2022\/06\/cropped-cropped-TALI-Logo-fond-blanc-SS-220513.png\",\"contentUrl\":\"https:\/\/talivera.fr\/actualites\/wp-content\/uploads\/2022\/06\/cropped-cropped-TALI-Logo-fond-blanc-SS-220513.png\",\"width\":760,\"height\":272,\"caption\":\"Culture Bien-\u00eatre\"},\"image\":{\"@id\":\"https:\/\/talivera.fr\/actualites\/#\/schema\/logo\/image\/\"}},{\"@type\":\"Person\",\"@id\":\"https:\/\/talivera.fr\/actualites\/#\/schema\/person\/6f7da364c6dd2c35a1268d64d87d2133\",\"name\":\"talivera\",\"image\":{\"@type\":\"ImageObject\",\"inLanguage\":\"fr-FR\",\"@id\":\"https:\/\/talivera.fr\/actualites\/#\/schema\/person\/image\/\",\"url\":\"https:\/\/secure.gravatar.com\/avatar\/9cc99a2be3b13f52ccf55b39d3952bc77029d605431f7c7570ce9a2963513de9?s=96&d=mm&r=g\",\"contentUrl\":\"https:\/\/secure.gravatar.com\/avatar\/9cc99a2be3b13f52ccf55b39d3952bc77029d605431f7c7570ce9a2963513de9?s=96&d=mm&r=g\",\"caption\":\"talivera\"},\"sameAs\":[\"https:\/\/talivera.fr\",\"https:\/\/www.facebook.com\/sortirdecouvrir\/\",\"https:\/\/www.instagram.com\/talivera_\/?hl=fr\",\"https:\/\/x.com\/https:\/\/twitter.com\/talivera_\"],\"url\":\"https:\/\/talivera.fr\/actualites\/author\/talivera\/\"}]}<\/script>\n<!-- \/ Yoast SEO plugin. -->","yoast_head_json":{"title":"Jane Jin Kaisen : l'artiste qui dialogue avec le pass\u00e9","description":"\u00c0 l'occasion de la premi\u00e8re exposition de Jane Jin Kaisen au Bicolore - Maison du Danemark, Talivera vous en dit plus sur l'artiste.","robots":{"index":"index","follow":"follow","max-snippet":"max-snippet:-1","max-image-preview":"max-image-preview:large","max-video-preview":"max-video-preview:-1"},"canonical":"https:\/\/talivera.fr\/actualites\/dialoguer-avec-le-passe-une-artiste-au-service-du-devoir-de-memoire\/","og_locale":"fr_FR","og_type":"article","og_title":"Jane Jin Kaisen : l'artiste qui dialogue avec le pass\u00e9","og_description":"\u00c0 l'occasion de la premi\u00e8re exposition de Jane Jin Kaisen au Bicolore - Maison du Danemark, Talivera vous en dit plus sur l'artiste.","og_url":"https:\/\/talivera.fr\/actualites\/dialoguer-avec-le-passe-une-artiste-au-service-du-devoir-de-memoire\/","og_site_name":"Culture Bien-\u00eatre","article_author":"https:\/\/www.facebook.com\/sortirdecouvrir\/","article_published_time":"2023-02-28T14:44:21+00:00","article_modified_time":"2023-07-05T11:53:28+00:00","og_image":[{"width":1920,"height":760,"url":"https:\/\/talivera.fr\/actualites\/wp-content\/uploads\/2023\/02\/Image-mise-en-avant-1.png","type":"image\/png"}],"author":"talivera","twitter_card":"summary_large_image","twitter_creator":"@https:\/\/twitter.com\/talivera_","twitter_misc":{"\u00c9crit par":"talivera"},"schema":{"@context":"https:\/\/schema.org","@graph":[{"@type":"Article","@id":"https:\/\/talivera.fr\/actualites\/dialoguer-avec-le-passe-une-artiste-au-service-du-devoir-de-memoire\/#article","isPartOf":{"@id":"https:\/\/talivera.fr\/actualites\/dialoguer-avec-le-passe-une-artiste-au-service-du-devoir-de-memoire\/"},"author":{"name":"talivera","@id":"https:\/\/talivera.fr\/actualites\/#\/schema\/person\/6f7da364c6dd2c35a1268d64d87d2133"},"headline":"Dialoguer avec le pass\u00e9\u00a0: une artiste au service de la m\u00e9moire collective","datePublished":"2023-02-28T14:44:21+00:00","dateModified":"2023-07-05T11:53:28+00:00","mainEntityOfPage":{"@id":"https:\/\/talivera.fr\/actualites\/dialoguer-avec-le-passe-une-artiste-au-service-du-devoir-de-memoire\/"},"wordCount":954,"commentCount":1,"publisher":{"@id":"https:\/\/talivera.fr\/actualites\/#organization"},"image":{"@id":"https:\/\/talivera.fr\/actualites\/dialoguer-avec-le-passe-une-artiste-au-service-du-devoir-de-memoire\/#primaryimage"},"thumbnailUrl":"https:\/\/talivera.fr\/actualites\/wp-content\/uploads\/2023\/02\/Image-mise-en-avant-1.png","articleSection":["Actu Art","\u00c9v\u00e8nement","Exposition","XXI\u00e8me si\u00e8cle"],"inLanguage":"fr-FR","potentialAction":[{"@type":"CommentAction","name":"Comment","target":["https:\/\/talivera.fr\/actualites\/dialoguer-avec-le-passe-une-artiste-au-service-du-devoir-de-memoire\/#respond"]}]},{"@type":"WebPage","@id":"https:\/\/talivera.fr\/actualites\/dialoguer-avec-le-passe-une-artiste-au-service-du-devoir-de-memoire\/","url":"https:\/\/talivera.fr\/actualites\/dialoguer-avec-le-passe-une-artiste-au-service-du-devoir-de-memoire\/","name":"Jane Jin Kaisen : l'artiste qui dialogue avec le pass\u00e9","isPartOf":{"@id":"https:\/\/talivera.fr\/actualites\/#website"},"primaryImageOfPage":{"@id":"https:\/\/talivera.fr\/actualites\/dialoguer-avec-le-passe-une-artiste-au-service-du-devoir-de-memoire\/#primaryimage"},"image":{"@id":"https:\/\/talivera.fr\/actualites\/dialoguer-avec-le-passe-une-artiste-au-service-du-devoir-de-memoire\/#primaryimage"},"thumbnailUrl":"https:\/\/talivera.fr\/actualites\/wp-content\/uploads\/2023\/02\/Image-mise-en-avant-1.png","datePublished":"2023-02-28T14:44:21+00:00","dateModified":"2023-07-05T11:53:28+00:00","description":"\u00c0 l'occasion de la premi\u00e8re exposition de Jane Jin Kaisen au Bicolore - Maison du Danemark, Talivera vous en dit plus sur l'artiste.","breadcrumb":{"@id":"https:\/\/talivera.fr\/actualites\/dialoguer-avec-le-passe-une-artiste-au-service-du-devoir-de-memoire\/#breadcrumb"},"inLanguage":"fr-FR","potentialAction":[{"@type":"ReadAction","target":["https:\/\/talivera.fr\/actualites\/dialoguer-avec-le-passe-une-artiste-au-service-du-devoir-de-memoire\/"]}]},{"@type":"ImageObject","inLanguage":"fr-FR","@id":"https:\/\/talivera.fr\/actualites\/dialoguer-avec-le-passe-une-artiste-au-service-du-devoir-de-memoire\/#primaryimage","url":"https:\/\/talivera.fr\/actualites\/wp-content\/uploads\/2023\/02\/Image-mise-en-avant-1.png","contentUrl":"https:\/\/talivera.fr\/actualites\/wp-content\/uploads\/2023\/02\/Image-mise-en-avant-1.png","width":1920,"height":760},{"@type":"BreadcrumbList","@id":"https:\/\/talivera.fr\/actualites\/dialoguer-avec-le-passe-une-artiste-au-service-du-devoir-de-memoire\/#breadcrumb","itemListElement":[{"@type":"ListItem","position":1,"name":"Home","item":"https:\/\/talivera.fr\/actualites\/"},{"@type":"ListItem","position":2,"name":"Dialoguer avec le pass\u00e9\u00a0: une artiste au service de la m\u00e9moire collective"}]},{"@type":"WebSite","@id":"https:\/\/talivera.fr\/actualites\/#website","url":"https:\/\/talivera.fr\/actualites\/","name":"Culture Bien-\u00eatre","description":"Talivera, plus proche de la culture","publisher":{"@id":"https:\/\/talivera.fr\/actualites\/#organization"},"potentialAction":[{"@type":"SearchAction","target":{"@type":"EntryPoint","urlTemplate":"https:\/\/talivera.fr\/actualites\/?s={search_term_string}"},"query-input":{"@type":"PropertyValueSpecification","valueRequired":true,"valueName":"search_term_string"}}],"inLanguage":"fr-FR"},{"@type":"Organization","@id":"https:\/\/talivera.fr\/actualites\/#organization","name":"Culture Bien-\u00eatre","url":"https:\/\/talivera.fr\/actualites\/","logo":{"@type":"ImageObject","inLanguage":"fr-FR","@id":"https:\/\/talivera.fr\/actualites\/#\/schema\/logo\/image\/","url":"https:\/\/talivera.fr\/actualites\/wp-content\/uploads\/2022\/06\/cropped-cropped-TALI-Logo-fond-blanc-SS-220513.png","contentUrl":"https:\/\/talivera.fr\/actualites\/wp-content\/uploads\/2022\/06\/cropped-cropped-TALI-Logo-fond-blanc-SS-220513.png","width":760,"height":272,"caption":"Culture Bien-\u00eatre"},"image":{"@id":"https:\/\/talivera.fr\/actualites\/#\/schema\/logo\/image\/"}},{"@type":"Person","@id":"https:\/\/talivera.fr\/actualites\/#\/schema\/person\/6f7da364c6dd2c35a1268d64d87d2133","name":"talivera","image":{"@type":"ImageObject","inLanguage":"fr-FR","@id":"https:\/\/talivera.fr\/actualites\/#\/schema\/person\/image\/","url":"https:\/\/secure.gravatar.com\/avatar\/9cc99a2be3b13f52ccf55b39d3952bc77029d605431f7c7570ce9a2963513de9?s=96&d=mm&r=g","contentUrl":"https:\/\/secure.gravatar.com\/avatar\/9cc99a2be3b13f52ccf55b39d3952bc77029d605431f7c7570ce9a2963513de9?s=96&d=mm&r=g","caption":"talivera"},"sameAs":["https:\/\/talivera.fr","https:\/\/www.facebook.com\/sortirdecouvrir\/","https:\/\/www.instagram.com\/talivera_\/?hl=fr","https:\/\/x.com\/https:\/\/twitter.com\/talivera_"],"url":"https:\/\/talivera.fr\/actualites\/author\/talivera\/"}]}},"jetpack_featured_media_url":"https:\/\/talivera.fr\/actualites\/wp-content\/uploads\/2023\/02\/Image-mise-en-avant-1.png","jetpack_sharing_enabled":true,"_links":{"self":[{"href":"https:\/\/talivera.fr\/actualites\/wp-json\/wp\/v2\/posts\/9504","targetHints":{"allow":["GET"]}}],"collection":[{"href":"https:\/\/talivera.fr\/actualites\/wp-json\/wp\/v2\/posts"}],"about":[{"href":"https:\/\/talivera.fr\/actualites\/wp-json\/wp\/v2\/types\/post"}],"author":[{"embeddable":true,"href":"https:\/\/talivera.fr\/actualites\/wp-json\/wp\/v2\/users\/1"}],"replies":[{"embeddable":true,"href":"https:\/\/talivera.fr\/actualites\/wp-json\/wp\/v2\/comments?post=9504"}],"version-history":[{"count":33,"href":"https:\/\/talivera.fr\/actualites\/wp-json\/wp\/v2\/posts\/9504\/revisions"}],"predecessor-version":[{"id":10963,"href":"https:\/\/talivera.fr\/actualites\/wp-json\/wp\/v2\/posts\/9504\/revisions\/10963"}],"wp:featuredmedia":[{"embeddable":true,"href":"https:\/\/talivera.fr\/actualites\/wp-json\/wp\/v2\/media\/9528"}],"wp:attachment":[{"href":"https:\/\/talivera.fr\/actualites\/wp-json\/wp\/v2\/media?parent=9504"}],"wp:term":[{"taxonomy":"category","embeddable":true,"href":"https:\/\/talivera.fr\/actualites\/wp-json\/wp\/v2\/categories?post=9504"},{"taxonomy":"post_tag","embeddable":true,"href":"https:\/\/talivera.fr\/actualites\/wp-json\/wp\/v2\/tags?post=9504"}],"curies":[{"name":"wp","href":"https:\/\/api.w.org\/{rel}","templated":true}]}}