{"id":930,"date":"2019-06-19T11:51:06","date_gmt":"2019-06-19T09:51:06","guid":{"rendered":"https:\/\/talivera.fr\/actualites\/?p=930"},"modified":"2020-12-16T18:02:22","modified_gmt":"2020-12-16T17:02:22","slug":"les-passages-de-paris-vus-de-linterieur","status":"publish","type":"post","link":"https:\/\/talivera.fr\/actualites\/les-passages-de-paris-vus-de-linterieur\/","title":{"rendered":"Les passages de Paris vus de l&rsquo;int\u00e9rieur !"},"content":{"rendered":"\n<p class=\"has-medium-font-size\">Au XIX\u00e8me, pas moins de 150 passages structur\u00e8rent peu \u00e0 peu la ville pour permettre aux \u00ab&nbsp;passants&nbsp;\u00bb les plus fortun\u00e9s de faire leurs promenades et leurs courses \u00e0 l\u2019abri. <strong>Paris <\/strong>fut la <strong>premi\u00e8re ville <\/strong>\u00e0 engager ce genre d&rsquo;architecture qui s&rsquo;exporta ensuite en raison de son succ\u00e8s ! <\/p>\n\n\n\n<h2 class=\"wp-block-heading\"> \u231b <strong>Le pass\u00e9 des passages <\/strong>&#8230; \u23f3<\/h2>\n\n\n\n<p class=\"has-very-light-gray-background-color has-background\">Construits au XIX\u00e8me, les passages de Paris sont concentr\u00e9s pour la plupart entre le IIe et IXe arrondissement. Ils c\u00f4toient les th\u00e9\u00e2tres et les boulevards anim\u00e9s. Des marchands en tous genres s\u2019y installent&nbsp;: imprimeurs, libraires, grossistes \u2026 Ces lieux deviennent \u00e0 la mode, on s&rsquo;y montre et on s&rsquo;y amuse\u2026  On y croise une foule h\u00e9t\u00e9rog\u00e8ne, repr\u00e9sentative de la soci\u00e9t\u00e9 parisienne du XIX\u00e8me : l&rsquo;aristocratie c\u00f4toie la haute bourgeoisie, et on y rencontre \u00e9galement des prostitu\u00e9es et pickpockets. <\/p>\n\n\n\n<h2 class=\"wp-block-heading\">  \ud83c\udf89 <strong>Les passages, survivants des travaux d\u2019Haussmann&nbsp;!<\/strong>\ud83c\udf89  <\/h2>\n\n\n\n<p class=\"has-very-light-gray-background-color has-background\">Si l\u2019image du baron Haussmann est souvent celle d\u2019un homme qui a redonn\u00e9 \u00e0 Paris son faste, c\u2019est aussi lui qui a mis \u00e0 plat un bon nombres de passages couverts pour favoriser l\u2019essor de grands magasins. Jusqu&rsquo;\u00e0 150 passages couverts qui permettaient de traverser Paris de mani\u00e8re agr\u00e9able et utile ! La capitale s&rsquo;est transform\u00e9e mais, certains sont encore pr\u00e9sents aujourd\u2019hui, au nombre de 30. <\/p>\n\n\n\n<div class=\"wp-block-image\"><figure class=\"aligncenter is-resized\"><img loading=\"lazy\" decoding=\"async\" src=\"https:\/\/talivera.fr\/actualites\/wp-content\/uploads\/2019\/06\/haussmann-1024x808.jpg\" alt=\"\" class=\"wp-image-935\" width=\"460\" height=\"362\" srcset=\"https:\/\/talivera.fr\/actualites\/wp-content\/uploads\/2019\/06\/haussmann.jpg 1024w, https:\/\/talivera.fr\/actualites\/wp-content\/uploads\/2019\/06\/haussmann-300x237.jpg 300w, https:\/\/talivera.fr\/actualites\/wp-content\/uploads\/2019\/06\/haussmann-768x606.jpg 768w\" sizes=\"auto, (max-width: 460px) 100vw, 460px\" \/><figcaption> <em>Avenue de l&rsquo;Op\u00e9ra, soleil, matin\u00e9e d&rsquo;hiver<\/em>, Camille Pissaro, 1898, Reims, Mus\u00e9e des Beaux Arts<br><br><br> <\/figcaption><\/figure><\/div>\n\n\n\n<p class=\"has-very-light-gray-background-color has-background\">Class\u00e9s pour certains monuments historiques, ils valent tous le d\u00e9tour&nbsp;! <\/p>\n\n\n\n<h2 class=\"wp-block-heading\"> \ud83d\udc4f <strong>Les petites mains des passages<\/strong> \ud83d\udc4f <\/h2>\n\n\n\n<p class=\"has-very-light-gray-background-color has-background\">Construits pour abriter les Parisiens des intemp\u00e9ries et des\nembarras de la rue, les passages \u00e9taient avant tout des lieux o\u00f9 il faisait bon\n\u00eatre vu. Les mondanit\u00e9s \u00e9taient d\u2019usage et aucun d\u00e9tail ne devait \u00e9chapper. <\/p>\n\n\n\n<p class=\"has-very-light-gray-background-color has-background\">Apr\u00e8s avoir rendu visite aux modistes, chapeliers et autres\nbijoutiers, les parisiens devaient quitter un passage pour se rendre dans un\nautre&nbsp;! <\/p>\n\n\n\n<p class=\"has-very-light-gray-background-color has-background\">Paris o\u00f9 plut\u00f4t \u00ab&nbsp;Lutetia&nbsp;\u00bb, signifie \u00ab&nbsp;ville de boue&nbsp;\u00bb et on imagine bien que d\u00e9barquer dans un passage les pieds pleins de boue pouvait porter pr\u00e9judice aux bourgeois et gentes dames.<\/p>\n\n\n\n<p class=\"has-very-light-gray-background-color has-background\">C\u2019est pr\u00e9cis\u00e9ment \u00e0 cela que servaient les d\u00e9crotteurs. Leur mission ? Nettoyer les souliers des passants contre quelques sous&nbsp;!<\/p>\n\n\n\n<h2 class=\"wp-block-heading\"> \ud83d\udccd Et si vous y passiez ?\ud83d\udccd<\/h2>\n\n\n\n<p class=\"has-very-light-gray-background-color has-background\"> \ud83d\udd38  Le plus long passage de Paris est le passage du Caire, situ\u00e9 dans le deuxi\u00e8me arrondissement. Il mesure 360 m\u00e8tres de long ! \ud83c\udfc3\u200d\u2640\ufe0f<\/p>\n\n\n\n<p class=\"has-very-light-gray-background-color has-background\"> \ud83d\udd38  Envie d\u2019\u00e9vasion&nbsp;? Rendez-vous au Passage Brady ! C&rsquo;est le passage le plus exotique de la capitale o\u00f9 l\u2019on peut trouver des restaurant indiens, pakistanais et r\u00e9unionnais, mais aussi des magasins de d\u00e9guisements. Une vraie initiation au voyage pour ce passage en deux parties&nbsp;! \ud83e\udd58<\/p>\n\n\n\n<p class=\"has-very-light-gray-background-color has-background\"> \ud83d\udd38  Moli\u00e8re ma\u00eetrisait les lettres mais pas les chiffres&nbsp;! Dans le passage Moli\u00e8re situ\u00e9 dans le III\u00e8me arrondissement, les num\u00e9ros des immeubles suivent une progression en sens inverse des aiguilles d\u2019une montre. Peu commun !   \ud83d\ude2e<\/p>\n\n\n\n<div class=\"wp-block-image\"><figure class=\"aligncenter is-resized\"><img loading=\"lazy\" decoding=\"async\" src=\"https:\/\/talivera.fr\/actualites\/wp-content\/uploads\/2019\/06\/moliere-762x1024.jpg\" alt=\"\" class=\"wp-image-937\" width=\"401\" height=\"539\" srcset=\"https:\/\/talivera.fr\/actualites\/wp-content\/uploads\/2019\/06\/moliere-762x1024.jpg 762w, https:\/\/talivera.fr\/actualites\/wp-content\/uploads\/2019\/06\/moliere-223x300.jpg 223w, https:\/\/talivera.fr\/actualites\/wp-content\/uploads\/2019\/06\/moliere-768x1032.jpg 768w, https:\/\/talivera.fr\/actualites\/wp-content\/uploads\/2019\/06\/moliere.jpg 1489w\" sizes=\"auto, (max-width: 401px) 100vw, 401px\" \/><figcaption><em>Passage Moli\u00e8re<\/em><\/figcaption><\/figure><\/div>\n\n\n\n<p class=\"has-very-light-gray-background-color has-background\"> \ud83d\udd38  Faire des affaires dans un passage&nbsp;? C\u2019est possible&nbsp;! La preuve&nbsp;Passage des Panoramas. C\u2019est l\u00e0 que la boutique Susse proposait un choix d\u2019articles les plus vari\u00e9s&nbsp;: articles de fantaisie, corbeilles de mariage et de bapt\u00eame, agendas, \u00e9ventails, flacons, bonbonni\u00e8res, papiers \u00e0 lettres gaufr\u00e9s ou d\u00e9cor\u00e9s, jeux de soci\u00e9t\u00e9, jouets m\u00e9caniques\u2026 Mais cette boutique recelait d\u2019objets bien plus int\u00e9ressants&nbsp;! Alexandre Dumas y acheta pour 6 francs un chef d\u2019\u0153uvre de Delacroix, \u00ab&nbsp;Le Tasse dans la Prison des Fous&nbsp;\u00bb. Il le revendit, en 1866, 15&nbsp;000 francs&nbsp;! Une sacr\u00e9e affaire.  \ud83d\udc68\u200d\ud83c\udfa8 <\/p>\n\n\n\n<div class=\"wp-block-image\"><figure class=\"aligncenter is-resized\"><img loading=\"lazy\" decoding=\"async\" src=\"https:\/\/talivera.fr\/actualites\/wp-content\/uploads\/2019\/06\/pano-768x1024.jpg\" alt=\"\" class=\"wp-image-936\" width=\"253\" height=\"337\" srcset=\"https:\/\/talivera.fr\/actualites\/wp-content\/uploads\/2019\/06\/pano.jpg 768w, https:\/\/talivera.fr\/actualites\/wp-content\/uploads\/2019\/06\/pano-225x300.jpg 225w\" sizes=\"auto, (max-width: 253px) 100vw, 253px\" \/><figcaption><em>Passage des Panorama <\/em><\/figcaption><\/figure><\/div>\n\n\n\n<p><\/p>\n\n\n\n<p><\/p>\n\n\n\n<p class=\"has-text-color has-background\" style=\"background-color:#4c458d;color:#fffcfc\"><a href=\"https:\/\/talivera.fr\/paris\/les-passages-couverts-la-face-cachee-de-paris-a3\">Cliquez ici pour assister \u00e0 la prochaine sortie :  Les passages couverts, la face cach\u00e9e de Paris ! Prochaine date le 5 juillet, 18h30. <\/a><\/p>\n\n\n\n<p class=\"has-text-color has-background\" style=\"background-color:#4c458d;color:#fffcfc\">\n\nRestons connect\u00e9s, rejoignez-nous sur&nbsp;<strong><a href=\"https:\/\/www.instagram.com\/talivera_\/?hl=fr\">Instagram<\/a><\/strong>&nbsp;et&nbsp;<strong><a href=\"https:\/\/www.facebook.com\/sortirdecouvrir\/\">Facebook<\/a><\/strong> \ud83d\ude0a\n\n<\/p>\n","protected":false},"excerpt":{"rendered":"<p>Au XIX\u00e8me, pas moins de 150 passages structur\u00e8rent peu \u00e0 peu la ville pour permettre aux \u00ab&nbsp;passants&nbsp;\u00bb les plus fortun\u00e9s de faire leurs promenades et leurs courses \u00e0 l\u2019abri. Paris fut la premi\u00e8re ville \u00e0 engager ce genre d&rsquo;architecture qui s&rsquo;exporta ensuite en raison de son succ\u00e8s ! \u231b Le pass\u00e9 des passages &#8230; \u23f3 &hellip;<\/p>\n<p class=\"read-more\"> <a class=\"\" href=\"https:\/\/talivera.fr\/actualites\/les-passages-de-paris-vus-de-linterieur\/\"> <span class=\"screen-reader-text\">Les passages de Paris vus de l&rsquo;int\u00e9rieur !<\/span> Lire la suite\u00a0\u00bb<\/a><\/p>\n","protected":false},"author":1,"featured_media":1003,"comment_status":"open","ping_status":"open","sticky":false,"template":"","format":"standard","meta":{"_jetpack_memberships_contains_paid_content":false,"footnotes":""},"categories":[197,28],"tags":[],"class_list":["post-930","post","type-post","status-publish","format-standard","has-post-thumbnail","hentry","category-le-bien-etre-grace-a-la-culture","category-paris"],"yoast_head":"<!-- This site is optimized with the Yoast SEO plugin v24.9 - https:\/\/yoast.com\/wordpress\/plugins\/seo\/ -->\n<title>Les passages de Paris vus de l&#039;int\u00e9rieur ! - Culture Bien-\u00eatre<\/title>\n<meta name=\"description\" content=\"Plongez avec TALIVERA dans les passages de Paris, ces lieux couverts peu connus pas les parisiens eux m\u00eames !\" \/>\n<meta name=\"robots\" content=\"index, follow, max-snippet:-1, max-image-preview:large, max-video-preview:-1\" \/>\n<link rel=\"canonical\" href=\"https:\/\/talivera.fr\/actualites\/les-passages-de-paris-vus-de-linterieur\/\" \/>\n<meta property=\"og:locale\" content=\"fr_FR\" \/>\n<meta property=\"og:type\" content=\"article\" \/>\n<meta property=\"og:title\" content=\"Les passages de Paris vus de l&#039;int\u00e9rieur ! - Culture Bien-\u00eatre\" \/>\n<meta property=\"og:description\" content=\"Plongez avec TALIVERA dans les passages de Paris, ces lieux couverts peu connus pas les parisiens eux m\u00eames !\" \/>\n<meta property=\"og:url\" content=\"https:\/\/talivera.fr\/actualites\/les-passages-de-paris-vus-de-linterieur\/\" \/>\n<meta property=\"og:site_name\" content=\"Culture Bien-\u00eatre\" \/>\n<meta property=\"article:author\" content=\"https:\/\/www.facebook.com\/sortirdecouvrir\/\" \/>\n<meta property=\"article:published_time\" content=\"2019-06-19T09:51:06+00:00\" \/>\n<meta property=\"article:modified_time\" content=\"2020-12-16T17:02:22+00:00\" \/>\n<meta property=\"og:image\" content=\"https:\/\/talivera.fr\/actualites\/wp-content\/uploads\/2019\/06\/vivienne-768x937-1.jpg\" \/>\n\t<meta property=\"og:image:width\" content=\"760\" \/>\n\t<meta property=\"og:image:height\" content=\"723\" \/>\n\t<meta property=\"og:image:type\" content=\"image\/jpeg\" \/>\n<meta name=\"author\" content=\"talivera\" \/>\n<meta name=\"twitter:card\" content=\"summary_large_image\" \/>\n<meta name=\"twitter:creator\" content=\"@https:\/\/twitter.com\/talivera_\" \/>\n<meta name=\"twitter:label1\" content=\"\u00c9crit par\" \/>\n\t<meta name=\"twitter:data1\" content=\"talivera\" \/>\n\t<meta name=\"twitter:label2\" content=\"Dur\u00e9e de lecture estim\u00e9e\" \/>\n\t<meta name=\"twitter:data2\" content=\"3 minutes\" \/>\n<script type=\"application\/ld+json\" class=\"yoast-schema-graph\">{\"@context\":\"https:\/\/schema.org\",\"@graph\":[{\"@type\":\"Article\",\"@id\":\"https:\/\/talivera.fr\/actualites\/les-passages-de-paris-vus-de-linterieur\/#article\",\"isPartOf\":{\"@id\":\"https:\/\/talivera.fr\/actualites\/les-passages-de-paris-vus-de-linterieur\/\"},\"author\":{\"name\":\"talivera\",\"@id\":\"https:\/\/talivera.fr\/actualites\/#\/schema\/person\/6f7da364c6dd2c35a1268d64d87d2133\"},\"headline\":\"Les passages de Paris vus de l&rsquo;int\u00e9rieur !\",\"datePublished\":\"2019-06-19T09:51:06+00:00\",\"dateModified\":\"2020-12-16T17:02:22+00:00\",\"mainEntityOfPage\":{\"@id\":\"https:\/\/talivera.fr\/actualites\/les-passages-de-paris-vus-de-linterieur\/\"},\"wordCount\":649,\"commentCount\":0,\"publisher\":{\"@id\":\"https:\/\/talivera.fr\/actualites\/#organization\"},\"image\":{\"@id\":\"https:\/\/talivera.fr\/actualites\/les-passages-de-paris-vus-de-linterieur\/#primaryimage\"},\"thumbnailUrl\":\"https:\/\/talivera.fr\/actualites\/wp-content\/uploads\/2019\/06\/vivienne-768x937-1.jpg\",\"articleSection\":[\"Art qui fait du bien\",\"Paris\"],\"inLanguage\":\"fr-FR\",\"potentialAction\":[{\"@type\":\"CommentAction\",\"name\":\"Comment\",\"target\":[\"https:\/\/talivera.fr\/actualites\/les-passages-de-paris-vus-de-linterieur\/#respond\"]}]},{\"@type\":\"WebPage\",\"@id\":\"https:\/\/talivera.fr\/actualites\/les-passages-de-paris-vus-de-linterieur\/\",\"url\":\"https:\/\/talivera.fr\/actualites\/les-passages-de-paris-vus-de-linterieur\/\",\"name\":\"Les passages de Paris vus de l'int\u00e9rieur ! - Culture Bien-\u00eatre\",\"isPartOf\":{\"@id\":\"https:\/\/talivera.fr\/actualites\/#website\"},\"primaryImageOfPage\":{\"@id\":\"https:\/\/talivera.fr\/actualites\/les-passages-de-paris-vus-de-linterieur\/#primaryimage\"},\"image\":{\"@id\":\"https:\/\/talivera.fr\/actualites\/les-passages-de-paris-vus-de-linterieur\/#primaryimage\"},\"thumbnailUrl\":\"https:\/\/talivera.fr\/actualites\/wp-content\/uploads\/2019\/06\/vivienne-768x937-1.jpg\",\"datePublished\":\"2019-06-19T09:51:06+00:00\",\"dateModified\":\"2020-12-16T17:02:22+00:00\",\"description\":\"Plongez avec TALIVERA dans les passages de Paris, ces lieux couverts peu connus pas les parisiens eux m\u00eames !\",\"breadcrumb\":{\"@id\":\"https:\/\/talivera.fr\/actualites\/les-passages-de-paris-vus-de-linterieur\/#breadcrumb\"},\"inLanguage\":\"fr-FR\",\"potentialAction\":[{\"@type\":\"ReadAction\",\"target\":[\"https:\/\/talivera.fr\/actualites\/les-passages-de-paris-vus-de-linterieur\/\"]}]},{\"@type\":\"ImageObject\",\"inLanguage\":\"fr-FR\",\"@id\":\"https:\/\/talivera.fr\/actualites\/les-passages-de-paris-vus-de-linterieur\/#primaryimage\",\"url\":\"https:\/\/talivera.fr\/actualites\/wp-content\/uploads\/2019\/06\/vivienne-768x937-1.jpg\",\"contentUrl\":\"https:\/\/talivera.fr\/actualites\/wp-content\/uploads\/2019\/06\/vivienne-768x937-1.jpg\",\"width\":760,\"height\":723,\"caption\":\"Visiter Paris\"},{\"@type\":\"BreadcrumbList\",\"@id\":\"https:\/\/talivera.fr\/actualites\/les-passages-de-paris-vus-de-linterieur\/#breadcrumb\",\"itemListElement\":[{\"@type\":\"ListItem\",\"position\":1,\"name\":\"Home\",\"item\":\"https:\/\/talivera.fr\/actualites\/\"},{\"@type\":\"ListItem\",\"position\":2,\"name\":\"Les passages de Paris vus de l&rsquo;int\u00e9rieur !\"}]},{\"@type\":\"WebSite\",\"@id\":\"https:\/\/talivera.fr\/actualites\/#website\",\"url\":\"https:\/\/talivera.fr\/actualites\/\",\"name\":\"Culture Bien-\u00eatre\",\"description\":\"Talivera, plus proche de la culture\",\"publisher\":{\"@id\":\"https:\/\/talivera.fr\/actualites\/#organization\"},\"potentialAction\":[{\"@type\":\"SearchAction\",\"target\":{\"@type\":\"EntryPoint\",\"urlTemplate\":\"https:\/\/talivera.fr\/actualites\/?s={search_term_string}\"},\"query-input\":{\"@type\":\"PropertyValueSpecification\",\"valueRequired\":true,\"valueName\":\"search_term_string\"}}],\"inLanguage\":\"fr-FR\"},{\"@type\":\"Organization\",\"@id\":\"https:\/\/talivera.fr\/actualites\/#organization\",\"name\":\"Culture Bien-\u00eatre\",\"url\":\"https:\/\/talivera.fr\/actualites\/\",\"logo\":{\"@type\":\"ImageObject\",\"inLanguage\":\"fr-FR\",\"@id\":\"https:\/\/talivera.fr\/actualites\/#\/schema\/logo\/image\/\",\"url\":\"https:\/\/talivera.fr\/actualites\/wp-content\/uploads\/2022\/06\/cropped-cropped-TALI-Logo-fond-blanc-SS-220513.png\",\"contentUrl\":\"https:\/\/talivera.fr\/actualites\/wp-content\/uploads\/2022\/06\/cropped-cropped-TALI-Logo-fond-blanc-SS-220513.png\",\"width\":760,\"height\":272,\"caption\":\"Culture Bien-\u00eatre\"},\"image\":{\"@id\":\"https:\/\/talivera.fr\/actualites\/#\/schema\/logo\/image\/\"}},{\"@type\":\"Person\",\"@id\":\"https:\/\/talivera.fr\/actualites\/#\/schema\/person\/6f7da364c6dd2c35a1268d64d87d2133\",\"name\":\"talivera\",\"image\":{\"@type\":\"ImageObject\",\"inLanguage\":\"fr-FR\",\"@id\":\"https:\/\/talivera.fr\/actualites\/#\/schema\/person\/image\/\",\"url\":\"https:\/\/secure.gravatar.com\/avatar\/9cc99a2be3b13f52ccf55b39d3952bc77029d605431f7c7570ce9a2963513de9?s=96&d=mm&r=g\",\"contentUrl\":\"https:\/\/secure.gravatar.com\/avatar\/9cc99a2be3b13f52ccf55b39d3952bc77029d605431f7c7570ce9a2963513de9?s=96&d=mm&r=g\",\"caption\":\"talivera\"},\"sameAs\":[\"https:\/\/talivera.fr\",\"https:\/\/www.facebook.com\/sortirdecouvrir\/\",\"https:\/\/www.instagram.com\/talivera_\/?hl=fr\",\"https:\/\/x.com\/https:\/\/twitter.com\/talivera_\"],\"url\":\"https:\/\/talivera.fr\/actualites\/author\/talivera\/\"}]}<\/script>\n<!-- \/ Yoast SEO plugin. -->","yoast_head_json":{"title":"Les passages de Paris vus de l'int\u00e9rieur ! - Culture Bien-\u00eatre","description":"Plongez avec TALIVERA dans les passages de Paris, ces lieux couverts peu connus pas les parisiens eux m\u00eames !","robots":{"index":"index","follow":"follow","max-snippet":"max-snippet:-1","max-image-preview":"max-image-preview:large","max-video-preview":"max-video-preview:-1"},"canonical":"https:\/\/talivera.fr\/actualites\/les-passages-de-paris-vus-de-linterieur\/","og_locale":"fr_FR","og_type":"article","og_title":"Les passages de Paris vus de l'int\u00e9rieur ! - Culture Bien-\u00eatre","og_description":"Plongez avec TALIVERA dans les passages de Paris, ces lieux couverts peu connus pas les parisiens eux m\u00eames !","og_url":"https:\/\/talivera.fr\/actualites\/les-passages-de-paris-vus-de-linterieur\/","og_site_name":"Culture Bien-\u00eatre","article_author":"https:\/\/www.facebook.com\/sortirdecouvrir\/","article_published_time":"2019-06-19T09:51:06+00:00","article_modified_time":"2020-12-16T17:02:22+00:00","og_image":[{"width":760,"height":723,"url":"https:\/\/talivera.fr\/actualites\/wp-content\/uploads\/2019\/06\/vivienne-768x937-1.jpg","type":"image\/jpeg"}],"author":"talivera","twitter_card":"summary_large_image","twitter_creator":"@https:\/\/twitter.com\/talivera_","twitter_misc":{"\u00c9crit par":"talivera","Dur\u00e9e de lecture estim\u00e9e":"3 minutes"},"schema":{"@context":"https:\/\/schema.org","@graph":[{"@type":"Article","@id":"https:\/\/talivera.fr\/actualites\/les-passages-de-paris-vus-de-linterieur\/#article","isPartOf":{"@id":"https:\/\/talivera.fr\/actualites\/les-passages-de-paris-vus-de-linterieur\/"},"author":{"name":"talivera","@id":"https:\/\/talivera.fr\/actualites\/#\/schema\/person\/6f7da364c6dd2c35a1268d64d87d2133"},"headline":"Les passages de Paris vus de l&rsquo;int\u00e9rieur !","datePublished":"2019-06-19T09:51:06+00:00","dateModified":"2020-12-16T17:02:22+00:00","mainEntityOfPage":{"@id":"https:\/\/talivera.fr\/actualites\/les-passages-de-paris-vus-de-linterieur\/"},"wordCount":649,"commentCount":0,"publisher":{"@id":"https:\/\/talivera.fr\/actualites\/#organization"},"image":{"@id":"https:\/\/talivera.fr\/actualites\/les-passages-de-paris-vus-de-linterieur\/#primaryimage"},"thumbnailUrl":"https:\/\/talivera.fr\/actualites\/wp-content\/uploads\/2019\/06\/vivienne-768x937-1.jpg","articleSection":["Art qui fait du bien","Paris"],"inLanguage":"fr-FR","potentialAction":[{"@type":"CommentAction","name":"Comment","target":["https:\/\/talivera.fr\/actualites\/les-passages-de-paris-vus-de-linterieur\/#respond"]}]},{"@type":"WebPage","@id":"https:\/\/talivera.fr\/actualites\/les-passages-de-paris-vus-de-linterieur\/","url":"https:\/\/talivera.fr\/actualites\/les-passages-de-paris-vus-de-linterieur\/","name":"Les passages de Paris vus de l'int\u00e9rieur ! - Culture Bien-\u00eatre","isPartOf":{"@id":"https:\/\/talivera.fr\/actualites\/#website"},"primaryImageOfPage":{"@id":"https:\/\/talivera.fr\/actualites\/les-passages-de-paris-vus-de-linterieur\/#primaryimage"},"image":{"@id":"https:\/\/talivera.fr\/actualites\/les-passages-de-paris-vus-de-linterieur\/#primaryimage"},"thumbnailUrl":"https:\/\/talivera.fr\/actualites\/wp-content\/uploads\/2019\/06\/vivienne-768x937-1.jpg","datePublished":"2019-06-19T09:51:06+00:00","dateModified":"2020-12-16T17:02:22+00:00","description":"Plongez avec TALIVERA dans les passages de Paris, ces lieux couverts peu connus pas les parisiens eux m\u00eames !","breadcrumb":{"@id":"https:\/\/talivera.fr\/actualites\/les-passages-de-paris-vus-de-linterieur\/#breadcrumb"},"inLanguage":"fr-FR","potentialAction":[{"@type":"ReadAction","target":["https:\/\/talivera.fr\/actualites\/les-passages-de-paris-vus-de-linterieur\/"]}]},{"@type":"ImageObject","inLanguage":"fr-FR","@id":"https:\/\/talivera.fr\/actualites\/les-passages-de-paris-vus-de-linterieur\/#primaryimage","url":"https:\/\/talivera.fr\/actualites\/wp-content\/uploads\/2019\/06\/vivienne-768x937-1.jpg","contentUrl":"https:\/\/talivera.fr\/actualites\/wp-content\/uploads\/2019\/06\/vivienne-768x937-1.jpg","width":760,"height":723,"caption":"Visiter Paris"},{"@type":"BreadcrumbList","@id":"https:\/\/talivera.fr\/actualites\/les-passages-de-paris-vus-de-linterieur\/#breadcrumb","itemListElement":[{"@type":"ListItem","position":1,"name":"Home","item":"https:\/\/talivera.fr\/actualites\/"},{"@type":"ListItem","position":2,"name":"Les passages de Paris vus de l&rsquo;int\u00e9rieur !"}]},{"@type":"WebSite","@id":"https:\/\/talivera.fr\/actualites\/#website","url":"https:\/\/talivera.fr\/actualites\/","name":"Culture Bien-\u00eatre","description":"Talivera, plus proche de la culture","publisher":{"@id":"https:\/\/talivera.fr\/actualites\/#organization"},"potentialAction":[{"@type":"SearchAction","target":{"@type":"EntryPoint","urlTemplate":"https:\/\/talivera.fr\/actualites\/?s={search_term_string}"},"query-input":{"@type":"PropertyValueSpecification","valueRequired":true,"valueName":"search_term_string"}}],"inLanguage":"fr-FR"},{"@type":"Organization","@id":"https:\/\/talivera.fr\/actualites\/#organization","name":"Culture Bien-\u00eatre","url":"https:\/\/talivera.fr\/actualites\/","logo":{"@type":"ImageObject","inLanguage":"fr-FR","@id":"https:\/\/talivera.fr\/actualites\/#\/schema\/logo\/image\/","url":"https:\/\/talivera.fr\/actualites\/wp-content\/uploads\/2022\/06\/cropped-cropped-TALI-Logo-fond-blanc-SS-220513.png","contentUrl":"https:\/\/talivera.fr\/actualites\/wp-content\/uploads\/2022\/06\/cropped-cropped-TALI-Logo-fond-blanc-SS-220513.png","width":760,"height":272,"caption":"Culture Bien-\u00eatre"},"image":{"@id":"https:\/\/talivera.fr\/actualites\/#\/schema\/logo\/image\/"}},{"@type":"Person","@id":"https:\/\/talivera.fr\/actualites\/#\/schema\/person\/6f7da364c6dd2c35a1268d64d87d2133","name":"talivera","image":{"@type":"ImageObject","inLanguage":"fr-FR","@id":"https:\/\/talivera.fr\/actualites\/#\/schema\/person\/image\/","url":"https:\/\/secure.gravatar.com\/avatar\/9cc99a2be3b13f52ccf55b39d3952bc77029d605431f7c7570ce9a2963513de9?s=96&d=mm&r=g","contentUrl":"https:\/\/secure.gravatar.com\/avatar\/9cc99a2be3b13f52ccf55b39d3952bc77029d605431f7c7570ce9a2963513de9?s=96&d=mm&r=g","caption":"talivera"},"sameAs":["https:\/\/talivera.fr","https:\/\/www.facebook.com\/sortirdecouvrir\/","https:\/\/www.instagram.com\/talivera_\/?hl=fr","https:\/\/x.com\/https:\/\/twitter.com\/talivera_"],"url":"https:\/\/talivera.fr\/actualites\/author\/talivera\/"}]}},"jetpack_featured_media_url":"https:\/\/talivera.fr\/actualites\/wp-content\/uploads\/2019\/06\/vivienne-768x937-1.jpg","jetpack_sharing_enabled":true,"_links":{"self":[{"href":"https:\/\/talivera.fr\/actualites\/wp-json\/wp\/v2\/posts\/930","targetHints":{"allow":["GET"]}}],"collection":[{"href":"https:\/\/talivera.fr\/actualites\/wp-json\/wp\/v2\/posts"}],"about":[{"href":"https:\/\/talivera.fr\/actualites\/wp-json\/wp\/v2\/types\/post"}],"author":[{"embeddable":true,"href":"https:\/\/talivera.fr\/actualites\/wp-json\/wp\/v2\/users\/1"}],"replies":[{"embeddable":true,"href":"https:\/\/talivera.fr\/actualites\/wp-json\/wp\/v2\/comments?post=930"}],"version-history":[{"count":26,"href":"https:\/\/talivera.fr\/actualites\/wp-json\/wp\/v2\/posts\/930\/revisions"}],"predecessor-version":[{"id":2855,"href":"https:\/\/talivera.fr\/actualites\/wp-json\/wp\/v2\/posts\/930\/revisions\/2855"}],"wp:featuredmedia":[{"embeddable":true,"href":"https:\/\/talivera.fr\/actualites\/wp-json\/wp\/v2\/media\/1003"}],"wp:attachment":[{"href":"https:\/\/talivera.fr\/actualites\/wp-json\/wp\/v2\/media?parent=930"}],"wp:term":[{"taxonomy":"category","embeddable":true,"href":"https:\/\/talivera.fr\/actualites\/wp-json\/wp\/v2\/categories?post=930"},{"taxonomy":"post_tag","embeddable":true,"href":"https:\/\/talivera.fr\/actualites\/wp-json\/wp\/v2\/tags?post=930"}],"curies":[{"name":"wp","href":"https:\/\/api.w.org\/{rel}","templated":true}]}}