{"id":8521,"date":"2022-11-21T08:30:05","date_gmt":"2022-11-21T07:30:05","guid":{"rendered":"https:\/\/talivera.fr\/actualites\/?p=8521"},"modified":"2023-01-05T14:56:22","modified_gmt":"2023-01-05T13:56:22","slug":"une-nouvelle-generation-dartistes-aux-beaux-arts-pour-en-finir-encore","status":"publish","type":"post","link":"https:\/\/talivera.fr\/actualites\/une-nouvelle-generation-dartistes-aux-beaux-arts-pour-en-finir-encore\/","title":{"rendered":"Une nouvelle g\u00e9n\u00e9ration d&rsquo;artistes aux Beaux-Arts \u00ab\u00a0Pour en finir encore\u00a0\u00bb"},"content":{"rendered":"\n<p class=\"has-medium-font-size\">L\u2019\u00e9cole des Beaux-Arts de Paris expose dans le Palais Malaquais le travail des \u00e9tudiants f\u00e9licit\u00e9s par le jury en 2022 : des \u0153uvres marqu\u00e9es par les int\u00e9r\u00eats partag\u00e9s d\u2019une g\u00e9n\u00e9ration, par une \u00e9cologie de moyen et par le d\u00e9sir de faire ensemble. Une exposition \u00ab&nbsp;Pour en finir encore&nbsp;\u00bb avec les vieilles conceptions de l&rsquo;histoire de l&rsquo;art trop \u00e9triqu\u00e9e, pour rebattre les cartes du \u00ab&nbsp;beau \u00bb, pour cr\u00e9er ensemble et pour mettre l&rsquo;\u0153uvre au sein du collectif. <\/p>\n\n\n\n<h2 class=\"wp-block-heading\">Un lien fort \u00e0 l&rsquo;organique et au v\u00e9g\u00e9tal<\/h2>\n\n\n\n<p class=\"has-medium-font-size\">Des \u0153uvres organiques, compos\u00e9es de mat\u00e9riaux naturels ou bruts, de v\u00e9g\u00e9taux, de tissus, d\u2019empreintes, d\u2019argile, de verre, de m\u00e9taux, apparaissent comme des odes au vivant, au hasard,  vou\u00e9es \u00e0 \u00e9voluer et \u00e0 se transformer sous la pouss\u00e9e de micro-organismes. Elles sont en \u00e9quilibre pr\u00e9caire, elles vacillent, on craint m\u00eame de marcher de dessus en \u00e9voluant dans la salle. Le visiteur \u00e9volue dans les \u0153uvres, elles ne sont seulement accroch\u00e9es aux murs, elles rampent par terre comme des \u00eatres vivants.<br>Une grande \u0153uvre collective<em> in situ <\/em>ouvre l\u2019exposition : elle est tentaculaire, se r\u00e9pand sur le sol et les murs. Des pi\u00e8ces forg\u00e9es sont pos\u00e9es au sol et vou\u00e9es \u00e0 recueillir le liquide issu de m\u00e9langes de plantes et de noyaux de cerises br\u00fbl\u00e9s. Elles sont entour\u00e9es de pi\u00e8ces de silicone formant des arborescences assorties de micro-organismes, de terre crue, de v\u00e9g\u00e9taux humides, vou\u00e9es \u00e0 \u00e9voluer naturellement. Plus loin, une s\u00e9rie de plaques de verre montre de grandes formes cellulaires r\u00e9alis\u00e9es \u00e0 partir de pigments noirs obtenus par la carbonisation de noyaux de fruits : par une technique de goutte-\u00e0-goutte sur la surface de l\u2019eau, l\u2019artiste forme des cercles concentriques avec les pigments puis les transfert sur les plaques de verre : la forme cellulaire change d\u2019\u00e9chelle et offre le spectacle du jeu du pigment et de l\u2019eau. <\/p>\n\n\n\n<p class=\"has-medium-font-size\">Une autre \u0153uvre montre le transfert des micro-organismes pr\u00e9lev\u00e9s sur la fa\u00e7ade nord d\u2019un immeuble gr\u00e2ce \u00e0 du silicone : l\u2019\u0153uvre se transformera au gr\u00e9 des micro-organismes pr\u00e9lev\u00e9s, comme une peau, comme de la terre, elle vit.<\/p>\n\n\n\n<figure class=\"wp-block-gallery has-nested-images columns-default is-cropped wp-block-gallery-1 is-layout-flex wp-block-gallery-is-layout-flex\">\n<figure class=\"wp-block-image size-full\"><img loading=\"lazy\" decoding=\"async\" width=\"1000\" height=\"750\" data-id=\"8575\" src=\"https:\/\/talivera.fr\/actualites\/wp-content\/uploads\/2022\/11\/1.1-2-1000x750-1.jpg\" alt=\"\" class=\"wp-image-8575\" srcset=\"https:\/\/talivera.fr\/actualites\/wp-content\/uploads\/2022\/11\/1.1-2-1000x750-1.jpg 1000w, https:\/\/talivera.fr\/actualites\/wp-content\/uploads\/2022\/11\/1.1-2-1000x750-1-300x225.jpg 300w, https:\/\/talivera.fr\/actualites\/wp-content\/uploads\/2022\/11\/1.1-2-1000x750-1-768x576.jpg 768w, https:\/\/talivera.fr\/actualites\/wp-content\/uploads\/2022\/11\/1.1-2-1000x750-1-80x60.jpg 80w\" sizes=\"auto, (max-width: 1000px) 100vw, 1000px\" \/><figcaption> Ece Bal, Pauline De Fontgalland, Serigu Ujvarosi, Joris Valenzuela, Rayan Yasmineh, Ode au vivant, 2022 (\u0153uvre collective in situ)<\/figcaption><\/figure>\n\n\n\n<figure class=\"wp-block-image size-large\"><img loading=\"lazy\" decoding=\"async\" width=\"713\" height=\"950\" data-id=\"8558\" src=\"https:\/\/talivera.fr\/actualites\/wp-content\/uploads\/2022\/11\/1.3-4-713x950.jpg\" alt=\"\" class=\"wp-image-8558\" srcset=\"https:\/\/talivera.fr\/actualites\/wp-content\/uploads\/2022\/11\/1.3-4-713x950.jpg 713w, https:\/\/talivera.fr\/actualites\/wp-content\/uploads\/2022\/11\/1.3-4-225x300.jpg 225w, https:\/\/talivera.fr\/actualites\/wp-content\/uploads\/2022\/11\/1.3-4-768x1024.jpg 768w, https:\/\/talivera.fr\/actualites\/wp-content\/uploads\/2022\/11\/1.3-4-1152x1536.jpg 1152w, https:\/\/talivera.fr\/actualites\/wp-content\/uploads\/2022\/11\/1.3-4-1536x2048.jpg 1536w, https:\/\/talivera.fr\/actualites\/wp-content\/uploads\/2022\/11\/1.3-4-45x60.jpg 45w, https:\/\/talivera.fr\/actualites\/wp-content\/uploads\/2022\/11\/1.3-4.jpg 1701w\" sizes=\"auto, (max-width: 713px) 100vw, 713px\" \/><figcaption>D\u00e9tail<\/figcaption><\/figure>\n<\/figure>\n\n\n\n<figure class=\"wp-block-gallery has-nested-images columns-default is-cropped wp-block-gallery-2 is-layout-flex wp-block-gallery-is-layout-flex\">\n<figure class=\"wp-block-image size-large\"><img loading=\"lazy\" decoding=\"async\" width=\"1000\" height=\"750\" data-id=\"8561\" src=\"https:\/\/talivera.fr\/actualites\/wp-content\/uploads\/2022\/11\/3.1-1-1000x750.jpg\" alt=\"\" class=\"wp-image-8561\" srcset=\"https:\/\/talivera.fr\/actualites\/wp-content\/uploads\/2022\/11\/3.1-1-1000x750.jpg 1000w, https:\/\/talivera.fr\/actualites\/wp-content\/uploads\/2022\/11\/3.1-1-300x225.jpg 300w, https:\/\/talivera.fr\/actualites\/wp-content\/uploads\/2022\/11\/3.1-1-768x576.jpg 768w, https:\/\/talivera.fr\/actualites\/wp-content\/uploads\/2022\/11\/3.1-1-1536x1152.jpg 1536w, https:\/\/talivera.fr\/actualites\/wp-content\/uploads\/2022\/11\/3.1-1-2048x1536.jpg 2048w, https:\/\/talivera.fr\/actualites\/wp-content\/uploads\/2022\/11\/3.1-1-80x60.jpg 80w\" sizes=\"auto, (max-width: 1000px) 100vw, 1000px\" \/><figcaption>Joris Valenzuela, <em>8,8649342,2,4281425<\/em>, 2022<\/figcaption><\/figure>\n\n\n\n<figure class=\"wp-block-image size-large\"><img loading=\"lazy\" decoding=\"async\" width=\"713\" height=\"950\" data-id=\"8560\" src=\"https:\/\/talivera.fr\/actualites\/wp-content\/uploads\/2022\/11\/3.2-1-713x950.jpg\" alt=\"\" class=\"wp-image-8560\" srcset=\"https:\/\/talivera.fr\/actualites\/wp-content\/uploads\/2022\/11\/3.2-1-713x950.jpg 713w, https:\/\/talivera.fr\/actualites\/wp-content\/uploads\/2022\/11\/3.2-1-225x300.jpg 225w, https:\/\/talivera.fr\/actualites\/wp-content\/uploads\/2022\/11\/3.2-1-768x1024.jpg 768w, https:\/\/talivera.fr\/actualites\/wp-content\/uploads\/2022\/11\/3.2-1-1152x1536.jpg 1152w, https:\/\/talivera.fr\/actualites\/wp-content\/uploads\/2022\/11\/3.2-1-1536x2048.jpg 1536w, https:\/\/talivera.fr\/actualites\/wp-content\/uploads\/2022\/11\/3.2-1-45x60.jpg 45w, https:\/\/talivera.fr\/actualites\/wp-content\/uploads\/2022\/11\/3.2-1-scaled.jpg 1920w\" sizes=\"auto, (max-width: 713px) 100vw, 713px\" \/><figcaption>D\u00e9tail<\/figcaption><\/figure>\n<\/figure>\n\n\n\n<p>     <\/p>\n\n\n\n<h2 class=\"wp-block-heading\">T\u00e9moigner des guerres et des conflits actuels<\/h2>\n\n\n\n<p class=\"has-medium-font-size\">En montant \u00e0 l\u2019\u00e9tage, on d\u00e9couvre des \u0153uvres plus politis\u00e9es, tourn\u00e9es notamment vers les probl\u00e9matiques de la guerre (en Ukraine, notamment) sous la forme de performances film\u00e9es ou de projections filmiques. Derri\u00e8re des rideaux noirs, on rencontre une projection coup\u00e9e en trois : trois rectangles de lumi\u00e8re qui se r\u00e9pondent ou se nient. L\u2019artiste \u00e0 l\u2019origine de cette \u0153uvre est partie en Ukraine d\u00e8s l\u2019annonce de l\u2019invasion russe afin de comprendre ce qui se jouait sur place : la confusion ambiante se refl\u00e8te dans la confusion narrative du documentaire au plus pr\u00e8s des gens et de ce qu\u2019ils traversent. Une autre \u0153uvre expose les conflits en Ukraine et en Irak \u00e0 travers une projection sur de fines toiles et sur de lourdes pierres cass\u00e9es rappelant des st\u00e8les : les images se refl\u00e8tent, peu claires, sur les fins voiles, et tr\u00e8s clairement, par fragments, sur les pierres, montrant le morcellement, l\u2019\u00e9clatement induits par les conflits arm\u00e9s.<\/p>\n\n\n\n<div class=\"wp-block-group\"><div class=\"wp-block-group__inner-container is-layout-flow wp-block-group-is-layout-flow\">\n<figure class=\"wp-block-gallery has-nested-images columns-default is-cropped wp-block-gallery-3 is-layout-flex wp-block-gallery-is-layout-flex\">\n<figure class=\"wp-block-image size-large\"><img loading=\"lazy\" decoding=\"async\" width=\"1000\" height=\"626\" data-id=\"8562\" src=\"https:\/\/talivera.fr\/actualites\/wp-content\/uploads\/2022\/11\/4.1-1-1000x626.jpg\" alt=\"\" class=\"wp-image-8562\" srcset=\"https:\/\/talivera.fr\/actualites\/wp-content\/uploads\/2022\/11\/4.1-1-1000x626.jpg 1000w, https:\/\/talivera.fr\/actualites\/wp-content\/uploads\/2022\/11\/4.1-1-300x188.jpg 300w, https:\/\/talivera.fr\/actualites\/wp-content\/uploads\/2022\/11\/4.1-1-768x481.jpg 768w, https:\/\/talivera.fr\/actualites\/wp-content\/uploads\/2022\/11\/4.1-1-1536x962.jpg 1536w, https:\/\/talivera.fr\/actualites\/wp-content\/uploads\/2022\/11\/4.1-1-2048x1282.jpg 2048w, https:\/\/talivera.fr\/actualites\/wp-content\/uploads\/2022\/11\/4.1-1-96x60.jpg 96w\" sizes=\"auto, (max-width: 1000px) 100vw, 1000px\" \/><figcaption>Ali Arkady, <em>Entre deux m\u00e9moires<\/em>, 2014-2022<\/figcaption><\/figure>\n\n\n\n<figure class=\"wp-block-image size-large\"><img loading=\"lazy\" decoding=\"async\" width=\"1000\" height=\"750\" data-id=\"8563\" src=\"https:\/\/talivera.fr\/actualites\/wp-content\/uploads\/2022\/11\/4.2-1-1000x750.jpg\" alt=\"\" class=\"wp-image-8563\" srcset=\"https:\/\/talivera.fr\/actualites\/wp-content\/uploads\/2022\/11\/4.2-1-1000x750.jpg 1000w, https:\/\/talivera.fr\/actualites\/wp-content\/uploads\/2022\/11\/4.2-1-300x225.jpg 300w, https:\/\/talivera.fr\/actualites\/wp-content\/uploads\/2022\/11\/4.2-1-768x576.jpg 768w, https:\/\/talivera.fr\/actualites\/wp-content\/uploads\/2022\/11\/4.2-1-1536x1152.jpg 1536w, https:\/\/talivera.fr\/actualites\/wp-content\/uploads\/2022\/11\/4.2-1-2048x1536.jpg 2048w, https:\/\/talivera.fr\/actualites\/wp-content\/uploads\/2022\/11\/4.2-1-80x60.jpg 80w\" sizes=\"auto, (max-width: 1000px) 100vw, 1000px\" \/><figcaption>Ali Arkady, <em>Mossoul, vers o\u00f9 ?<\/em>, 2021<\/figcaption><\/figure>\n<\/figure>\n<\/div><\/div>\n\n\n\n<div class=\"wp-block-columns is-layout-flex wp-container-core-columns-is-layout-9d6595d7 wp-block-columns-is-layout-flex\">\n<div class=\"wp-block-column is-layout-flow wp-block-column-is-layout-flow\" style=\"flex-basis:100%\">\n<div class=\"wp-block-group\"><div class=\"wp-block-group__inner-container is-layout-flow wp-block-group-is-layout-flow\">\n<figure class=\"wp-block-gallery has-nested-images columns-default is-cropped wp-block-gallery-4 is-layout-flex wp-block-gallery-is-layout-flex\">\n<figure class=\"wp-block-image size-large\"><img loading=\"lazy\" decoding=\"async\" width=\"1000\" height=\"554\" data-id=\"8566\" src=\"https:\/\/talivera.fr\/actualites\/wp-content\/uploads\/2022\/11\/5.1-2-1000x554.jpg\" alt=\"\" class=\"wp-image-8566\" srcset=\"https:\/\/talivera.fr\/actualites\/wp-content\/uploads\/2022\/11\/5.1-2-1000x554.jpg 1000w, https:\/\/talivera.fr\/actualites\/wp-content\/uploads\/2022\/11\/5.1-2-300x166.jpg 300w, https:\/\/talivera.fr\/actualites\/wp-content\/uploads\/2022\/11\/5.1-2-768x426.jpg 768w, https:\/\/talivera.fr\/actualites\/wp-content\/uploads\/2022\/11\/5.1-2-1536x851.jpg 1536w, https:\/\/talivera.fr\/actualites\/wp-content\/uploads\/2022\/11\/5.1-2-2048x1135.jpg 2048w, https:\/\/talivera.fr\/actualites\/wp-content\/uploads\/2022\/11\/5.1-2-108x60.jpg 108w\" sizes=\"auto, (max-width: 1000px) 100vw, 1000px\" \/><figcaption>Juliette Corne, <em>En cours<\/em>, 2022<\/figcaption><\/figure>\n\n\n\n<figure class=\"wp-block-image size-large\"><img loading=\"lazy\" decoding=\"async\" width=\"1000\" height=\"569\" data-id=\"8565\" src=\"https:\/\/talivera.fr\/actualites\/wp-content\/uploads\/2022\/11\/5.2-1-1000x569.jpg\" alt=\"\" class=\"wp-image-8565\" srcset=\"https:\/\/talivera.fr\/actualites\/wp-content\/uploads\/2022\/11\/5.2-1-1000x569.jpg 1000w, https:\/\/talivera.fr\/actualites\/wp-content\/uploads\/2022\/11\/5.2-1-300x171.jpg 300w, https:\/\/talivera.fr\/actualites\/wp-content\/uploads\/2022\/11\/5.2-1-768x437.jpg 768w, https:\/\/talivera.fr\/actualites\/wp-content\/uploads\/2022\/11\/5.2-1-1536x874.jpg 1536w, https:\/\/talivera.fr\/actualites\/wp-content\/uploads\/2022\/11\/5.2-1-2048x1165.jpg 2048w, https:\/\/talivera.fr\/actualites\/wp-content\/uploads\/2022\/11\/5.2-1-105x60.jpg 105w\" sizes=\"auto, (max-width: 1000px) 100vw, 1000px\" \/><figcaption>Juliette Corne, <em>En cours<\/em>, 2022<\/figcaption><\/figure>\n<\/figure>\n<\/div><\/div>\n<\/div>\n<\/div>\n\n\n\n<p>   <\/p>\n\n\n\n<h2 class=\"wp-block-heading\">Identit\u00e9 : ce que nous dit l&rsquo;habit<\/h2>\n\n\n\n<p class=\"has-medium-font-size\">Hautement ancr\u00e9es dans l\u2019\u00e9poque, les questions d\u2019identit\u00e9 queer, d\u2019identit\u00e9 de genre et d\u2019immigration (donc l&rsquo;identit\u00e9 culturelle) sont r\u00e9unies dans l\u2019\u0153uvre d\u2019un jeune artiste d\u2019origine mexicaine, Daniel Galicia, qui les allie toutes dans son \u0153uvre et dans sa propre identit\u00e9 : c\u2019est un ressortissant mexicain, queer, gay. Sa co-performance film\u00e9e consiste en un effeuillage suivi d\u2019un habillement : il quitte ses v\u00eatements pour rev\u00eatir une large robe rose \u00e0 panier, des fleurs dans les cheveux, imitant la f\u00eate des 15 ans des jeunes filles mexicaines. La robe n\u2019est pas seulement le symbole d\u2019une f\u00e9minit\u00e9 et un changement d\u2019identit\u00e9 de genre, elle est aussi le support de l\u2019identit\u00e9 de l\u2019immigr\u00e9 : sur le tissus sont imprim\u00e9s les diff\u00e9rents documents et papiers d\u2019identit\u00e9s de l\u2019artiste, symboles de son parcours administratif dans les pays d&rsquo;accueil. \u00c0 c\u00f4t\u00e9 du film de la performance qui s\u2019est d\u00e9roul\u00e9e dans la cour de l\u2019\u00e9cole des Beaux Arts, la robe est expos\u00e9e ainsi qu\u2019un portrait de l\u2019artiste peint sur les documents administratifs relatifs \u00e0 son statut d\u2019immigr\u00e9 r\u00e9fugi\u00e9 au Canada puis en France. C\u2019est une \u0153uvre qui allie performance, vid\u00e9o, peinture, couture, impression, une \u0153uvre porteuse d\u2019un sens fort et ancr\u00e9e politiquement dans son \u00e9poque.<\/p>\n\n\n<div class=\"wp-block-image\">\n<figure class=\"aligncenter size-large is-resized\"><img loading=\"lazy\" decoding=\"async\" src=\"https:\/\/talivera.fr\/actualites\/wp-content\/uploads\/2022\/11\/6.1-2-1000x802.jpg\" alt=\"\" class=\"wp-image-8568\" width=\"560\" height=\"448\" srcset=\"https:\/\/talivera.fr\/actualites\/wp-content\/uploads\/2022\/11\/6.1-2-1000x802.jpg 1000w, https:\/\/talivera.fr\/actualites\/wp-content\/uploads\/2022\/11\/6.1-2-300x241.jpg 300w, https:\/\/talivera.fr\/actualites\/wp-content\/uploads\/2022\/11\/6.1-2-768x616.jpg 768w, https:\/\/talivera.fr\/actualites\/wp-content\/uploads\/2022\/11\/6.1-2-1536x1232.jpg 1536w, https:\/\/talivera.fr\/actualites\/wp-content\/uploads\/2022\/11\/6.1-2-2048x1643.jpg 2048w, https:\/\/talivera.fr\/actualites\/wp-content\/uploads\/2022\/11\/6.1-2-75x60.jpg 75w\" sizes=\"auto, (max-width: 560px) 100vw, 560px\" \/><figcaption>Daniel Galicia,<em> The Quincea\u00f1era Project<\/em>, 2022<\/figcaption><\/figure>\n<\/div>\n\n\n<figure class=\"wp-block-gallery has-nested-images columns-default is-cropped wp-block-gallery-5 is-layout-flex wp-block-gallery-is-layout-flex\">\n<figure class=\"wp-block-image size-large\"><img loading=\"lazy\" decoding=\"async\" width=\"713\" height=\"950\" data-id=\"8569\" src=\"https:\/\/talivera.fr\/actualites\/wp-content\/uploads\/2022\/11\/6.2-1-713x950.jpg\" alt=\"\" class=\"wp-image-8569\" srcset=\"https:\/\/talivera.fr\/actualites\/wp-content\/uploads\/2022\/11\/6.2-1-713x950.jpg 713w, https:\/\/talivera.fr\/actualites\/wp-content\/uploads\/2022\/11\/6.2-1-225x300.jpg 225w, https:\/\/talivera.fr\/actualites\/wp-content\/uploads\/2022\/11\/6.2-1-768x1024.jpg 768w, https:\/\/talivera.fr\/actualites\/wp-content\/uploads\/2022\/11\/6.2-1-1152x1536.jpg 1152w, https:\/\/talivera.fr\/actualites\/wp-content\/uploads\/2022\/11\/6.2-1-1536x2048.jpg 1536w, https:\/\/talivera.fr\/actualites\/wp-content\/uploads\/2022\/11\/6.2-1-45x60.jpg 45w, https:\/\/talivera.fr\/actualites\/wp-content\/uploads\/2022\/11\/6.2-1-scaled.jpg 1920w\" sizes=\"auto, (max-width: 713px) 100vw, 713px\" \/><figcaption><em>Mi vestido de XV a\u00f1os<\/em>, 2021<\/figcaption><\/figure>\n\n\n\n<figure class=\"wp-block-image size-large\"><img loading=\"lazy\" decoding=\"async\" width=\"713\" height=\"950\" data-id=\"8570\" src=\"https:\/\/talivera.fr\/actualites\/wp-content\/uploads\/2022\/11\/6.3-1-713x950.jpg\" alt=\"\" class=\"wp-image-8570\" srcset=\"https:\/\/talivera.fr\/actualites\/wp-content\/uploads\/2022\/11\/6.3-1-713x950.jpg 713w, https:\/\/talivera.fr\/actualites\/wp-content\/uploads\/2022\/11\/6.3-1-225x300.jpg 225w, https:\/\/talivera.fr\/actualites\/wp-content\/uploads\/2022\/11\/6.3-1-768x1024.jpg 768w, https:\/\/talivera.fr\/actualites\/wp-content\/uploads\/2022\/11\/6.3-1-1152x1536.jpg 1152w, https:\/\/talivera.fr\/actualites\/wp-content\/uploads\/2022\/11\/6.3-1-1536x2048.jpg 1536w, https:\/\/talivera.fr\/actualites\/wp-content\/uploads\/2022\/11\/6.3-1-45x60.jpg 45w, https:\/\/talivera.fr\/actualites\/wp-content\/uploads\/2022\/11\/6.3-1-scaled.jpg 1920w\" sizes=\"auto, (max-width: 713px) 100vw, 713px\" \/><figcaption><em>La Bienvenida (where is home ?)<\/em>, 2022<\/figcaption><\/figure>\n<\/figure>\n\n\n\n<p>    <\/p>\n\n\n\n<p class=\"has-medium-font-size\">L\u2019exposition \u00ab Pour en finir encore \u00bb offre le regard d&rsquo;une nouvelle g\u00e9n\u00e9ration d\u2019artistes marqu\u00e9e par des th\u00e8mes tr\u00e8s actuels et br\u00fblants : \u00e9cologie, nature, guerre, identit\u00e9 sont les th\u00e8mes abord\u00e9s avec une ambition collective qui invite \u00e0 sortir de l\u2019isolement et \u00e0 ouvrir de nouveaux possibles pour l\u2019art et pour les artistes.<\/p>\n\n\n\n<p class=\"has-medium-font-size\">Exposition \u00e0 voir jusqu&rsquo;au 4 d\u00e9cembre 2022 au Palais des Beaux-Arts \/ 13, quai Malaquais 75006 \u00e0 Paris. <\/p>\n\n\n\n<p class=\"has-small-font-size\">Images de mise en avant, dans l&rsquo;ordre : Joan Valenzuela, <em>SLC1 ou 48,8651775,2,4341416<\/em> \u2013 Emma Passera, <em>Tunnel dans ton c\u0153ur<\/em> \u2013 Joan Valenzuela, d\u00e9tail de <em>8,8649342,2,4281425.<\/em><\/p>\n\n\n\n<p class=\"has-medium-font-size\">Cl\u00e9o Ragasol<\/p>\n","protected":false},"excerpt":{"rendered":"<p>L\u2019\u00e9cole des Beaux-Arts de Paris expose dans le Palais Malaquais le travail des \u00e9tudiants f\u00e9licit\u00e9s par le jury en 2022 : des \u0153uvres marqu\u00e9es par les int\u00e9r\u00eats partag\u00e9s d\u2019une g\u00e9n\u00e9ration, par une \u00e9cologie de moyen et par le d\u00e9sir de faire ensemble. Une exposition \u00ab&nbsp;Pour en finir encore&nbsp;\u00bb avec les vieilles conceptions de l&rsquo;histoire de &hellip;<\/p>\n<p class=\"read-more\"> <a class=\"\" href=\"https:\/\/talivera.fr\/actualites\/une-nouvelle-generation-dartistes-aux-beaux-arts-pour-en-finir-encore\/\"> <span class=\"screen-reader-text\">Une nouvelle g\u00e9n\u00e9ration d&rsquo;artistes aux Beaux-Arts \u00ab\u00a0Pour en finir encore\u00a0\u00bb<\/span> Lire la suite\u00a0\u00bb<\/a><\/p>\n","protected":false},"author":1,"featured_media":8584,"comment_status":"open","ping_status":"open","sticky":false,"template":"","format":"standard","meta":{"_jetpack_memberships_contains_paid_content":false,"footnotes":""},"categories":[136,21],"tags":[],"class_list":["post-8521","post","type-post","status-publish","format-standard","has-post-thumbnail","hentry","category-zoom-exposition","category-exposition-2"],"yoast_head":"<!-- This site is optimized with the Yoast SEO plugin v24.9 - https:\/\/yoast.com\/wordpress\/plugins\/seo\/ -->\n<title>Une nouvelle g\u00e9n\u00e9ration d&#039;artistes aux Beaux-Arts \u00ab\u00a0Pour en finir encore\u00a0\u00bb - Culture Bien-\u00eatre<\/title>\n<meta name=\"robots\" content=\"index, follow, max-snippet:-1, max-image-preview:large, max-video-preview:-1\" \/>\n<link rel=\"canonical\" href=\"https:\/\/talivera.fr\/actualites\/une-nouvelle-generation-dartistes-aux-beaux-arts-pour-en-finir-encore\/\" \/>\n<meta property=\"og:locale\" content=\"fr_FR\" \/>\n<meta property=\"og:type\" content=\"article\" \/>\n<meta property=\"og:title\" content=\"Une nouvelle g\u00e9n\u00e9ration d&#039;artistes aux Beaux-Arts \u00ab\u00a0Pour en finir encore\u00a0\u00bb - Culture Bien-\u00eatre\" \/>\n<meta property=\"og:description\" content=\"L\u2019\u00e9cole des Beaux-Arts de Paris expose dans le Palais Malaquais le travail des \u00e9tudiants f\u00e9licit\u00e9s par le jury en 2022 : des \u0153uvres marqu\u00e9es par les int\u00e9r\u00eats partag\u00e9s d\u2019une g\u00e9n\u00e9ration, par une \u00e9cologie de moyen et par le d\u00e9sir de faire ensemble. Une exposition \u00ab&nbsp;Pour en finir encore&nbsp;\u00bb avec les vieilles conceptions de l&rsquo;histoire de &hellip; Une nouvelle g\u00e9n\u00e9ration d&rsquo;artistes aux Beaux-Arts \u00ab\u00a0Pour en finir encore\u00a0\u00bb Lire la suite\u00a0\u00bb\" \/>\n<meta property=\"og:url\" content=\"https:\/\/talivera.fr\/actualites\/une-nouvelle-generation-dartistes-aux-beaux-arts-pour-en-finir-encore\/\" \/>\n<meta property=\"og:site_name\" content=\"Culture Bien-\u00eatre\" \/>\n<meta property=\"article:author\" content=\"https:\/\/www.facebook.com\/sortirdecouvrir\/\" \/>\n<meta property=\"article:published_time\" content=\"2022-11-21T07:30:05+00:00\" \/>\n<meta property=\"article:modified_time\" content=\"2023-01-05T13:56:22+00:00\" \/>\n<meta property=\"og:image\" content=\"https:\/\/talivera.fr\/actualites\/wp-content\/uploads\/2022\/11\/Pour-en-finir-encore-Mise-en-avant-scaled.jpg\" \/>\n\t<meta property=\"og:image:width\" content=\"2560\" \/>\n\t<meta property=\"og:image:height\" content=\"1013\" \/>\n\t<meta property=\"og:image:type\" content=\"image\/jpeg\" \/>\n<meta name=\"author\" content=\"talivera\" \/>\n<meta name=\"twitter:card\" content=\"summary_large_image\" \/>\n<meta name=\"twitter:creator\" content=\"@https:\/\/twitter.com\/talivera_\" \/>\n<meta name=\"twitter:label1\" content=\"\u00c9crit par\" \/>\n\t<meta name=\"twitter:data1\" content=\"talivera\" \/>\n\t<meta name=\"twitter:label2\" content=\"Dur\u00e9e de lecture estim\u00e9e\" \/>\n\t<meta name=\"twitter:data2\" content=\"5 minutes\" \/>\n<script type=\"application\/ld+json\" class=\"yoast-schema-graph\">{\"@context\":\"https:\/\/schema.org\",\"@graph\":[{\"@type\":\"Article\",\"@id\":\"https:\/\/talivera.fr\/actualites\/une-nouvelle-generation-dartistes-aux-beaux-arts-pour-en-finir-encore\/#article\",\"isPartOf\":{\"@id\":\"https:\/\/talivera.fr\/actualites\/une-nouvelle-generation-dartistes-aux-beaux-arts-pour-en-finir-encore\/\"},\"author\":{\"name\":\"talivera\",\"@id\":\"https:\/\/talivera.fr\/actualites\/#\/schema\/person\/6f7da364c6dd2c35a1268d64d87d2133\"},\"headline\":\"Une nouvelle g\u00e9n\u00e9ration d&rsquo;artistes aux Beaux-Arts \u00ab\u00a0Pour en finir encore\u00a0\u00bb\",\"datePublished\":\"2022-11-21T07:30:05+00:00\",\"dateModified\":\"2023-01-05T13:56:22+00:00\",\"mainEntityOfPage\":{\"@id\":\"https:\/\/talivera.fr\/actualites\/une-nouvelle-generation-dartistes-aux-beaux-arts-pour-en-finir-encore\/\"},\"wordCount\":972,\"commentCount\":0,\"publisher\":{\"@id\":\"https:\/\/talivera.fr\/actualites\/#organization\"},\"image\":{\"@id\":\"https:\/\/talivera.fr\/actualites\/une-nouvelle-generation-dartistes-aux-beaux-arts-pour-en-finir-encore\/#primaryimage\"},\"thumbnailUrl\":\"https:\/\/talivera.fr\/actualites\/wp-content\/uploads\/2022\/11\/Pour-en-finir-encore-Mise-en-avant-scaled.jpg\",\"articleSection\":[\"\u00c9v\u00e8nement\",\"Exposition\"],\"inLanguage\":\"fr-FR\",\"potentialAction\":[{\"@type\":\"CommentAction\",\"name\":\"Comment\",\"target\":[\"https:\/\/talivera.fr\/actualites\/une-nouvelle-generation-dartistes-aux-beaux-arts-pour-en-finir-encore\/#respond\"]}]},{\"@type\":\"WebPage\",\"@id\":\"https:\/\/talivera.fr\/actualites\/une-nouvelle-generation-dartistes-aux-beaux-arts-pour-en-finir-encore\/\",\"url\":\"https:\/\/talivera.fr\/actualites\/une-nouvelle-generation-dartistes-aux-beaux-arts-pour-en-finir-encore\/\",\"name\":\"Une nouvelle g\u00e9n\u00e9ration d'artistes aux Beaux-Arts \u00ab\u00a0Pour en finir encore\u00a0\u00bb - Culture Bien-\u00eatre\",\"isPartOf\":{\"@id\":\"https:\/\/talivera.fr\/actualites\/#website\"},\"primaryImageOfPage\":{\"@id\":\"https:\/\/talivera.fr\/actualites\/une-nouvelle-generation-dartistes-aux-beaux-arts-pour-en-finir-encore\/#primaryimage\"},\"image\":{\"@id\":\"https:\/\/talivera.fr\/actualites\/une-nouvelle-generation-dartistes-aux-beaux-arts-pour-en-finir-encore\/#primaryimage\"},\"thumbnailUrl\":\"https:\/\/talivera.fr\/actualites\/wp-content\/uploads\/2022\/11\/Pour-en-finir-encore-Mise-en-avant-scaled.jpg\",\"datePublished\":\"2022-11-21T07:30:05+00:00\",\"dateModified\":\"2023-01-05T13:56:22+00:00\",\"breadcrumb\":{\"@id\":\"https:\/\/talivera.fr\/actualites\/une-nouvelle-generation-dartistes-aux-beaux-arts-pour-en-finir-encore\/#breadcrumb\"},\"inLanguage\":\"fr-FR\",\"potentialAction\":[{\"@type\":\"ReadAction\",\"target\":[\"https:\/\/talivera.fr\/actualites\/une-nouvelle-generation-dartistes-aux-beaux-arts-pour-en-finir-encore\/\"]}]},{\"@type\":\"ImageObject\",\"inLanguage\":\"fr-FR\",\"@id\":\"https:\/\/talivera.fr\/actualites\/une-nouvelle-generation-dartistes-aux-beaux-arts-pour-en-finir-encore\/#primaryimage\",\"url\":\"https:\/\/talivera.fr\/actualites\/wp-content\/uploads\/2022\/11\/Pour-en-finir-encore-Mise-en-avant-scaled.jpg\",\"contentUrl\":\"https:\/\/talivera.fr\/actualites\/wp-content\/uploads\/2022\/11\/Pour-en-finir-encore-Mise-en-avant-scaled.jpg\",\"width\":2560,\"height\":1013},{\"@type\":\"BreadcrumbList\",\"@id\":\"https:\/\/talivera.fr\/actualites\/une-nouvelle-generation-dartistes-aux-beaux-arts-pour-en-finir-encore\/#breadcrumb\",\"itemListElement\":[{\"@type\":\"ListItem\",\"position\":1,\"name\":\"Home\",\"item\":\"https:\/\/talivera.fr\/actualites\/\"},{\"@type\":\"ListItem\",\"position\":2,\"name\":\"Une nouvelle g\u00e9n\u00e9ration d&rsquo;artistes aux Beaux-Arts \u00ab\u00a0Pour en finir encore\u00a0\u00bb\"}]},{\"@type\":\"WebSite\",\"@id\":\"https:\/\/talivera.fr\/actualites\/#website\",\"url\":\"https:\/\/talivera.fr\/actualites\/\",\"name\":\"Culture Bien-\u00eatre\",\"description\":\"Talivera, plus proche de la culture\",\"publisher\":{\"@id\":\"https:\/\/talivera.fr\/actualites\/#organization\"},\"potentialAction\":[{\"@type\":\"SearchAction\",\"target\":{\"@type\":\"EntryPoint\",\"urlTemplate\":\"https:\/\/talivera.fr\/actualites\/?s={search_term_string}\"},\"query-input\":{\"@type\":\"PropertyValueSpecification\",\"valueRequired\":true,\"valueName\":\"search_term_string\"}}],\"inLanguage\":\"fr-FR\"},{\"@type\":\"Organization\",\"@id\":\"https:\/\/talivera.fr\/actualites\/#organization\",\"name\":\"Culture Bien-\u00eatre\",\"url\":\"https:\/\/talivera.fr\/actualites\/\",\"logo\":{\"@type\":\"ImageObject\",\"inLanguage\":\"fr-FR\",\"@id\":\"https:\/\/talivera.fr\/actualites\/#\/schema\/logo\/image\/\",\"url\":\"https:\/\/talivera.fr\/actualites\/wp-content\/uploads\/2022\/06\/cropped-cropped-TALI-Logo-fond-blanc-SS-220513.png\",\"contentUrl\":\"https:\/\/talivera.fr\/actualites\/wp-content\/uploads\/2022\/06\/cropped-cropped-TALI-Logo-fond-blanc-SS-220513.png\",\"width\":760,\"height\":272,\"caption\":\"Culture Bien-\u00eatre\"},\"image\":{\"@id\":\"https:\/\/talivera.fr\/actualites\/#\/schema\/logo\/image\/\"}},{\"@type\":\"Person\",\"@id\":\"https:\/\/talivera.fr\/actualites\/#\/schema\/person\/6f7da364c6dd2c35a1268d64d87d2133\",\"name\":\"talivera\",\"image\":{\"@type\":\"ImageObject\",\"inLanguage\":\"fr-FR\",\"@id\":\"https:\/\/talivera.fr\/actualites\/#\/schema\/person\/image\/\",\"url\":\"https:\/\/secure.gravatar.com\/avatar\/9cc99a2be3b13f52ccf55b39d3952bc77029d605431f7c7570ce9a2963513de9?s=96&d=mm&r=g\",\"contentUrl\":\"https:\/\/secure.gravatar.com\/avatar\/9cc99a2be3b13f52ccf55b39d3952bc77029d605431f7c7570ce9a2963513de9?s=96&d=mm&r=g\",\"caption\":\"talivera\"},\"sameAs\":[\"https:\/\/talivera.fr\",\"https:\/\/www.facebook.com\/sortirdecouvrir\/\",\"https:\/\/www.instagram.com\/talivera_\/?hl=fr\",\"https:\/\/x.com\/https:\/\/twitter.com\/talivera_\"],\"url\":\"https:\/\/talivera.fr\/actualites\/author\/talivera\/\"}]}<\/script>\n<!-- \/ Yoast SEO plugin. -->","yoast_head_json":{"title":"Une nouvelle g\u00e9n\u00e9ration d'artistes aux Beaux-Arts \u00ab\u00a0Pour en finir encore\u00a0\u00bb - Culture Bien-\u00eatre","robots":{"index":"index","follow":"follow","max-snippet":"max-snippet:-1","max-image-preview":"max-image-preview:large","max-video-preview":"max-video-preview:-1"},"canonical":"https:\/\/talivera.fr\/actualites\/une-nouvelle-generation-dartistes-aux-beaux-arts-pour-en-finir-encore\/","og_locale":"fr_FR","og_type":"article","og_title":"Une nouvelle g\u00e9n\u00e9ration d'artistes aux Beaux-Arts \u00ab\u00a0Pour en finir encore\u00a0\u00bb - Culture Bien-\u00eatre","og_description":"L\u2019\u00e9cole des Beaux-Arts de Paris expose dans le Palais Malaquais le travail des \u00e9tudiants f\u00e9licit\u00e9s par le jury en 2022 : des \u0153uvres marqu\u00e9es par les int\u00e9r\u00eats partag\u00e9s d\u2019une g\u00e9n\u00e9ration, par une \u00e9cologie de moyen et par le d\u00e9sir de faire ensemble. Une exposition \u00ab&nbsp;Pour en finir encore&nbsp;\u00bb avec les vieilles conceptions de l&rsquo;histoire de &hellip; Une nouvelle g\u00e9n\u00e9ration d&rsquo;artistes aux Beaux-Arts \u00ab\u00a0Pour en finir encore\u00a0\u00bb Lire la suite\u00a0\u00bb","og_url":"https:\/\/talivera.fr\/actualites\/une-nouvelle-generation-dartistes-aux-beaux-arts-pour-en-finir-encore\/","og_site_name":"Culture Bien-\u00eatre","article_author":"https:\/\/www.facebook.com\/sortirdecouvrir\/","article_published_time":"2022-11-21T07:30:05+00:00","article_modified_time":"2023-01-05T13:56:22+00:00","og_image":[{"width":2560,"height":1013,"url":"https:\/\/talivera.fr\/actualites\/wp-content\/uploads\/2022\/11\/Pour-en-finir-encore-Mise-en-avant-scaled.jpg","type":"image\/jpeg"}],"author":"talivera","twitter_card":"summary_large_image","twitter_creator":"@https:\/\/twitter.com\/talivera_","twitter_misc":{"\u00c9crit par":"talivera","Dur\u00e9e de lecture estim\u00e9e":"5 minutes"},"schema":{"@context":"https:\/\/schema.org","@graph":[{"@type":"Article","@id":"https:\/\/talivera.fr\/actualites\/une-nouvelle-generation-dartistes-aux-beaux-arts-pour-en-finir-encore\/#article","isPartOf":{"@id":"https:\/\/talivera.fr\/actualites\/une-nouvelle-generation-dartistes-aux-beaux-arts-pour-en-finir-encore\/"},"author":{"name":"talivera","@id":"https:\/\/talivera.fr\/actualites\/#\/schema\/person\/6f7da364c6dd2c35a1268d64d87d2133"},"headline":"Une nouvelle g\u00e9n\u00e9ration d&rsquo;artistes aux Beaux-Arts \u00ab\u00a0Pour en finir encore\u00a0\u00bb","datePublished":"2022-11-21T07:30:05+00:00","dateModified":"2023-01-05T13:56:22+00:00","mainEntityOfPage":{"@id":"https:\/\/talivera.fr\/actualites\/une-nouvelle-generation-dartistes-aux-beaux-arts-pour-en-finir-encore\/"},"wordCount":972,"commentCount":0,"publisher":{"@id":"https:\/\/talivera.fr\/actualites\/#organization"},"image":{"@id":"https:\/\/talivera.fr\/actualites\/une-nouvelle-generation-dartistes-aux-beaux-arts-pour-en-finir-encore\/#primaryimage"},"thumbnailUrl":"https:\/\/talivera.fr\/actualites\/wp-content\/uploads\/2022\/11\/Pour-en-finir-encore-Mise-en-avant-scaled.jpg","articleSection":["\u00c9v\u00e8nement","Exposition"],"inLanguage":"fr-FR","potentialAction":[{"@type":"CommentAction","name":"Comment","target":["https:\/\/talivera.fr\/actualites\/une-nouvelle-generation-dartistes-aux-beaux-arts-pour-en-finir-encore\/#respond"]}]},{"@type":"WebPage","@id":"https:\/\/talivera.fr\/actualites\/une-nouvelle-generation-dartistes-aux-beaux-arts-pour-en-finir-encore\/","url":"https:\/\/talivera.fr\/actualites\/une-nouvelle-generation-dartistes-aux-beaux-arts-pour-en-finir-encore\/","name":"Une nouvelle g\u00e9n\u00e9ration d'artistes aux Beaux-Arts \u00ab\u00a0Pour en finir encore\u00a0\u00bb - Culture Bien-\u00eatre","isPartOf":{"@id":"https:\/\/talivera.fr\/actualites\/#website"},"primaryImageOfPage":{"@id":"https:\/\/talivera.fr\/actualites\/une-nouvelle-generation-dartistes-aux-beaux-arts-pour-en-finir-encore\/#primaryimage"},"image":{"@id":"https:\/\/talivera.fr\/actualites\/une-nouvelle-generation-dartistes-aux-beaux-arts-pour-en-finir-encore\/#primaryimage"},"thumbnailUrl":"https:\/\/talivera.fr\/actualites\/wp-content\/uploads\/2022\/11\/Pour-en-finir-encore-Mise-en-avant-scaled.jpg","datePublished":"2022-11-21T07:30:05+00:00","dateModified":"2023-01-05T13:56:22+00:00","breadcrumb":{"@id":"https:\/\/talivera.fr\/actualites\/une-nouvelle-generation-dartistes-aux-beaux-arts-pour-en-finir-encore\/#breadcrumb"},"inLanguage":"fr-FR","potentialAction":[{"@type":"ReadAction","target":["https:\/\/talivera.fr\/actualites\/une-nouvelle-generation-dartistes-aux-beaux-arts-pour-en-finir-encore\/"]}]},{"@type":"ImageObject","inLanguage":"fr-FR","@id":"https:\/\/talivera.fr\/actualites\/une-nouvelle-generation-dartistes-aux-beaux-arts-pour-en-finir-encore\/#primaryimage","url":"https:\/\/talivera.fr\/actualites\/wp-content\/uploads\/2022\/11\/Pour-en-finir-encore-Mise-en-avant-scaled.jpg","contentUrl":"https:\/\/talivera.fr\/actualites\/wp-content\/uploads\/2022\/11\/Pour-en-finir-encore-Mise-en-avant-scaled.jpg","width":2560,"height":1013},{"@type":"BreadcrumbList","@id":"https:\/\/talivera.fr\/actualites\/une-nouvelle-generation-dartistes-aux-beaux-arts-pour-en-finir-encore\/#breadcrumb","itemListElement":[{"@type":"ListItem","position":1,"name":"Home","item":"https:\/\/talivera.fr\/actualites\/"},{"@type":"ListItem","position":2,"name":"Une nouvelle g\u00e9n\u00e9ration d&rsquo;artistes aux Beaux-Arts \u00ab\u00a0Pour en finir encore\u00a0\u00bb"}]},{"@type":"WebSite","@id":"https:\/\/talivera.fr\/actualites\/#website","url":"https:\/\/talivera.fr\/actualites\/","name":"Culture Bien-\u00eatre","description":"Talivera, plus proche de la culture","publisher":{"@id":"https:\/\/talivera.fr\/actualites\/#organization"},"potentialAction":[{"@type":"SearchAction","target":{"@type":"EntryPoint","urlTemplate":"https:\/\/talivera.fr\/actualites\/?s={search_term_string}"},"query-input":{"@type":"PropertyValueSpecification","valueRequired":true,"valueName":"search_term_string"}}],"inLanguage":"fr-FR"},{"@type":"Organization","@id":"https:\/\/talivera.fr\/actualites\/#organization","name":"Culture Bien-\u00eatre","url":"https:\/\/talivera.fr\/actualites\/","logo":{"@type":"ImageObject","inLanguage":"fr-FR","@id":"https:\/\/talivera.fr\/actualites\/#\/schema\/logo\/image\/","url":"https:\/\/talivera.fr\/actualites\/wp-content\/uploads\/2022\/06\/cropped-cropped-TALI-Logo-fond-blanc-SS-220513.png","contentUrl":"https:\/\/talivera.fr\/actualites\/wp-content\/uploads\/2022\/06\/cropped-cropped-TALI-Logo-fond-blanc-SS-220513.png","width":760,"height":272,"caption":"Culture Bien-\u00eatre"},"image":{"@id":"https:\/\/talivera.fr\/actualites\/#\/schema\/logo\/image\/"}},{"@type":"Person","@id":"https:\/\/talivera.fr\/actualites\/#\/schema\/person\/6f7da364c6dd2c35a1268d64d87d2133","name":"talivera","image":{"@type":"ImageObject","inLanguage":"fr-FR","@id":"https:\/\/talivera.fr\/actualites\/#\/schema\/person\/image\/","url":"https:\/\/secure.gravatar.com\/avatar\/9cc99a2be3b13f52ccf55b39d3952bc77029d605431f7c7570ce9a2963513de9?s=96&d=mm&r=g","contentUrl":"https:\/\/secure.gravatar.com\/avatar\/9cc99a2be3b13f52ccf55b39d3952bc77029d605431f7c7570ce9a2963513de9?s=96&d=mm&r=g","caption":"talivera"},"sameAs":["https:\/\/talivera.fr","https:\/\/www.facebook.com\/sortirdecouvrir\/","https:\/\/www.instagram.com\/talivera_\/?hl=fr","https:\/\/x.com\/https:\/\/twitter.com\/talivera_"],"url":"https:\/\/talivera.fr\/actualites\/author\/talivera\/"}]}},"jetpack_featured_media_url":"https:\/\/talivera.fr\/actualites\/wp-content\/uploads\/2022\/11\/Pour-en-finir-encore-Mise-en-avant-scaled.jpg","jetpack_sharing_enabled":true,"_links":{"self":[{"href":"https:\/\/talivera.fr\/actualites\/wp-json\/wp\/v2\/posts\/8521","targetHints":{"allow":["GET"]}}],"collection":[{"href":"https:\/\/talivera.fr\/actualites\/wp-json\/wp\/v2\/posts"}],"about":[{"href":"https:\/\/talivera.fr\/actualites\/wp-json\/wp\/v2\/types\/post"}],"author":[{"embeddable":true,"href":"https:\/\/talivera.fr\/actualites\/wp-json\/wp\/v2\/users\/1"}],"replies":[{"embeddable":true,"href":"https:\/\/talivera.fr\/actualites\/wp-json\/wp\/v2\/comments?post=8521"}],"version-history":[{"count":22,"href":"https:\/\/talivera.fr\/actualites\/wp-json\/wp\/v2\/posts\/8521\/revisions"}],"predecessor-version":[{"id":9016,"href":"https:\/\/talivera.fr\/actualites\/wp-json\/wp\/v2\/posts\/8521\/revisions\/9016"}],"wp:featuredmedia":[{"embeddable":true,"href":"https:\/\/talivera.fr\/actualites\/wp-json\/wp\/v2\/media\/8584"}],"wp:attachment":[{"href":"https:\/\/talivera.fr\/actualites\/wp-json\/wp\/v2\/media?parent=8521"}],"wp:term":[{"taxonomy":"category","embeddable":true,"href":"https:\/\/talivera.fr\/actualites\/wp-json\/wp\/v2\/categories?post=8521"},{"taxonomy":"post_tag","embeddable":true,"href":"https:\/\/talivera.fr\/actualites\/wp-json\/wp\/v2\/tags?post=8521"}],"curies":[{"name":"wp","href":"https:\/\/api.w.org\/{rel}","templated":true}]}}