{"id":842,"date":"2019-06-17T10:49:15","date_gmt":"2019-06-17T08:49:15","guid":{"rendered":"https:\/\/talivera.fr\/actualites\/?p=842"},"modified":"2020-09-21T16:52:40","modified_gmt":"2020-09-21T14:52:40","slug":"la-nuit-etoilee-une-nuit-mouvementee","status":"publish","type":"post","link":"https:\/\/talivera.fr\/actualites\/la-nuit-etoilee-une-nuit-mouvementee\/","title":{"rendered":"La Nuit \u00e9toil\u00e9e, une nuit mouvement\u00e9e"},"content":{"rendered":"\n<p class=\"has-medium-font-size\">Artiste hollandais postimpressionniste majeur, Vincent Van Gogh, s\u2019installe \u00e0 Paris chez son fr\u00e8re Th\u00e9o, avant de partir en Province \u00e0 la recherche de nouvelles exp\u00e9riences picturales. L\u00e0-bas, il collabore avec son ami Gauguin mais leur relation conflictuelle m\u00e8ne le peintre \u00e0 un acte de folie&nbsp;: se trancher l\u2019oreille. \ud83d\udc42<\/p>\n\n\n\n<p><\/p>\n\n\n\n<h2 class=\"wp-block-heading\">\ud83d\udc68\u200d\ud83c\udfa8<strong>Un peintre au caract\u00e8re fragile <\/strong>\ud83d\udc68\u200d\ud83c\udfa8<\/h2>\n\n\n\n<p class=\"has-very-light-gray-background-color has-background\">Ce geste grave conduit Van Gogh \u00e0 une hospitalisation dont il sort fragilis\u00e9. Son caract\u00e8re est variant et il souffre de sauts d\u2019humeur. <\/p>\n\n\n\n<p class=\"has-very-light-gray-background-color has-background\">Le peintre est diagnostiqu\u00e9 <strong>schizophr\u00e8ne <\/strong>et <strong>bipolaire<\/strong>. Il alterne les phases maniaques d\u2019euphorie et de joie \u2026 et les phases d\u00e9pressives caract\u00e9ris\u00e9es par des moments de tristesse intense, le tout entrecoup\u00e9 de phases libres. <\/p>\n\n\n\n<div class=\"wp-block-image\"><figure class=\"aligncenter is-resized\"><img loading=\"lazy\" decoding=\"async\" src=\"https:\/\/talivera.fr\/actualites\/wp-content\/uploads\/2019\/06\/autoportrait.jpg\" alt=\"\" class=\"wp-image-845\" width=\"496\" height=\"584\" srcset=\"https:\/\/talivera.fr\/actualites\/wp-content\/uploads\/2019\/06\/autoportrait.jpg 868w, https:\/\/talivera.fr\/actualites\/wp-content\/uploads\/2019\/06\/autoportrait-255x300.jpg 255w, https:\/\/talivera.fr\/actualites\/wp-content\/uploads\/2019\/06\/autoportrait-768x905.jpg 768w\" sizes=\"auto, (max-width: 496px) 100vw, 496px\" \/><figcaption><em>Portrait de l&rsquo;artiste<\/em>, 1889, Mus\u00e9e d&rsquo;Orsay. <\/figcaption><\/figure><\/div>\n\n\n\n<p class=\"has-text-align-center has-very-light-gray-background-color has-background\">D\u00e9j\u00e0 \u00e0 Paris son fr\u00e8re \u00e9voque son <strong>comportement tourment\u00e9<\/strong>&nbsp;: <\/p>\n\n\n\n<p class=\"has-text-align-center has-cyan-bluish-gray-background-color has-background\"><em>\u00ab\u00a0On dirait qu&rsquo;il y a deux personnes en lui, une qui est merveilleusement dou\u00e9e, tendre et raffin\u00e9e et l&rsquo;autre qui est \u00e9gocentrique et impitoyable.&nbsp;\u00bb<\/em><\/p>\n\n\n\n<p class=\"has-very-light-gray-background-color has-background\">Conscient de l\u2019\u00e9tat avanc\u00e9 de sa maladie, le 8 mai 1889, Van Gogh quitte Arles pour se faire interner \u00e0 Saint R\u00e9my-de-Provence. C\u2019est l\u00e0 qu\u2019il r\u00e9alise <em>La Nuit Etoil\u00e9e<\/em>, chef d\u2019\u0153uvre de la fin du XIX\u00e8me si\u00e8cle dont l\u2019histoire et la r\u00e9alisation m\u00e9ritent de se pencher sur l\u2019\u0153uvre en question. <\/p>\n\n\n\n<h2 class=\"wp-block-heading\">\ud83d\udd8c<strong>La peinture comme \u00e9chappatoire<\/strong>\ud83d\udd8c<\/h2>\n\n\n\n<p class=\"has-very-light-gray-background-color has-background\">Bien qu\u2019intern\u00e9, rien n\u2019arr\u00eate le <strong>g\u00e9nie cr\u00e9ateur<\/strong> de Van Gogh pour qui la peinture apparait comme une \u00e9chappatoire. Ses troubles se traduisent via des formes et des mouvements cr\u00e9\u00e9s par des spirales et des remous. <\/p>\n\n\n\n<p class=\"has-very-light-gray-background-color has-background\">Si l\u2019\u0153uvre s\u2019appelle <em>la Nuit Etoil\u00e9e<\/em>, elle aurait pu s\u2019appeler simplement <em>Enclos<\/em>\u2026 le titre est certes moins vendeur mais cependant c\u2019est bien ce que le peintre voyait depuis sa fen\u00eatre. Le village que l\u2019on aper\u00e7oit n\u2019est que <strong>le fruit de l\u2019imagination <\/strong>du peintre. C\u2019est son imaginaire florissant qui le guide dans la r\u00e9alisation de ses paysages fictifs. <\/p>\n\n\n\n<h2 class=\"wp-block-heading\">\ud83c\udf1f <strong>Un imaginaire certes, mais de la v\u00e9rit\u00e9 aussi <\/strong>\ud83c\udf1f<\/h2>\n\n\n\n<p class=\"has-very-light-gray-background-color has-background\">Le tableau est caract\u00e9ris\u00e9 par une temp\u00e9tueuse spirale qui lui conf\u00e8re une sensation de mouvement. L\u2019astronomie \u00e0 cette p\u00e9riode commence \u00e0 \u00eatre popularis\u00e9e par des livres contenant les premi\u00e8res photographies du ciel. Ici le peintre repr\u00e9sente en fait une n\u00e9buleuse, soit un amas de gaz et de poussi\u00e8res interstellaires. <\/p>\n\n\n\n<figure class=\"wp-block-image\"><img loading=\"lazy\" decoding=\"async\" width=\"898\" height=\"720\" src=\"https:\/\/talivera.fr\/actualites\/wp-content\/uploads\/2019\/06\/nuit-\u00e9toil\u00e9e.jpg\" alt=\"\" class=\"wp-image-848\" srcset=\"https:\/\/talivera.fr\/actualites\/wp-content\/uploads\/2019\/06\/nuit-\u00e9toil\u00e9e.jpg 898w, https:\/\/talivera.fr\/actualites\/wp-content\/uploads\/2019\/06\/nuit-\u00e9toil\u00e9e-300x241.jpg 300w, https:\/\/talivera.fr\/actualites\/wp-content\/uploads\/2019\/06\/nuit-\u00e9toil\u00e9e-768x616.jpg 768w\" sizes=\"auto, (max-width: 898px) 100vw, 898px\" \/><figcaption><em>La Nuit Etoil\u00e9e<\/em>, 1889, MoMA, NY<\/figcaption><\/figure>\n\n\n\n<p class=\"has-very-light-gray-background-color has-background\">De m\u00eame, l\u2019\u00e9toile\nentour\u00e9e d\u2019une alv\u00e9ole blanche n\u2019est autre que la plan\u00e8te Venus, qui ach\u00e8ve en\n1889 son cycle, d\u2019o\u00f9 une luminosit\u00e9 si importante.<\/p>\n\n\n\n<p class=\"has-very-light-gray-background-color has-background\"><strong>Passionn\u00e9 d\u2019astronomie<\/strong>, ici la v\u00e9rit\u00e9 scientifique est bien av\u00e9r\u00e9e. &nbsp;Lecteur de la revue <em>L\u2019Astronomie<\/em> \u00e9dit\u00e9e par son ami Camille Flammarion, Van Gogh s\u2019inspire d\u2019<strong>\u00e9v\u00e8nements r\u00e9els<\/strong> pour peindre ce tourbillon. <\/p>\n\n\n\n<h2 class=\"wp-block-heading\">\ud83d\ude35<strong>Un tableau contrast\u00e9 pour un peintre d\u00e9chir\u00e9<\/strong>\ud83d\ude35<\/h2>\n\n\n\n<p class=\"has-very-light-gray-background-color has-background\">Les couleurs, les formes, la touche, le sujet \u2026 tout\nprouve que le peintre est d\u00e9chir\u00e9 dans son processus de cr\u00e9ation. <\/p>\n\n\n\n<p class=\"has-very-light-gray-background-color has-background\">Le bleu dominant <strong>contraste <\/strong>avec le jaune dor\u00e9 explosif issu des \u00e9toiles et de la lune. Ces couleurs compl\u00e9mentaires assurent un r\u00e9el contraste au sein de la toile. <\/p>\n\n\n\n<p class=\"has-very-light-gray-background-color has-background\">Loin d\u2019\u00eatre lisse, la touche du peintre est caract\u00e9ris\u00e9e par de gros <strong>emp\u00e2tements<\/strong>. Sa priorit\u00e9 n\u2019est pas de recouvrir la toile. Il peint avec spontan\u00e9it\u00e9 et agressivit\u00e9. <\/p>\n\n\n\n<p class=\"has-very-light-gray-background-color has-background\">Les formes&nbsp;sinueuses sugg\u00e9r\u00e9es par des spirales et des enroulements sugg\u00e8rent le <strong>mouvement <\/strong>au sein de ce ciel \u00e9toil\u00e9. <\/p>\n\n\n\n<p class=\"has-very-light-gray-background-color has-background\">Enfin, le paysage poss\u00e8de une <strong>double dimension<\/strong>&nbsp;: \u00e0 la fois <strong>mena\u00e7ant <\/strong>(le ciel d\u00e9chain\u00e9 sugg\u00e8re un violent vent qui froisse et d\u00e9forme le cypr\u00e8s au premier plan), et <strong>idyllique <\/strong>(par la repr\u00e9sentation d\u2019un calme village par une nuit d\u2019\u00e9t\u00e9). <\/p>\n\n\n\n<h2 class=\"wp-block-heading\">\ud83e\udd2f<strong>Fou ou g\u00e9nie&nbsp;? <\/strong>\ud83e\udd2f<\/h2>\n\n\n\n<p class=\"has-very-light-gray-background-color has-background\">Les deux paroles semblent coller \u00e0 la peau du peintre dont <strong>la maladie a incontestablement influenc\u00e9 la production<\/strong>. Les contrastes qui caract\u00e9risent la <em>Nuit Etoil\u00e9e<\/em> traduisent l\u2019esprit bipolaire du peintre. Certains voient dans le paysage clos, une absence d\u2019\u00e9chappatoire. D\u2019autres voient dans les cypr\u00e8s et l\u2019\u00e9glise deux \u00e9l\u00e9ments terrestres faisant le lien avec le c\u00e9leste auquel aspire le peintre\u2026 \u00e0 chacun son interpr\u00e9tation. <\/p>\n\n\n\n<div class=\"wp-block-image\"><figure class=\"aligncenter\"><img loading=\"lazy\" decoding=\"async\" width=\"553\" height=\"720\" src=\"https:\/\/talivera.fr\/actualites\/wp-content\/uploads\/2019\/06\/asile-van-gogh.jpg\" alt=\"\" class=\"wp-image-846\" srcset=\"https:\/\/talivera.fr\/actualites\/wp-content\/uploads\/2019\/06\/asile-van-gogh.jpg 553w, https:\/\/talivera.fr\/actualites\/wp-content\/uploads\/2019\/06\/asile-van-gogh-230x300.jpg 230w\" sizes=\"auto, (max-width: 553px) 100vw, 553px\" \/><figcaption><em>Couloir dans l&rsquo;Asile<\/em>, 1889<\/figcaption><\/figure><\/div>\n\n\n\n<h2 class=\"wp-block-heading\"><strong>\u2728Un hommage au peintre \u00e0 l&rsquo;Atelier des lumi\u00e8res \u2728<\/strong><\/h2>\n\n\n\n<p class=\"has-very-light-gray-background-color has-background\">Apr\u00e8s Klimt et Schiele, l&rsquo;Atelier des Lumi\u00e8res rend un grand hommage au peintre hollandais \u00e0 travers une immersion dans ses toiles. <\/p>\n\n\n\n<p class=\"has-very-light-gray-background-color has-background\">La projection qui occupe la totalit\u00e9 de l\u2019espace de l\u2019Atelier assure une exp\u00e9rience immersive. L&rsquo;id\u00e9e est de parcourir la production de l&rsquo;artiste dont la vie tourment\u00e9e ne l&#8217;emp\u00eacha pas de peindre plus de 2000 tableaux durant les dix derni\u00e8res ann\u00e9es de sa vie ! <\/p>\n\n\n\n<div class=\"wp-block-image\"><figure class=\"aligncenter is-resized\"><img loading=\"lazy\" decoding=\"async\" src=\"https:\/\/talivera.fr\/actualites\/wp-content\/uploads\/2019\/06\/spiller_0835-1024x684.jpg\" alt=\"\" class=\"wp-image-857\" width=\"484\" height=\"323\" srcset=\"https:\/\/talivera.fr\/actualites\/wp-content\/uploads\/2019\/06\/spiller_0835-1024x684.jpg 1024w, https:\/\/talivera.fr\/actualites\/wp-content\/uploads\/2019\/06\/spiller_0835-300x200.jpg 300w, https:\/\/talivera.fr\/actualites\/wp-content\/uploads\/2019\/06\/spiller_0835-768x513.jpg 768w, https:\/\/talivera.fr\/actualites\/wp-content\/uploads\/2019\/06\/spiller_0835.jpg 1200w\" sizes=\"auto, (max-width: 484px) 100vw, 484px\" \/><figcaption>Copyright Culture espaces \/  E.Spiller <\/figcaption><\/figure><\/div>\n\n\n\n<p><\/p>\n\n\n\n<p><\/p>\n\n\n\n<p class=\"has-text-color has-background\" style=\"background-color:#4c458d;color:#fffcfc\"><a href=\"https:\/\/talivera.fr\/exposition\/van-gogh-en-lumiere-a67\">Cliquez ici pour aller voir Van Gogh en Lumi\u00e8re avec TALIVERA, prochaine sortie le 23 Juin \u00e0 17h. <\/a><\/p>\n\n\n\n<p class=\"has-text-color has-background\" style=\"background-color:#4c458d;color:#fffcfc\">Restons connect\u00e9s, rejoignez-nous sur&nbsp;<strong><a href=\"https:\/\/www.instagram.com\/talivera_\/?hl=fr\">Instagram<\/a><\/strong>&nbsp;et&nbsp;<strong><a href=\"https:\/\/www.facebook.com\/sortirdecouvrir\/\">Facebook<\/a><\/strong> \ud83d\ude0a<\/p>\n","protected":false},"excerpt":{"rendered":"<p>Artiste hollandais postimpressionniste majeur, Vincent Van Gogh, s\u2019installe \u00e0 Paris chez son fr\u00e8re Th\u00e9o, avant de partir en Province \u00e0 la recherche de nouvelles exp\u00e9riences picturales. L\u00e0-bas, il collabore avec son ami Gauguin mais leur relation conflictuelle m\u00e8ne le peintre \u00e0 un acte de folie&nbsp;: se trancher l\u2019oreille. \ud83d\udc42 \ud83d\udc68\u200d\ud83c\udfa8Un peintre au caract\u00e8re fragile \ud83d\udc68\u200d\ud83c\udfa8 &hellip;<\/p>\n<p class=\"read-more\"> <a class=\"\" href=\"https:\/\/talivera.fr\/actualites\/la-nuit-etoilee-une-nuit-mouvementee\/\"> <span class=\"screen-reader-text\">La Nuit \u00e9toil\u00e9e, une nuit mouvement\u00e9e<\/span> Lire la suite\u00a0\u00bb<\/a><\/p>\n","protected":false},"author":1,"featured_media":844,"comment_status":"open","ping_status":"open","sticky":false,"template":"","format":"standard","meta":{"_jetpack_memberships_contains_paid_content":false,"footnotes":""},"categories":[136,21],"tags":[],"class_list":["post-842","post","type-post","status-publish","format-standard","has-post-thumbnail","hentry","category-zoom-exposition","category-exposition-2"],"yoast_head":"<!-- This site is optimized with the Yoast SEO plugin v24.9 - https:\/\/yoast.com\/wordpress\/plugins\/seo\/ -->\n<title>La Nuit \u00e9toil\u00e9e, une nuit mouvement\u00e9e - Culture Bien-\u00eatre<\/title>\n<meta name=\"description\" content=\"La Nuit Etoil\u00e9e est l&#039;une des peintures le plus connues de Van Gogh, TALIVERA vous propose de voir \u00e0 quel point sa folie a infleunc\u00e9 sa peinture.\" \/>\n<meta name=\"robots\" content=\"index, follow, max-snippet:-1, max-image-preview:large, max-video-preview:-1\" \/>\n<link rel=\"canonical\" href=\"https:\/\/talivera.fr\/actualites\/la-nuit-etoilee-une-nuit-mouvementee\/\" \/>\n<meta property=\"og:locale\" content=\"fr_FR\" \/>\n<meta property=\"og:type\" content=\"article\" \/>\n<meta property=\"og:title\" content=\"La Nuit \u00e9toil\u00e9e, une nuit mouvement\u00e9e - Culture Bien-\u00eatre\" \/>\n<meta property=\"og:description\" content=\"La Nuit Etoil\u00e9e est l&#039;une des peintures le plus connues de Van Gogh, TALIVERA vous propose de voir \u00e0 quel point sa folie a infleunc\u00e9 sa peinture.\" \/>\n<meta property=\"og:url\" content=\"https:\/\/talivera.fr\/actualites\/la-nuit-etoilee-une-nuit-mouvementee\/\" \/>\n<meta property=\"og:site_name\" content=\"Culture Bien-\u00eatre\" \/>\n<meta property=\"article:author\" content=\"https:\/\/www.facebook.com\/sortirdecouvrir\/\" \/>\n<meta property=\"article:published_time\" content=\"2019-06-17T08:49:15+00:00\" \/>\n<meta property=\"article:modified_time\" content=\"2020-09-21T14:52:40+00:00\" \/>\n<meta property=\"og:image\" content=\"https:\/\/talivera.fr\/actualites\/wp-content\/uploads\/2019\/06\/nuit-\u00e9toil\u00e9e-van-gogh-ciel-.jpg\" \/>\n\t<meta property=\"og:image:width\" content=\"898\" \/>\n\t<meta property=\"og:image:height\" content=\"720\" \/>\n\t<meta property=\"og:image:type\" content=\"image\/jpeg\" \/>\n<meta name=\"author\" content=\"talivera\" \/>\n<meta name=\"twitter:card\" content=\"summary_large_image\" \/>\n<meta name=\"twitter:creator\" content=\"@https:\/\/twitter.com\/talivera_\" \/>\n<meta name=\"twitter:label1\" content=\"\u00c9crit par\" \/>\n\t<meta name=\"twitter:data1\" content=\"talivera\" \/>\n\t<meta name=\"twitter:label2\" content=\"Dur\u00e9e de lecture estim\u00e9e\" \/>\n\t<meta name=\"twitter:data2\" content=\"4 minutes\" \/>\n<script type=\"application\/ld+json\" class=\"yoast-schema-graph\">{\"@context\":\"https:\/\/schema.org\",\"@graph\":[{\"@type\":\"Article\",\"@id\":\"https:\/\/talivera.fr\/actualites\/la-nuit-etoilee-une-nuit-mouvementee\/#article\",\"isPartOf\":{\"@id\":\"https:\/\/talivera.fr\/actualites\/la-nuit-etoilee-une-nuit-mouvementee\/\"},\"author\":{\"name\":\"talivera\",\"@id\":\"https:\/\/talivera.fr\/actualites\/#\/schema\/person\/6f7da364c6dd2c35a1268d64d87d2133\"},\"headline\":\"La Nuit \u00e9toil\u00e9e, une nuit mouvement\u00e9e\",\"datePublished\":\"2019-06-17T08:49:15+00:00\",\"dateModified\":\"2020-09-21T14:52:40+00:00\",\"mainEntityOfPage\":{\"@id\":\"https:\/\/talivera.fr\/actualites\/la-nuit-etoilee-une-nuit-mouvementee\/\"},\"wordCount\":847,\"commentCount\":0,\"publisher\":{\"@id\":\"https:\/\/talivera.fr\/actualites\/#organization\"},\"image\":{\"@id\":\"https:\/\/talivera.fr\/actualites\/la-nuit-etoilee-une-nuit-mouvementee\/#primaryimage\"},\"thumbnailUrl\":\"https:\/\/talivera.fr\/actualites\/wp-content\/uploads\/2019\/06\/nuit-\u00e9toil\u00e9e-van-gogh-ciel-.jpg\",\"articleSection\":[\"\u00c9v\u00e8nement\",\"Exposition\"],\"inLanguage\":\"fr-FR\",\"potentialAction\":[{\"@type\":\"CommentAction\",\"name\":\"Comment\",\"target\":[\"https:\/\/talivera.fr\/actualites\/la-nuit-etoilee-une-nuit-mouvementee\/#respond\"]}]},{\"@type\":\"WebPage\",\"@id\":\"https:\/\/talivera.fr\/actualites\/la-nuit-etoilee-une-nuit-mouvementee\/\",\"url\":\"https:\/\/talivera.fr\/actualites\/la-nuit-etoilee-une-nuit-mouvementee\/\",\"name\":\"La Nuit \u00e9toil\u00e9e, une nuit mouvement\u00e9e - Culture Bien-\u00eatre\",\"isPartOf\":{\"@id\":\"https:\/\/talivera.fr\/actualites\/#website\"},\"primaryImageOfPage\":{\"@id\":\"https:\/\/talivera.fr\/actualites\/la-nuit-etoilee-une-nuit-mouvementee\/#primaryimage\"},\"image\":{\"@id\":\"https:\/\/talivera.fr\/actualites\/la-nuit-etoilee-une-nuit-mouvementee\/#primaryimage\"},\"thumbnailUrl\":\"https:\/\/talivera.fr\/actualites\/wp-content\/uploads\/2019\/06\/nuit-\u00e9toil\u00e9e-van-gogh-ciel-.jpg\",\"datePublished\":\"2019-06-17T08:49:15+00:00\",\"dateModified\":\"2020-09-21T14:52:40+00:00\",\"description\":\"La Nuit Etoil\u00e9e est l'une des peintures le plus connues de Van Gogh, TALIVERA vous propose de voir \u00e0 quel point sa folie a infleunc\u00e9 sa peinture.\",\"breadcrumb\":{\"@id\":\"https:\/\/talivera.fr\/actualites\/la-nuit-etoilee-une-nuit-mouvementee\/#breadcrumb\"},\"inLanguage\":\"fr-FR\",\"potentialAction\":[{\"@type\":\"ReadAction\",\"target\":[\"https:\/\/talivera.fr\/actualites\/la-nuit-etoilee-une-nuit-mouvementee\/\"]}]},{\"@type\":\"ImageObject\",\"inLanguage\":\"fr-FR\",\"@id\":\"https:\/\/talivera.fr\/actualites\/la-nuit-etoilee-une-nuit-mouvementee\/#primaryimage\",\"url\":\"https:\/\/talivera.fr\/actualites\/wp-content\/uploads\/2019\/06\/nuit-\u00e9toil\u00e9e-van-gogh-ciel-.jpg\",\"contentUrl\":\"https:\/\/talivera.fr\/actualites\/wp-content\/uploads\/2019\/06\/nuit-\u00e9toil\u00e9e-van-gogh-ciel-.jpg\",\"width\":898,\"height\":720},{\"@type\":\"BreadcrumbList\",\"@id\":\"https:\/\/talivera.fr\/actualites\/la-nuit-etoilee-une-nuit-mouvementee\/#breadcrumb\",\"itemListElement\":[{\"@type\":\"ListItem\",\"position\":1,\"name\":\"Home\",\"item\":\"https:\/\/talivera.fr\/actualites\/\"},{\"@type\":\"ListItem\",\"position\":2,\"name\":\"La Nuit \u00e9toil\u00e9e, une nuit mouvement\u00e9e\"}]},{\"@type\":\"WebSite\",\"@id\":\"https:\/\/talivera.fr\/actualites\/#website\",\"url\":\"https:\/\/talivera.fr\/actualites\/\",\"name\":\"Culture Bien-\u00eatre\",\"description\":\"Talivera, plus proche de la culture\",\"publisher\":{\"@id\":\"https:\/\/talivera.fr\/actualites\/#organization\"},\"potentialAction\":[{\"@type\":\"SearchAction\",\"target\":{\"@type\":\"EntryPoint\",\"urlTemplate\":\"https:\/\/talivera.fr\/actualites\/?s={search_term_string}\"},\"query-input\":{\"@type\":\"PropertyValueSpecification\",\"valueRequired\":true,\"valueName\":\"search_term_string\"}}],\"inLanguage\":\"fr-FR\"},{\"@type\":\"Organization\",\"@id\":\"https:\/\/talivera.fr\/actualites\/#organization\",\"name\":\"Culture Bien-\u00eatre\",\"url\":\"https:\/\/talivera.fr\/actualites\/\",\"logo\":{\"@type\":\"ImageObject\",\"inLanguage\":\"fr-FR\",\"@id\":\"https:\/\/talivera.fr\/actualites\/#\/schema\/logo\/image\/\",\"url\":\"https:\/\/talivera.fr\/actualites\/wp-content\/uploads\/2022\/06\/cropped-cropped-TALI-Logo-fond-blanc-SS-220513.png\",\"contentUrl\":\"https:\/\/talivera.fr\/actualites\/wp-content\/uploads\/2022\/06\/cropped-cropped-TALI-Logo-fond-blanc-SS-220513.png\",\"width\":760,\"height\":272,\"caption\":\"Culture Bien-\u00eatre\"},\"image\":{\"@id\":\"https:\/\/talivera.fr\/actualites\/#\/schema\/logo\/image\/\"}},{\"@type\":\"Person\",\"@id\":\"https:\/\/talivera.fr\/actualites\/#\/schema\/person\/6f7da364c6dd2c35a1268d64d87d2133\",\"name\":\"talivera\",\"image\":{\"@type\":\"ImageObject\",\"inLanguage\":\"fr-FR\",\"@id\":\"https:\/\/talivera.fr\/actualites\/#\/schema\/person\/image\/\",\"url\":\"https:\/\/secure.gravatar.com\/avatar\/9cc99a2be3b13f52ccf55b39d3952bc77029d605431f7c7570ce9a2963513de9?s=96&d=mm&r=g\",\"contentUrl\":\"https:\/\/secure.gravatar.com\/avatar\/9cc99a2be3b13f52ccf55b39d3952bc77029d605431f7c7570ce9a2963513de9?s=96&d=mm&r=g\",\"caption\":\"talivera\"},\"sameAs\":[\"https:\/\/talivera.fr\",\"https:\/\/www.facebook.com\/sortirdecouvrir\/\",\"https:\/\/www.instagram.com\/talivera_\/?hl=fr\",\"https:\/\/x.com\/https:\/\/twitter.com\/talivera_\"],\"url\":\"https:\/\/talivera.fr\/actualites\/author\/talivera\/\"}]}<\/script>\n<!-- \/ Yoast SEO plugin. -->","yoast_head_json":{"title":"La Nuit \u00e9toil\u00e9e, une nuit mouvement\u00e9e - Culture Bien-\u00eatre","description":"La Nuit Etoil\u00e9e est l'une des peintures le plus connues de Van Gogh, TALIVERA vous propose de voir \u00e0 quel point sa folie a infleunc\u00e9 sa peinture.","robots":{"index":"index","follow":"follow","max-snippet":"max-snippet:-1","max-image-preview":"max-image-preview:large","max-video-preview":"max-video-preview:-1"},"canonical":"https:\/\/talivera.fr\/actualites\/la-nuit-etoilee-une-nuit-mouvementee\/","og_locale":"fr_FR","og_type":"article","og_title":"La Nuit \u00e9toil\u00e9e, une nuit mouvement\u00e9e - Culture Bien-\u00eatre","og_description":"La Nuit Etoil\u00e9e est l'une des peintures le plus connues de Van Gogh, TALIVERA vous propose de voir \u00e0 quel point sa folie a infleunc\u00e9 sa peinture.","og_url":"https:\/\/talivera.fr\/actualites\/la-nuit-etoilee-une-nuit-mouvementee\/","og_site_name":"Culture Bien-\u00eatre","article_author":"https:\/\/www.facebook.com\/sortirdecouvrir\/","article_published_time":"2019-06-17T08:49:15+00:00","article_modified_time":"2020-09-21T14:52:40+00:00","og_image":[{"width":898,"height":720,"url":"https:\/\/talivera.fr\/actualites\/wp-content\/uploads\/2019\/06\/nuit-\u00e9toil\u00e9e-van-gogh-ciel-.jpg","type":"image\/jpeg"}],"author":"talivera","twitter_card":"summary_large_image","twitter_creator":"@https:\/\/twitter.com\/talivera_","twitter_misc":{"\u00c9crit par":"talivera","Dur\u00e9e de lecture estim\u00e9e":"4 minutes"},"schema":{"@context":"https:\/\/schema.org","@graph":[{"@type":"Article","@id":"https:\/\/talivera.fr\/actualites\/la-nuit-etoilee-une-nuit-mouvementee\/#article","isPartOf":{"@id":"https:\/\/talivera.fr\/actualites\/la-nuit-etoilee-une-nuit-mouvementee\/"},"author":{"name":"talivera","@id":"https:\/\/talivera.fr\/actualites\/#\/schema\/person\/6f7da364c6dd2c35a1268d64d87d2133"},"headline":"La Nuit \u00e9toil\u00e9e, une nuit mouvement\u00e9e","datePublished":"2019-06-17T08:49:15+00:00","dateModified":"2020-09-21T14:52:40+00:00","mainEntityOfPage":{"@id":"https:\/\/talivera.fr\/actualites\/la-nuit-etoilee-une-nuit-mouvementee\/"},"wordCount":847,"commentCount":0,"publisher":{"@id":"https:\/\/talivera.fr\/actualites\/#organization"},"image":{"@id":"https:\/\/talivera.fr\/actualites\/la-nuit-etoilee-une-nuit-mouvementee\/#primaryimage"},"thumbnailUrl":"https:\/\/talivera.fr\/actualites\/wp-content\/uploads\/2019\/06\/nuit-\u00e9toil\u00e9e-van-gogh-ciel-.jpg","articleSection":["\u00c9v\u00e8nement","Exposition"],"inLanguage":"fr-FR","potentialAction":[{"@type":"CommentAction","name":"Comment","target":["https:\/\/talivera.fr\/actualites\/la-nuit-etoilee-une-nuit-mouvementee\/#respond"]}]},{"@type":"WebPage","@id":"https:\/\/talivera.fr\/actualites\/la-nuit-etoilee-une-nuit-mouvementee\/","url":"https:\/\/talivera.fr\/actualites\/la-nuit-etoilee-une-nuit-mouvementee\/","name":"La Nuit \u00e9toil\u00e9e, une nuit mouvement\u00e9e - Culture Bien-\u00eatre","isPartOf":{"@id":"https:\/\/talivera.fr\/actualites\/#website"},"primaryImageOfPage":{"@id":"https:\/\/talivera.fr\/actualites\/la-nuit-etoilee-une-nuit-mouvementee\/#primaryimage"},"image":{"@id":"https:\/\/talivera.fr\/actualites\/la-nuit-etoilee-une-nuit-mouvementee\/#primaryimage"},"thumbnailUrl":"https:\/\/talivera.fr\/actualites\/wp-content\/uploads\/2019\/06\/nuit-\u00e9toil\u00e9e-van-gogh-ciel-.jpg","datePublished":"2019-06-17T08:49:15+00:00","dateModified":"2020-09-21T14:52:40+00:00","description":"La Nuit Etoil\u00e9e est l'une des peintures le plus connues de Van Gogh, TALIVERA vous propose de voir \u00e0 quel point sa folie a infleunc\u00e9 sa peinture.","breadcrumb":{"@id":"https:\/\/talivera.fr\/actualites\/la-nuit-etoilee-une-nuit-mouvementee\/#breadcrumb"},"inLanguage":"fr-FR","potentialAction":[{"@type":"ReadAction","target":["https:\/\/talivera.fr\/actualites\/la-nuit-etoilee-une-nuit-mouvementee\/"]}]},{"@type":"ImageObject","inLanguage":"fr-FR","@id":"https:\/\/talivera.fr\/actualites\/la-nuit-etoilee-une-nuit-mouvementee\/#primaryimage","url":"https:\/\/talivera.fr\/actualites\/wp-content\/uploads\/2019\/06\/nuit-\u00e9toil\u00e9e-van-gogh-ciel-.jpg","contentUrl":"https:\/\/talivera.fr\/actualites\/wp-content\/uploads\/2019\/06\/nuit-\u00e9toil\u00e9e-van-gogh-ciel-.jpg","width":898,"height":720},{"@type":"BreadcrumbList","@id":"https:\/\/talivera.fr\/actualites\/la-nuit-etoilee-une-nuit-mouvementee\/#breadcrumb","itemListElement":[{"@type":"ListItem","position":1,"name":"Home","item":"https:\/\/talivera.fr\/actualites\/"},{"@type":"ListItem","position":2,"name":"La Nuit \u00e9toil\u00e9e, une nuit mouvement\u00e9e"}]},{"@type":"WebSite","@id":"https:\/\/talivera.fr\/actualites\/#website","url":"https:\/\/talivera.fr\/actualites\/","name":"Culture Bien-\u00eatre","description":"Talivera, plus proche de la culture","publisher":{"@id":"https:\/\/talivera.fr\/actualites\/#organization"},"potentialAction":[{"@type":"SearchAction","target":{"@type":"EntryPoint","urlTemplate":"https:\/\/talivera.fr\/actualites\/?s={search_term_string}"},"query-input":{"@type":"PropertyValueSpecification","valueRequired":true,"valueName":"search_term_string"}}],"inLanguage":"fr-FR"},{"@type":"Organization","@id":"https:\/\/talivera.fr\/actualites\/#organization","name":"Culture Bien-\u00eatre","url":"https:\/\/talivera.fr\/actualites\/","logo":{"@type":"ImageObject","inLanguage":"fr-FR","@id":"https:\/\/talivera.fr\/actualites\/#\/schema\/logo\/image\/","url":"https:\/\/talivera.fr\/actualites\/wp-content\/uploads\/2022\/06\/cropped-cropped-TALI-Logo-fond-blanc-SS-220513.png","contentUrl":"https:\/\/talivera.fr\/actualites\/wp-content\/uploads\/2022\/06\/cropped-cropped-TALI-Logo-fond-blanc-SS-220513.png","width":760,"height":272,"caption":"Culture Bien-\u00eatre"},"image":{"@id":"https:\/\/talivera.fr\/actualites\/#\/schema\/logo\/image\/"}},{"@type":"Person","@id":"https:\/\/talivera.fr\/actualites\/#\/schema\/person\/6f7da364c6dd2c35a1268d64d87d2133","name":"talivera","image":{"@type":"ImageObject","inLanguage":"fr-FR","@id":"https:\/\/talivera.fr\/actualites\/#\/schema\/person\/image\/","url":"https:\/\/secure.gravatar.com\/avatar\/9cc99a2be3b13f52ccf55b39d3952bc77029d605431f7c7570ce9a2963513de9?s=96&d=mm&r=g","contentUrl":"https:\/\/secure.gravatar.com\/avatar\/9cc99a2be3b13f52ccf55b39d3952bc77029d605431f7c7570ce9a2963513de9?s=96&d=mm&r=g","caption":"talivera"},"sameAs":["https:\/\/talivera.fr","https:\/\/www.facebook.com\/sortirdecouvrir\/","https:\/\/www.instagram.com\/talivera_\/?hl=fr","https:\/\/x.com\/https:\/\/twitter.com\/talivera_"],"url":"https:\/\/talivera.fr\/actualites\/author\/talivera\/"}]}},"jetpack_featured_media_url":"https:\/\/talivera.fr\/actualites\/wp-content\/uploads\/2019\/06\/nuit-\u00e9toil\u00e9e-van-gogh-ciel-.jpg","jetpack_sharing_enabled":true,"_links":{"self":[{"href":"https:\/\/talivera.fr\/actualites\/wp-json\/wp\/v2\/posts\/842","targetHints":{"allow":["GET"]}}],"collection":[{"href":"https:\/\/talivera.fr\/actualites\/wp-json\/wp\/v2\/posts"}],"about":[{"href":"https:\/\/talivera.fr\/actualites\/wp-json\/wp\/v2\/types\/post"}],"author":[{"embeddable":true,"href":"https:\/\/talivera.fr\/actualites\/wp-json\/wp\/v2\/users\/1"}],"replies":[{"embeddable":true,"href":"https:\/\/talivera.fr\/actualites\/wp-json\/wp\/v2\/comments?post=842"}],"version-history":[{"count":25,"href":"https:\/\/talivera.fr\/actualites\/wp-json\/wp\/v2\/posts\/842\/revisions"}],"predecessor-version":[{"id":2840,"href":"https:\/\/talivera.fr\/actualites\/wp-json\/wp\/v2\/posts\/842\/revisions\/2840"}],"wp:featuredmedia":[{"embeddable":true,"href":"https:\/\/talivera.fr\/actualites\/wp-json\/wp\/v2\/media\/844"}],"wp:attachment":[{"href":"https:\/\/talivera.fr\/actualites\/wp-json\/wp\/v2\/media?parent=842"}],"wp:term":[{"taxonomy":"category","embeddable":true,"href":"https:\/\/talivera.fr\/actualites\/wp-json\/wp\/v2\/categories?post=842"},{"taxonomy":"post_tag","embeddable":true,"href":"https:\/\/talivera.fr\/actualites\/wp-json\/wp\/v2\/tags?post=842"}],"curies":[{"name":"wp","href":"https:\/\/api.w.org\/{rel}","templated":true}]}}