{"id":8081,"date":"2022-07-23T08:57:58","date_gmt":"2022-07-23T06:57:58","guid":{"rendered":"https:\/\/talivera.fr\/actualites\/?p=8081"},"modified":"2022-07-30T09:48:19","modified_gmt":"2022-07-30T07:48:19","slug":"zoom-artiste-la-joie-de-vivre-de-raoul-dufy","status":"publish","type":"post","link":"https:\/\/talivera.fr\/actualites\/zoom-artiste-la-joie-de-vivre-de-raoul-dufy\/","title":{"rendered":"Zoom artiste : La joie de vivre de Raoul Dufy"},"content":{"rendered":"\n<p class=\"has-text-align-justify\">\u00c0 l\u2019occasion de l\u2019exposition <em>\u00ab&nbsp;L&rsquo;ivresse de la couleur&nbsp;\u00bb<\/em> \u00e0 l\u2019h\u00f4tel de Caumont \u00e0 Aix en Provence, Talivera vous fait d\u00e9couvrir le peintre Raoul Dufy (1877-1953), un des grands ma\u00eetres de la peinture moderne.   <\/p>\n\n\n\n<p class=\"has-text-align-justify\">Artiste prolifique, l&rsquo;\u0153uvre de Dufy compte plus de 3&nbsp;000&nbsp;toiles, 6&nbsp;000&nbsp;grandes aquarelles, 6&nbsp;000&nbsp;dessins, mais \u00e9galement des bois grav\u00e9s, des lithographies, des tapisseries, des tissus\u2026<\/p>\n\n\n\n<h2 class=\"wp-block-heading\"><strong>L\u2019esprit des paysages<\/strong><\/h2>\n\n\n\n<p class=\"has-text-align-justify\">Raoul Dufy d\u00e9marre la peinture et choisit tout simplement de repr\u00e9senter sa ville natale qu\u2019il affectionne particuli\u00e8rement, Le Havre, la ville, son bord de mer, le port et ses environs. Un de ses premiers grands tableaux sera la plage de Sainte-Adresse rendue c\u00e9l\u00e8bre par les peintres Eug\u00e8ne Boudin et Claude Monet.&nbsp; <\/p>\n\n\n\n<p class=\"has-text-align-justify\">Quand il part en Provence en 1903, Dufy s\u00e9journe dans un premier temps \u00e0 Martigues, la Venise proven\u00e7ale et peint une s\u00e9rie de paysages repr\u00e9sentant la ville et ses canaux. Les paysages lumineux du Midi seront la principale source de son inspiration durant les vingt prochaines ann\u00e9es.<\/p>\n\n\n<div class=\"wp-block-image\">\n<figure class=\"aligncenter size-full is-resized\"><img decoding=\"async\" src=\"https:\/\/talivera.fr\/actualites\/wp-content\/uploads\/2022\/07\/Raoul-Dufy-The-Beach-of-Sainte-Adresse.jpeg\" alt=\"\" class=\"wp-image-8083\" width=\"837\" srcset=\"https:\/\/talivera.fr\/actualites\/wp-content\/uploads\/2022\/07\/Raoul-Dufy-The-Beach-of-Sainte-Adresse.jpeg 800w, https:\/\/talivera.fr\/actualites\/wp-content\/uploads\/2022\/07\/Raoul-Dufy-The-Beach-of-Sainte-Adresse-300x221.jpeg 300w, https:\/\/talivera.fr\/actualites\/wp-content\/uploads\/2022\/07\/Raoul-Dufy-The-Beach-of-Sainte-Adresse-768x564.jpeg 768w, https:\/\/talivera.fr\/actualites\/wp-content\/uploads\/2022\/07\/Raoul-Dufy-The-Beach-of-Sainte-Adresse-82x60.jpeg 82w\" sizes=\"(max-width: 800px) 100vw, 800px\" \/><figcaption>La plage de Sainte-Adresse de Raoul Dufy<br><\/figcaption><\/figure>\n<\/div>\n\n<div class=\"wp-block-image\">\n<figure class=\"aligncenter size-full\"><img loading=\"lazy\" decoding=\"async\" width=\"800\" height=\"660\" src=\"https:\/\/talivera.fr\/actualites\/wp-content\/uploads\/2022\/07\/Raoul-Dufy-The-Port-of-Martigues.jpg\" alt=\"\" class=\"wp-image-8123\" srcset=\"https:\/\/talivera.fr\/actualites\/wp-content\/uploads\/2022\/07\/Raoul-Dufy-The-Port-of-Martigues.jpg 800w, https:\/\/talivera.fr\/actualites\/wp-content\/uploads\/2022\/07\/Raoul-Dufy-The-Port-of-Martigues-300x248.jpg 300w, https:\/\/talivera.fr\/actualites\/wp-content\/uploads\/2022\/07\/Raoul-Dufy-The-Port-of-Martigues-768x634.jpg 768w, https:\/\/talivera.fr\/actualites\/wp-content\/uploads\/2022\/07\/Raoul-Dufy-The-Port-of-Martigues-73x60.jpg 73w\" sizes=\"auto, (max-width: 800px) 100vw, 800px\" \/><figcaption>Le Port de Martigues &#8211; 1904 de Raoul Dufy<\/figcaption><\/figure>\n<\/div>\n\n<div class=\"wp-block-image\">\n<figure class=\"alignright size-full\"><img loading=\"lazy\" decoding=\"async\" width=\"600\" height=\"480\" src=\"https:\/\/talivera.fr\/actualites\/wp-content\/uploads\/2022\/07\/592835_20210613174239250.jpg\" alt=\"\" class=\"wp-image-8124\" srcset=\"https:\/\/talivera.fr\/actualites\/wp-content\/uploads\/2022\/07\/592835_20210613174239250.jpg 600w, https:\/\/talivera.fr\/actualites\/wp-content\/uploads\/2022\/07\/592835_20210613174239250-300x240.jpg 300w, https:\/\/talivera.fr\/actualites\/wp-content\/uploads\/2022\/07\/592835_20210613174239250-75x60.jpg 75w\" sizes=\"auto, (max-width: 600px) 100vw, 600px\" \/><figcaption>Paysage de Vence  1908 de Raoul Dufy<\/figcaption><\/figure>\n<\/div>\n\n\n<p class=\"has-text-align-justify\">Du r\u00e9alisme de l&rsquo;impressionnisme au fauvisme vers le cubisme,  Dufy d\u00e9veloppe son propre style sur son th\u00e8me favori des paysages. Il y rajoute la profondeur, jouant avec les contrastes des couleurs, r\u00e9duisant sa palette, cr\u00e9ant le mouvement. Raoul Dufy cherche \u00e0 d\u00e9livrer l\u2019esprit des paysages qui sont dans sa vie.<\/p>\n\n\n<div class=\"wp-block-image\">\n<figure class=\"alignleft size-full is-resized\"><img decoding=\"async\" src=\"https:\/\/talivera.fr\/actualites\/wp-content\/uploads\/2022\/07\/Raoul-Dufy-Green-trees-in-the-Estaque.jpeg\" alt=\"\" class=\"wp-image-8085\" width=\"464\" srcset=\"https:\/\/talivera.fr\/actualites\/wp-content\/uploads\/2022\/07\/Raoul-Dufy-Green-trees-in-the-Estaque.jpeg 583w, https:\/\/talivera.fr\/actualites\/wp-content\/uploads\/2022\/07\/Raoul-Dufy-Green-trees-in-the-Estaque-250x300.jpeg 250w, https:\/\/talivera.fr\/actualites\/wp-content\/uploads\/2022\/07\/Raoul-Dufy-Green-trees-in-the-Estaque-50x60.jpeg 50w\" sizes=\"(max-width: 583px) 100vw, 583px\" \/><figcaption>Arbres \u00e0 l\u2019Estaque 1908 de Raoul Dufy<\/figcaption><\/figure>\n<\/div>\n\n\n<p><\/p>\n\n\n\n<p><\/p>\n\n\n\n<p class=\"has-text-align-justify\">Quand il se rend \u00e0 L&rsquo;Estaque, pr\u00e8s de Marseille avec Georges Braque, Dufy y signe sa c\u00e9l\u00e8bre peinture <em>Arbres \u00e0 L&rsquo;Estaque<\/em>. <\/p>\n\n\n\n<p><\/p>\n\n\n\n<p><\/p>\n\n\n\n<p><\/p>\n\n\n\n<p><\/p>\n\n\n\n<p><\/p>\n\n\n\n<p><\/p>\n\n\n\n<p><\/p>\n\n\n\n<p><\/p>\n\n\n\n<p><\/p>\n\n\n\n<blockquote class=\"wp-block-quote is-layout-flow wp-block-quote-is-layout-flow\"><p><em>Un paysage peint n&rsquo;est plus jamais naturel<\/em>. L&rsquo;art est une cr\u00e9ation, comme la musique ou la po\u00e9sie. Raoul&nbsp;<em>Dufy<br><\/em><\/p><cite>Raoul Dufy<\/cite><\/blockquote>\n\n\n\n<h2 class=\"wp-block-heading\"><strong>Au del\u00e0 de la peinture, un cr\u00e9ateur<\/strong><\/h2>\n\n\n\n<p class=\"has-text-align-justify\">Raoul Dufy fait \u00e9voluer son style mais l\u2019artiste a besoin de se faire conna\u00eetre. C\u2019est alors que pour vivre il s\u2019initie \u00e0 la gravure sur bois et illustrera <em>Le Bestiaire d\u2019Apollinaire<\/em>, il en fera d\u2019autres pour les <em>Po\u00e8mes l\u00e9gendaires de France et de Brabant<\/em> d\u2019\u00c9mile Verhaeren. Ce travail lui donne l\u2019id\u00e9e de cr\u00e9er des impressions de tissu.<\/p>\n\n\n<div class=\"wp-block-image\">\n<figure class=\"aligncenter size-full\"><img loading=\"lazy\" decoding=\"async\" width=\"596\" height=\"700\" src=\"https:\/\/talivera.fr\/actualites\/wp-content\/uploads\/2022\/07\/Raoul-Dufy-Illustration-for-Le-Bestiaire-de-Guillaume-Apollinaire-2.jpeg\" alt=\"\" class=\"wp-image-8088\" srcset=\"https:\/\/talivera.fr\/actualites\/wp-content\/uploads\/2022\/07\/Raoul-Dufy-Illustration-for-Le-Bestiaire-de-Guillaume-Apollinaire-2.jpeg 596w, https:\/\/talivera.fr\/actualites\/wp-content\/uploads\/2022\/07\/Raoul-Dufy-Illustration-for-Le-Bestiaire-de-Guillaume-Apollinaire-2-255x300.jpeg 255w, https:\/\/talivera.fr\/actualites\/wp-content\/uploads\/2022\/07\/Raoul-Dufy-Illustration-for-Le-Bestiaire-de-Guillaume-Apollinaire-2-51x60.jpeg 51w\" sizes=\"auto, (max-width: 596px) 100vw, 596px\" \/><figcaption>Bois grav\u00e9s pour le Bestiaire d&rsquo;Apollinaire<\/figcaption><\/figure>\n<\/div>\n\n\n<p class=\"has-text-align-justify\">Appel\u00e9 par le grand couturier Paul Poiret qui a \u00e9t\u00e9 impressionn\u00e9 par ses gravures, il se lance dans la cr\u00e9ation de motifs pour les tissus de mode et de d\u00e9coration. Avec Paul Poiret, il monte une petite entreprise \u00ab&nbsp;La Petite Usine&nbsp;\u00bb o\u00f9 il y imprime ses premi\u00e8res \u00e9toffes qui contribueront \u00e0 la renomm\u00e9e de Paul Poiret.&nbsp;<\/p>\n\n\n\n<p class=\"has-text-align-justify\">A partir de 1923, il travaille avec le c\u00e9ramiste catalan Artigas. D&#8217;embl\u00e9e, les deux hommes se comprennent et le c\u00e9ramiste appr\u00e9cie la fantaisie d\u00e9corative et le talent du peintre.<\/p>\n\n\n\n<p class=\"has-text-align-justify\">L&rsquo;artiste est ensuite engag\u00e9 par la maison de soieries lyonnaise Bianchini-F\u00e9rier pour laquelle il cr\u00e9era d&rsquo;innombrables motifs d&rsquo;apr\u00e8s ses th\u00e8mes favoris (na\u00efades, animaux, oiseaux, fleurs, papillons\u2026).<\/p>\n\n\n\n<p class=\"has-text-align-justify\">Dufy excelle aussi dans la composition de d\u00e9cors et costumes de th\u00e9\u00e2tre pour la Com\u00e9die-Fran\u00e7aise.&nbsp;Il travaille \u00e9galement \u00e0 de tr\u00e8s grands panneaux pour le palais de Chaillot&nbsp;: <em>La Seine de Paris \u00e0 la Mer<\/em>. Othon Friesz r\u00e9alise ceux de <em>La Seine de la source \u00e0 Paris<\/em>. <\/p>\n\n\n\n<p>En 1936, il re\u00e7oit une nouvelle commande, \u00e9tonnante, venant de la compagnie d\u2019\u00e9lectricit\u00e9, future EDF, qui souhaite une d\u00e9coration murale de grande taille pour mettre en valeur les progr\u00e8s de l\u2019\u00e9lectricit\u00e9 en France \u00e0 l\u2019occasion de l\u2019Exposition internationale de 1937 \u00e0 Paris. <\/p>\n\n\n\n<p>L\u2019oeuvre s\u2019appellera \u00ab&nbsp;La F\u00e9e \u00e9lectricit\u00e9&nbsp;\u00bb. Aujourd\u2019hui, l\u2019oeuvre est toujours expos\u00e9e au c\u0153ur m\u00eame du b\u00e2timent qui est devenu le Mus\u00e9e d&rsquo;Art Moderne de Paris. Elle comprend 250 panneaux et se lit de gauche \u00e0 droite comme une belle histoire avec le fil conducteur de l\u2019invention de l\u2019\u00e9lectricit\u00e9. La F\u00e9e \u00c9lectricit\u00e9 de&nbsp;<strong>Raoul Dufy<\/strong>&nbsp;est l&rsquo;une des plus grandes peintures au monde !<\/p>\n\n\n\n<figure class=\"wp-block-image size-full is-resized\"><img decoding=\"async\" src=\"https:\/\/talivera.fr\/actualites\/wp-content\/uploads\/2022\/07\/Feeelectricite_MuseeartmoderneParis.jpeg\" alt=\"\" class=\"wp-image-8130\" width=\"810\" srcset=\"https:\/\/talivera.fr\/actualites\/wp-content\/uploads\/2022\/07\/Feeelectricite_MuseeartmoderneParis.jpeg 695w, https:\/\/talivera.fr\/actualites\/wp-content\/uploads\/2022\/07\/Feeelectricite_MuseeartmoderneParis-300x94.jpeg 300w, https:\/\/talivera.fr\/actualites\/wp-content\/uploads\/2022\/07\/Feeelectricite_MuseeartmoderneParis-192x60.jpeg 192w\" sizes=\"(max-width: 695px) 100vw, 695px\" \/><figcaption>La F\u00e9e \u00c9lectricit\u00e9 &#8211; 1937 Raoul Dufy (Mus\u00e9e Art Moderne &#8211; Paris)<\/figcaption><\/figure>\n\n\n\n<p><\/p>\n\n\n\n<h2 class=\"wp-block-heading\"><strong>Des couleurs toujours plus vives<\/strong><\/h2>\n\n\n\n<p class=\"has-text-align-justify\">Sa peinture \u00e9volue vers un chromatisme \u00e9clatant de lumi\u00e8re et les couleurs de ses tableaux deviennent plus vives.<\/p>\n\n\n\n<p class=\"has-text-align-justify\">En 1926, en regardant une petite fille qui court sur le quai de Honfleur, il comprend que l\u2019esprit enregistre plus vite la couleur que le contour. Il va alors dissocier les couleurs et le dessin. Il ajoute son dessin \u00e0 de larges bandes de couleurs horizontales ou verticales, ou bien \u00e0 de larges taches color\u00e9es.<\/p>\n\n\n\n<p class=\"has-text-align-justify\">Dans ses tableaux, il abandonne progressivement les larges bandes de couleurs pour une teinte d\u2019ensemble dominante.<\/p>\n\n\n\n<blockquote class=\"wp-block-quote is-layout-flow wp-block-quote-is-layout-flow\"><p>\u00ab\u00a0Manier des couleurs et des lignes, n&rsquo;est-ce pas une vraie diplomatie, car la vraie difficult\u00e9 c&rsquo;est justement d&rsquo;accorder tout cela.\u00a0\u00bb<\/p><cite>Raoul Dufy<\/cite><\/blockquote>\n\n\n\n<p class=\"has-text-align-justify\">Dans <em>Le Jardin abandonn\u00e9<\/em>, les couleurs vives d\u00e9terminant des zones relativement arbitraires auxquelles se surajoutent les dessins des divers \u00e9l\u00e9ments.<\/p>\n\n\n<div class=\"wp-block-image\">\n<figure class=\"aligncenter size-full is-resized\"><img decoding=\"async\" src=\"https:\/\/talivera.fr\/actualites\/wp-content\/uploads\/2022\/07\/2.jpeg\" alt=\"\" class=\"wp-image-8096\" width=\"611\" srcset=\"https:\/\/talivera.fr\/actualites\/wp-content\/uploads\/2022\/07\/2.jpeg 800w, https:\/\/talivera.fr\/actualites\/wp-content\/uploads\/2022\/07\/2-300x240.jpeg 300w, https:\/\/talivera.fr\/actualites\/wp-content\/uploads\/2022\/07\/2-768x615.jpeg 768w, https:\/\/talivera.fr\/actualites\/wp-content\/uploads\/2022\/07\/2-75x60.jpeg 75w\" sizes=\"(max-width: 800px) 100vw, 800px\" \/><figcaption>Le Jardin abandonn\u00e9 &#8211; 1913 de Raoul Duffy<\/figcaption><\/figure>\n<\/div>\n\n\n<p class=\"has-text-align-justify\">Dufy se rend compte que, pour l\u2019\u0153il, les couleurs ont leur vie propre, d\u00e9bordent les objets, et cela surtout dans l\u2019exp\u00e9rience de la perception du mouvement. D\u2019o\u00f9 l\u2019usage de ce que Pierre Cabanne appelle \u00ab&nbsp;les flaques de couleurs juxtapos\u00e9es&nbsp;\u00bb. La dissociation entre la couleur et le dessin est parfois tr\u00e8s pouss\u00e9e, et Dufy installe souvent les objets r\u00e9duits \u00e0 un contour sur trois ou quatre larges plages color\u00e9es.<\/p>\n\n\n\n<p>Le monde de Dufy rayonne de couleurs et de lumi\u00e8re. Les paysages sont radieux et les gens apparaissent en harmonie dans ses toiles. Chez Dufy, le noir est juste l\u00e0 pour renforcer la couleur comme la joie de vivre.<\/p>\n\n\n\n<p class=\"has-black-color has-text-color\">Vous souhaitez en savoir plus sur l\u2019artiste Dufy et d\u00e9couvrir son exposition depuis le confort de votre salon, Talivera vous y emm\u00e8ne \u00e0 l&rsquo;occasion <strong>de <a rel=\"noreferrer noopener\" href=\"https:\/\/talivera.fr\/activite\/e-cafe-culturel\/raoul-dufy-ou-l-ivresse-de-la-couleur\/280\" target=\"_blank\">notre prochaine conf\u00e9rence en ligne : Dufy <em>L&rsquo;ivresse de la couleur<\/em>.<\/a><\/strong><\/p>\n","protected":false},"excerpt":{"rendered":"<p>\u00c0 l\u2019occasion de l\u2019exposition \u00ab&nbsp;L&rsquo;ivresse de la couleur&nbsp;\u00bb \u00e0 l\u2019h\u00f4tel de Caumont \u00e0 Aix en Provence, Talivera vous fait d\u00e9couvrir le peintre Raoul Dufy (1877-1953), un des grands ma\u00eetres de la peinture moderne. Artiste prolifique, l&rsquo;\u0153uvre de Dufy compte plus de 3&nbsp;000&nbsp;toiles, 6&nbsp;000&nbsp;grandes aquarelles, 6&nbsp;000&nbsp;dessins, mais \u00e9galement des bois grav\u00e9s, des lithographies, des tapisseries, des &hellip;<\/p>\n<p class=\"read-more\"> <a class=\"\" href=\"https:\/\/talivera.fr\/actualites\/zoom-artiste-la-joie-de-vivre-de-raoul-dufy\/\"> <span class=\"screen-reader-text\">Zoom artiste : La joie de vivre de Raoul Dufy<\/span> Lire la suite\u00a0\u00bb<\/a><\/p>\n","protected":false},"author":1,"featured_media":8099,"comment_status":"open","ping_status":"open","sticky":false,"template":"","format":"standard","meta":{"_jetpack_memberships_contains_paid_content":false,"footnotes":""},"categories":[1,135],"tags":[],"class_list":["post-8081","post","type-post","status-publish","format-standard","has-post-thumbnail","hentry","category-paris-paris","category-zoom-artiste"],"yoast_head":"<!-- This site is optimized with the Yoast SEO plugin v24.9 - https:\/\/yoast.com\/wordpress\/plugins\/seo\/ -->\n<title>Zoom artiste : La joie de vivre de Raoul Dufy - Culture Bien-\u00eatre<\/title>\n<meta name=\"robots\" content=\"index, follow, max-snippet:-1, max-image-preview:large, max-video-preview:-1\" \/>\n<link rel=\"canonical\" href=\"https:\/\/talivera.fr\/actualites\/zoom-artiste-la-joie-de-vivre-de-raoul-dufy\/\" \/>\n<meta property=\"og:locale\" content=\"fr_FR\" \/>\n<meta property=\"og:type\" content=\"article\" \/>\n<meta property=\"og:title\" content=\"Zoom artiste : La joie de vivre de Raoul Dufy - Culture Bien-\u00eatre\" \/>\n<meta property=\"og:description\" content=\"\u00c0 l\u2019occasion de l\u2019exposition \u00ab&nbsp;L&rsquo;ivresse de la couleur&nbsp;\u00bb \u00e0 l\u2019h\u00f4tel de Caumont \u00e0 Aix en Provence, Talivera vous fait d\u00e9couvrir le peintre Raoul Dufy (1877-1953), un des grands ma\u00eetres de la peinture moderne. Artiste prolifique, l&rsquo;\u0153uvre de Dufy compte plus de 3&nbsp;000&nbsp;toiles, 6&nbsp;000&nbsp;grandes aquarelles, 6&nbsp;000&nbsp;dessins, mais \u00e9galement des bois grav\u00e9s, des lithographies, des tapisseries, des &hellip; Zoom artiste : La joie de vivre de Raoul Dufy Lire la suite\u00a0\u00bb\" \/>\n<meta property=\"og:url\" content=\"https:\/\/talivera.fr\/actualites\/zoom-artiste-la-joie-de-vivre-de-raoul-dufy\/\" \/>\n<meta property=\"og:site_name\" content=\"Culture Bien-\u00eatre\" \/>\n<meta property=\"article:author\" content=\"https:\/\/www.facebook.com\/sortirdecouvrir\/\" \/>\n<meta property=\"article:published_time\" content=\"2022-07-23T06:57:58+00:00\" \/>\n<meta property=\"article:modified_time\" content=\"2022-07-30T07:48:19+00:00\" \/>\n<meta property=\"og:image\" content=\"https:\/\/talivera.fr\/actualites\/wp-content\/uploads\/2022\/07\/cda2022-0-test-main-raoul-dufy-exposition-aix-en-provence-3-tt-width-1200-height-630-fill-0-crop-1-bgcolor-ffffff.jpeg\" \/>\n\t<meta property=\"og:image:width\" content=\"1920\" \/>\n\t<meta property=\"og:image:height\" content=\"783\" \/>\n\t<meta property=\"og:image:type\" content=\"image\/jpeg\" \/>\n<meta name=\"author\" content=\"talivera\" \/>\n<meta name=\"twitter:card\" content=\"summary_large_image\" \/>\n<meta name=\"twitter:creator\" content=\"@https:\/\/twitter.com\/talivera_\" \/>\n<meta name=\"twitter:label1\" content=\"\u00c9crit par\" \/>\n\t<meta name=\"twitter:data1\" content=\"talivera\" \/>\n\t<meta name=\"twitter:label2\" content=\"Dur\u00e9e de lecture estim\u00e9e\" \/>\n\t<meta name=\"twitter:data2\" content=\"5 minutes\" \/>\n<script type=\"application\/ld+json\" class=\"yoast-schema-graph\">{\"@context\":\"https:\/\/schema.org\",\"@graph\":[{\"@type\":\"Article\",\"@id\":\"https:\/\/talivera.fr\/actualites\/zoom-artiste-la-joie-de-vivre-de-raoul-dufy\/#article\",\"isPartOf\":{\"@id\":\"https:\/\/talivera.fr\/actualites\/zoom-artiste-la-joie-de-vivre-de-raoul-dufy\/\"},\"author\":{\"name\":\"talivera\",\"@id\":\"https:\/\/talivera.fr\/actualites\/#\/schema\/person\/6f7da364c6dd2c35a1268d64d87d2133\"},\"headline\":\"Zoom artiste : La joie de vivre de Raoul Dufy\",\"datePublished\":\"2022-07-23T06:57:58+00:00\",\"dateModified\":\"2022-07-30T07:48:19+00:00\",\"mainEntityOfPage\":{\"@id\":\"https:\/\/talivera.fr\/actualites\/zoom-artiste-la-joie-de-vivre-de-raoul-dufy\/\"},\"wordCount\":1019,\"commentCount\":0,\"publisher\":{\"@id\":\"https:\/\/talivera.fr\/actualites\/#organization\"},\"image\":{\"@id\":\"https:\/\/talivera.fr\/actualites\/zoom-artiste-la-joie-de-vivre-de-raoul-dufy\/#primaryimage\"},\"thumbnailUrl\":\"https:\/\/talivera.fr\/actualites\/wp-content\/uploads\/2022\/07\/cda2022-0-test-main-raoul-dufy-exposition-aix-en-provence-3-tt-width-1200-height-630-fill-0-crop-1-bgcolor-ffffff.jpeg\",\"articleSection\":[\"Le bien-\u00eatre dans l'Art\",\"Zoom artiste\"],\"inLanguage\":\"fr-FR\",\"potentialAction\":[{\"@type\":\"CommentAction\",\"name\":\"Comment\",\"target\":[\"https:\/\/talivera.fr\/actualites\/zoom-artiste-la-joie-de-vivre-de-raoul-dufy\/#respond\"]}]},{\"@type\":\"WebPage\",\"@id\":\"https:\/\/talivera.fr\/actualites\/zoom-artiste-la-joie-de-vivre-de-raoul-dufy\/\",\"url\":\"https:\/\/talivera.fr\/actualites\/zoom-artiste-la-joie-de-vivre-de-raoul-dufy\/\",\"name\":\"Zoom artiste : La joie de vivre de Raoul Dufy - Culture Bien-\u00eatre\",\"isPartOf\":{\"@id\":\"https:\/\/talivera.fr\/actualites\/#website\"},\"primaryImageOfPage\":{\"@id\":\"https:\/\/talivera.fr\/actualites\/zoom-artiste-la-joie-de-vivre-de-raoul-dufy\/#primaryimage\"},\"image\":{\"@id\":\"https:\/\/talivera.fr\/actualites\/zoom-artiste-la-joie-de-vivre-de-raoul-dufy\/#primaryimage\"},\"thumbnailUrl\":\"https:\/\/talivera.fr\/actualites\/wp-content\/uploads\/2022\/07\/cda2022-0-test-main-raoul-dufy-exposition-aix-en-provence-3-tt-width-1200-height-630-fill-0-crop-1-bgcolor-ffffff.jpeg\",\"datePublished\":\"2022-07-23T06:57:58+00:00\",\"dateModified\":\"2022-07-30T07:48:19+00:00\",\"breadcrumb\":{\"@id\":\"https:\/\/talivera.fr\/actualites\/zoom-artiste-la-joie-de-vivre-de-raoul-dufy\/#breadcrumb\"},\"inLanguage\":\"fr-FR\",\"potentialAction\":[{\"@type\":\"ReadAction\",\"target\":[\"https:\/\/talivera.fr\/actualites\/zoom-artiste-la-joie-de-vivre-de-raoul-dufy\/\"]}]},{\"@type\":\"ImageObject\",\"inLanguage\":\"fr-FR\",\"@id\":\"https:\/\/talivera.fr\/actualites\/zoom-artiste-la-joie-de-vivre-de-raoul-dufy\/#primaryimage\",\"url\":\"https:\/\/talivera.fr\/actualites\/wp-content\/uploads\/2022\/07\/cda2022-0-test-main-raoul-dufy-exposition-aix-en-provence-3-tt-width-1200-height-630-fill-0-crop-1-bgcolor-ffffff.jpeg\",\"contentUrl\":\"https:\/\/talivera.fr\/actualites\/wp-content\/uploads\/2022\/07\/cda2022-0-test-main-raoul-dufy-exposition-aix-en-provence-3-tt-width-1200-height-630-fill-0-crop-1-bgcolor-ffffff.jpeg\",\"width\":1920,\"height\":783},{\"@type\":\"BreadcrumbList\",\"@id\":\"https:\/\/talivera.fr\/actualites\/zoom-artiste-la-joie-de-vivre-de-raoul-dufy\/#breadcrumb\",\"itemListElement\":[{\"@type\":\"ListItem\",\"position\":1,\"name\":\"Home\",\"item\":\"https:\/\/talivera.fr\/actualites\/\"},{\"@type\":\"ListItem\",\"position\":2,\"name\":\"Zoom artiste : La joie de vivre de Raoul Dufy\"}]},{\"@type\":\"WebSite\",\"@id\":\"https:\/\/talivera.fr\/actualites\/#website\",\"url\":\"https:\/\/talivera.fr\/actualites\/\",\"name\":\"Culture Bien-\u00eatre\",\"description\":\"Talivera, plus proche de la culture\",\"publisher\":{\"@id\":\"https:\/\/talivera.fr\/actualites\/#organization\"},\"potentialAction\":[{\"@type\":\"SearchAction\",\"target\":{\"@type\":\"EntryPoint\",\"urlTemplate\":\"https:\/\/talivera.fr\/actualites\/?s={search_term_string}\"},\"query-input\":{\"@type\":\"PropertyValueSpecification\",\"valueRequired\":true,\"valueName\":\"search_term_string\"}}],\"inLanguage\":\"fr-FR\"},{\"@type\":\"Organization\",\"@id\":\"https:\/\/talivera.fr\/actualites\/#organization\",\"name\":\"Culture Bien-\u00eatre\",\"url\":\"https:\/\/talivera.fr\/actualites\/\",\"logo\":{\"@type\":\"ImageObject\",\"inLanguage\":\"fr-FR\",\"@id\":\"https:\/\/talivera.fr\/actualites\/#\/schema\/logo\/image\/\",\"url\":\"https:\/\/talivera.fr\/actualites\/wp-content\/uploads\/2022\/06\/cropped-cropped-TALI-Logo-fond-blanc-SS-220513.png\",\"contentUrl\":\"https:\/\/talivera.fr\/actualites\/wp-content\/uploads\/2022\/06\/cropped-cropped-TALI-Logo-fond-blanc-SS-220513.png\",\"width\":760,\"height\":272,\"caption\":\"Culture Bien-\u00eatre\"},\"image\":{\"@id\":\"https:\/\/talivera.fr\/actualites\/#\/schema\/logo\/image\/\"}},{\"@type\":\"Person\",\"@id\":\"https:\/\/talivera.fr\/actualites\/#\/schema\/person\/6f7da364c6dd2c35a1268d64d87d2133\",\"name\":\"talivera\",\"image\":{\"@type\":\"ImageObject\",\"inLanguage\":\"fr-FR\",\"@id\":\"https:\/\/talivera.fr\/actualites\/#\/schema\/person\/image\/\",\"url\":\"https:\/\/secure.gravatar.com\/avatar\/9cc99a2be3b13f52ccf55b39d3952bc77029d605431f7c7570ce9a2963513de9?s=96&d=mm&r=g\",\"contentUrl\":\"https:\/\/secure.gravatar.com\/avatar\/9cc99a2be3b13f52ccf55b39d3952bc77029d605431f7c7570ce9a2963513de9?s=96&d=mm&r=g\",\"caption\":\"talivera\"},\"sameAs\":[\"https:\/\/talivera.fr\",\"https:\/\/www.facebook.com\/sortirdecouvrir\/\",\"https:\/\/www.instagram.com\/talivera_\/?hl=fr\",\"https:\/\/x.com\/https:\/\/twitter.com\/talivera_\"],\"url\":\"https:\/\/talivera.fr\/actualites\/author\/talivera\/\"}]}<\/script>\n<!-- \/ Yoast SEO plugin. -->","yoast_head_json":{"title":"Zoom artiste : La joie de vivre de Raoul Dufy - Culture Bien-\u00eatre","robots":{"index":"index","follow":"follow","max-snippet":"max-snippet:-1","max-image-preview":"max-image-preview:large","max-video-preview":"max-video-preview:-1"},"canonical":"https:\/\/talivera.fr\/actualites\/zoom-artiste-la-joie-de-vivre-de-raoul-dufy\/","og_locale":"fr_FR","og_type":"article","og_title":"Zoom artiste : La joie de vivre de Raoul Dufy - Culture Bien-\u00eatre","og_description":"\u00c0 l\u2019occasion de l\u2019exposition \u00ab&nbsp;L&rsquo;ivresse de la couleur&nbsp;\u00bb \u00e0 l\u2019h\u00f4tel de Caumont \u00e0 Aix en Provence, Talivera vous fait d\u00e9couvrir le peintre Raoul Dufy (1877-1953), un des grands ma\u00eetres de la peinture moderne. Artiste prolifique, l&rsquo;\u0153uvre de Dufy compte plus de 3&nbsp;000&nbsp;toiles, 6&nbsp;000&nbsp;grandes aquarelles, 6&nbsp;000&nbsp;dessins, mais \u00e9galement des bois grav\u00e9s, des lithographies, des tapisseries, des &hellip; Zoom artiste : La joie de vivre de Raoul Dufy Lire la suite\u00a0\u00bb","og_url":"https:\/\/talivera.fr\/actualites\/zoom-artiste-la-joie-de-vivre-de-raoul-dufy\/","og_site_name":"Culture Bien-\u00eatre","article_author":"https:\/\/www.facebook.com\/sortirdecouvrir\/","article_published_time":"2022-07-23T06:57:58+00:00","article_modified_time":"2022-07-30T07:48:19+00:00","og_image":[{"width":1920,"height":783,"url":"https:\/\/talivera.fr\/actualites\/wp-content\/uploads\/2022\/07\/cda2022-0-test-main-raoul-dufy-exposition-aix-en-provence-3-tt-width-1200-height-630-fill-0-crop-1-bgcolor-ffffff.jpeg","type":"image\/jpeg"}],"author":"talivera","twitter_card":"summary_large_image","twitter_creator":"@https:\/\/twitter.com\/talivera_","twitter_misc":{"\u00c9crit par":"talivera","Dur\u00e9e de lecture estim\u00e9e":"5 minutes"},"schema":{"@context":"https:\/\/schema.org","@graph":[{"@type":"Article","@id":"https:\/\/talivera.fr\/actualites\/zoom-artiste-la-joie-de-vivre-de-raoul-dufy\/#article","isPartOf":{"@id":"https:\/\/talivera.fr\/actualites\/zoom-artiste-la-joie-de-vivre-de-raoul-dufy\/"},"author":{"name":"talivera","@id":"https:\/\/talivera.fr\/actualites\/#\/schema\/person\/6f7da364c6dd2c35a1268d64d87d2133"},"headline":"Zoom artiste : La joie de vivre de Raoul Dufy","datePublished":"2022-07-23T06:57:58+00:00","dateModified":"2022-07-30T07:48:19+00:00","mainEntityOfPage":{"@id":"https:\/\/talivera.fr\/actualites\/zoom-artiste-la-joie-de-vivre-de-raoul-dufy\/"},"wordCount":1019,"commentCount":0,"publisher":{"@id":"https:\/\/talivera.fr\/actualites\/#organization"},"image":{"@id":"https:\/\/talivera.fr\/actualites\/zoom-artiste-la-joie-de-vivre-de-raoul-dufy\/#primaryimage"},"thumbnailUrl":"https:\/\/talivera.fr\/actualites\/wp-content\/uploads\/2022\/07\/cda2022-0-test-main-raoul-dufy-exposition-aix-en-provence-3-tt-width-1200-height-630-fill-0-crop-1-bgcolor-ffffff.jpeg","articleSection":["Le bien-\u00eatre dans l'Art","Zoom artiste"],"inLanguage":"fr-FR","potentialAction":[{"@type":"CommentAction","name":"Comment","target":["https:\/\/talivera.fr\/actualites\/zoom-artiste-la-joie-de-vivre-de-raoul-dufy\/#respond"]}]},{"@type":"WebPage","@id":"https:\/\/talivera.fr\/actualites\/zoom-artiste-la-joie-de-vivre-de-raoul-dufy\/","url":"https:\/\/talivera.fr\/actualites\/zoom-artiste-la-joie-de-vivre-de-raoul-dufy\/","name":"Zoom artiste : La joie de vivre de Raoul Dufy - Culture Bien-\u00eatre","isPartOf":{"@id":"https:\/\/talivera.fr\/actualites\/#website"},"primaryImageOfPage":{"@id":"https:\/\/talivera.fr\/actualites\/zoom-artiste-la-joie-de-vivre-de-raoul-dufy\/#primaryimage"},"image":{"@id":"https:\/\/talivera.fr\/actualites\/zoom-artiste-la-joie-de-vivre-de-raoul-dufy\/#primaryimage"},"thumbnailUrl":"https:\/\/talivera.fr\/actualites\/wp-content\/uploads\/2022\/07\/cda2022-0-test-main-raoul-dufy-exposition-aix-en-provence-3-tt-width-1200-height-630-fill-0-crop-1-bgcolor-ffffff.jpeg","datePublished":"2022-07-23T06:57:58+00:00","dateModified":"2022-07-30T07:48:19+00:00","breadcrumb":{"@id":"https:\/\/talivera.fr\/actualites\/zoom-artiste-la-joie-de-vivre-de-raoul-dufy\/#breadcrumb"},"inLanguage":"fr-FR","potentialAction":[{"@type":"ReadAction","target":["https:\/\/talivera.fr\/actualites\/zoom-artiste-la-joie-de-vivre-de-raoul-dufy\/"]}]},{"@type":"ImageObject","inLanguage":"fr-FR","@id":"https:\/\/talivera.fr\/actualites\/zoom-artiste-la-joie-de-vivre-de-raoul-dufy\/#primaryimage","url":"https:\/\/talivera.fr\/actualites\/wp-content\/uploads\/2022\/07\/cda2022-0-test-main-raoul-dufy-exposition-aix-en-provence-3-tt-width-1200-height-630-fill-0-crop-1-bgcolor-ffffff.jpeg","contentUrl":"https:\/\/talivera.fr\/actualites\/wp-content\/uploads\/2022\/07\/cda2022-0-test-main-raoul-dufy-exposition-aix-en-provence-3-tt-width-1200-height-630-fill-0-crop-1-bgcolor-ffffff.jpeg","width":1920,"height":783},{"@type":"BreadcrumbList","@id":"https:\/\/talivera.fr\/actualites\/zoom-artiste-la-joie-de-vivre-de-raoul-dufy\/#breadcrumb","itemListElement":[{"@type":"ListItem","position":1,"name":"Home","item":"https:\/\/talivera.fr\/actualites\/"},{"@type":"ListItem","position":2,"name":"Zoom artiste : La joie de vivre de Raoul Dufy"}]},{"@type":"WebSite","@id":"https:\/\/talivera.fr\/actualites\/#website","url":"https:\/\/talivera.fr\/actualites\/","name":"Culture Bien-\u00eatre","description":"Talivera, plus proche de la culture","publisher":{"@id":"https:\/\/talivera.fr\/actualites\/#organization"},"potentialAction":[{"@type":"SearchAction","target":{"@type":"EntryPoint","urlTemplate":"https:\/\/talivera.fr\/actualites\/?s={search_term_string}"},"query-input":{"@type":"PropertyValueSpecification","valueRequired":true,"valueName":"search_term_string"}}],"inLanguage":"fr-FR"},{"@type":"Organization","@id":"https:\/\/talivera.fr\/actualites\/#organization","name":"Culture Bien-\u00eatre","url":"https:\/\/talivera.fr\/actualites\/","logo":{"@type":"ImageObject","inLanguage":"fr-FR","@id":"https:\/\/talivera.fr\/actualites\/#\/schema\/logo\/image\/","url":"https:\/\/talivera.fr\/actualites\/wp-content\/uploads\/2022\/06\/cropped-cropped-TALI-Logo-fond-blanc-SS-220513.png","contentUrl":"https:\/\/talivera.fr\/actualites\/wp-content\/uploads\/2022\/06\/cropped-cropped-TALI-Logo-fond-blanc-SS-220513.png","width":760,"height":272,"caption":"Culture Bien-\u00eatre"},"image":{"@id":"https:\/\/talivera.fr\/actualites\/#\/schema\/logo\/image\/"}},{"@type":"Person","@id":"https:\/\/talivera.fr\/actualites\/#\/schema\/person\/6f7da364c6dd2c35a1268d64d87d2133","name":"talivera","image":{"@type":"ImageObject","inLanguage":"fr-FR","@id":"https:\/\/talivera.fr\/actualites\/#\/schema\/person\/image\/","url":"https:\/\/secure.gravatar.com\/avatar\/9cc99a2be3b13f52ccf55b39d3952bc77029d605431f7c7570ce9a2963513de9?s=96&d=mm&r=g","contentUrl":"https:\/\/secure.gravatar.com\/avatar\/9cc99a2be3b13f52ccf55b39d3952bc77029d605431f7c7570ce9a2963513de9?s=96&d=mm&r=g","caption":"talivera"},"sameAs":["https:\/\/talivera.fr","https:\/\/www.facebook.com\/sortirdecouvrir\/","https:\/\/www.instagram.com\/talivera_\/?hl=fr","https:\/\/x.com\/https:\/\/twitter.com\/talivera_"],"url":"https:\/\/talivera.fr\/actualites\/author\/talivera\/"}]}},"jetpack_featured_media_url":"https:\/\/talivera.fr\/actualites\/wp-content\/uploads\/2022\/07\/cda2022-0-test-main-raoul-dufy-exposition-aix-en-provence-3-tt-width-1200-height-630-fill-0-crop-1-bgcolor-ffffff.jpeg","jetpack_sharing_enabled":true,"_links":{"self":[{"href":"https:\/\/talivera.fr\/actualites\/wp-json\/wp\/v2\/posts\/8081","targetHints":{"allow":["GET"]}}],"collection":[{"href":"https:\/\/talivera.fr\/actualites\/wp-json\/wp\/v2\/posts"}],"about":[{"href":"https:\/\/talivera.fr\/actualites\/wp-json\/wp\/v2\/types\/post"}],"author":[{"embeddable":true,"href":"https:\/\/talivera.fr\/actualites\/wp-json\/wp\/v2\/users\/1"}],"replies":[{"embeddable":true,"href":"https:\/\/talivera.fr\/actualites\/wp-json\/wp\/v2\/comments?post=8081"}],"version-history":[{"count":21,"href":"https:\/\/talivera.fr\/actualites\/wp-json\/wp\/v2\/posts\/8081\/revisions"}],"predecessor-version":[{"id":8154,"href":"https:\/\/talivera.fr\/actualites\/wp-json\/wp\/v2\/posts\/8081\/revisions\/8154"}],"wp:featuredmedia":[{"embeddable":true,"href":"https:\/\/talivera.fr\/actualites\/wp-json\/wp\/v2\/media\/8099"}],"wp:attachment":[{"href":"https:\/\/talivera.fr\/actualites\/wp-json\/wp\/v2\/media?parent=8081"}],"wp:term":[{"taxonomy":"category","embeddable":true,"href":"https:\/\/talivera.fr\/actualites\/wp-json\/wp\/v2\/categories?post=8081"},{"taxonomy":"post_tag","embeddable":true,"href":"https:\/\/talivera.fr\/actualites\/wp-json\/wp\/v2\/tags?post=8081"}],"curies":[{"name":"wp","href":"https:\/\/api.w.org\/{rel}","templated":true}]}}