{"id":7849,"date":"2022-08-20T08:43:13","date_gmt":"2022-08-20T06:43:13","guid":{"rendered":"https:\/\/talivera.fr\/actualites\/?p=7849"},"modified":"2022-08-21T09:26:52","modified_gmt":"2022-08-21T07:26:52","slug":"lauteur-de-la-bd-blake-et-mortimer-a-lhonneur","status":"publish","type":"post","link":"https:\/\/talivera.fr\/actualites\/lauteur-de-la-bd-blake-et-mortimer-a-lhonneur\/","title":{"rendered":"Zoom artiste : L\u2019auteur de la BD Blake et Mortimer \u00e0 l\u2019honneur"},"content":{"rendered":"\n<p class=\"has-text-align-justify\">Edgard F\u00e9lix Pierre Jacobs (1904-1987), plus connu sous le nom d&rsquo;<em>Edgar Pierre Jacobs<\/em> est l\u2019auteur dessinateur de la c\u00e9l\u00e8bre bande-dessin\u00e9e <em>Blake et Mortimer<\/em>. La BD a c\u00e9l\u00e8br\u00e9 ses 75 ans ! Une grande f\u00eate \u00e0 Bruxelles, un nouveau mur peint dans la ville, une pi\u00e8ce frapp\u00e9e par la Monnaie royale de Belgique, une exposition au Centre belge de la bande dessin\u00e9e, et des titres en pr\u00e9paration, la s\u00e9rie initi\u00e9e par Edgar P. Jacobs en 1946 est encore bien vivante. L\u2019occasion de d\u00e9couvrir qui est son cr\u00e9ateur et quel a \u00e9t\u00e9 le parcours d&rsquo;artiste dessinateur atypique de cette s\u00e9rie culte.<\/p>\n\n\n\n<h2 class=\"wp-block-heading\"><strong>Au commencement<\/strong><\/h2>\n\n\n<div class=\"wp-block-image\">\n<figure class=\"alignright size-large is-resized\"><img decoding=\"async\" src=\"https:\/\/talivera.fr\/actualites\/wp-content\/uploads\/2022\/06\/91Xt95M3p9L-1-783x1024.jpeg\" alt=\"\" class=\"wp-image-7875\" width=\"477\" srcset=\"https:\/\/talivera.fr\/actualites\/wp-content\/uploads\/2022\/06\/91Xt95M3p9L-1-783x1024.jpeg 783w, https:\/\/talivera.fr\/actualites\/wp-content\/uploads\/2022\/06\/91Xt95M3p9L-1-229x300.jpeg 229w, https:\/\/talivera.fr\/actualites\/wp-content\/uploads\/2022\/06\/91Xt95M3p9L-1-768x1005.jpeg 768w, https:\/\/talivera.fr\/actualites\/wp-content\/uploads\/2022\/06\/91Xt95M3p9L-1-1174x1536.jpeg 1174w, https:\/\/talivera.fr\/actualites\/wp-content\/uploads\/2022\/06\/91Xt95M3p9L-1-1566x2048.jpeg 1566w, https:\/\/talivera.fr\/actualites\/wp-content\/uploads\/2022\/06\/91Xt95M3p9L-1-46x60.jpeg 46w, https:\/\/talivera.fr\/actualites\/wp-content\/uploads\/2022\/06\/91Xt95M3p9L-1.jpeg 1957w\" sizes=\"(max-width: 783px) 100vw, 783px\" \/><\/figure>\n<\/div>\n\n\n<p class=\"has-text-align-justify\">Edgar Pierre Jacobs, bruxellois de naissance, d\u00e9marre dans le monde des arts navigant entre le dessin et la sc\u00e8ne. Il a fait ses d\u00e9buts \u00e0 l\u2019Op\u00e9ra de Lille et a \u00e9t\u00e9 choriste pour Mistinguett en 1922. Quand la guerre intervient, la fronti\u00e8re entre la France et la Belgique se ferme et notre chanteur qui faisait du dessin de d\u00e9coration pour les grands magasins bruxellois pour survivre, se r\u00e9oriente en tant que dessinateur. Il a fait des \u00e9tudes de peinture \u00e0 l\u2019Acad\u00e9mie des Beaux-Arts de Bruxelles o\u00f9 il a rencontr\u00e9 Jacques Laudy et Jacques Van Melkebeke qui pr\u00eateront plus tard leurs traits \u00e0 Blake et Mortimer. Grand amateur de litt\u00e9rature populaire et fantastique, d\u00e9vorant les livres de Jules Verne o\u00f9 il a puis\u00e9 une partie de son inspiration, il lisait \u00e9galement les ouvrages consacr\u00e9s aux civilisations disparues.\u00a0<\/p>\n\n\n\n<p class=\"has-text-align-justify\">En 1940, Jacques Laudy, justement, le pr\u00e9sente au directeur artistique et r\u00e9dacteur en chef du journal belge de bande dessin\u00e9e<em> Bravo.<\/em> Jacobs y fait un bon nombre d\u2019illustrations puis, les Allemands ayant interdit l\u2019importation de BD am\u00e9ricaines, il est amen\u00e9 \u00e0 faire un <em>erzatz<\/em> de <em>Flash Gordon<\/em> intitul\u00e9 <em>Le Rayon U<\/em>, un anc\u00eatre de <em>Blake et Mortimer <\/em>auquel Jean Van Hamme s\u2019appr\u00eate de donner une suite en 2022.\u00a0<\/p>\n\n\n\n<p class=\"has-text-align-justify\">A une \u00e9poque o\u00f9 l\u2019Am\u00e9rique r\u00e8gne en ma\u00eetre sur la bande dessin\u00e9e r\u00e9aliste avec Flash Gordon, Dick Tracy, Mandrake, le Fant\u00f4me, Jungle Jim, Tarzan ou Prince Vaillant, Edgar P. Jacobs est le premier auteur belge \u00e0 rivaliser avec la perfection esth\u00e9tique et la narration des comics. En 1943, l\u2019artiste a pr\u00e8s de 40 ans quand il cr\u00e9e Le Rayon \u00ab U \u00bb dans le magazine Bravo ! La premi\u00e8re bande dessin\u00e9e de science- \ufb01ction \u00ab made in Belgium \u00bb. Edgar P. Jacobs travaille la psychologie des personnages, apporte un soin maniaque \u00e0 la cr\u00e9dibilit\u00e9 des d\u00e9cors comme \u00e0 la dramaturgie des couleurs. Le Secret de l\u2019Espadon est la premi\u00e8re aventure de cette prestigieuse s\u00e9rie qu\u2019il sc\u00e9narise et dessine. Perfectionniste et m\u00e9ticuleux, frapp\u00e9 par la guerre qui vient de s\u2019achever avec le bombardement atomique d\u2019Hiroshima, Jacobs imagine un r\u00e9cit d\u2019anticipation destin\u00e9e non plus aux enfants, mais aux adolescents et aux adultes.<\/p>\n\n\n\n<h2 class=\"wp-block-heading\"><strong>Rencontre avec Herg\u00e9<\/strong><\/h2>\n\n\n\n<p class=\"has-text-align-justify\">Sa rencontre avec Herg\u00e9 va changer la vie de Jacobs et parall\u00e8lement celle d\u2019Herg\u00e9. \u00c0 Jacobs, Herg\u00e9 va transmettre les rudiments du 9e art, le sens de la narration, le c\u00f4t\u00e9 loustic du dessin m\u00eame dans le registre r\u00e9aliste. \u00c0 Herg\u00e9, Jacobs apportera davantage de rigueur graphique et, sans doute avec l\u2019aide de Jacques Van Melkebeke, un \u00e9rudit des litt\u00e9ratures populaires, un sens de la mise en sc\u00e8ne, du spectacle qui ne le quittera plus. Ajoutons la mise au point de la couleur si caract\u00e9ristique, la colorim\u00e9trie, des albums de Tintin, dans leur version en couleurs de 64 pages. Impressionn\u00e9 par son talent, Herg\u00e9 engage Edgar P. Jacobs comme collaborateur et convainc l\u2019\u00e9diteur bruxellois Raymond Leblanc de l\u2019int\u00e9grer \u00e0 la r\u00e9daction du futur journal Tintin. Pour le premier num\u00e9ro, Edgar P. Jacobs imagine le sc\u00e9nario d\u2019une histoire contemporaine sur le th\u00e8me de la Troisi\u00e8me Guerre mondiale : Le Secret de l\u2019Espadon. De 1944 \u00e0 1946, il devient le principal collaborateur d\u2019Herg\u00e9 pour les aventures de Tintin. Mais face au refus de co-signer les albums de Tintin, Jacobs lance sa propre s\u00e9rie.&nbsp; Gr\u00e2ce \u00e0 l&rsquo;amiti\u00e9 entre leurs auteurs, <em>Les Aventures de Blake et Mortimer<\/em> et <em>Les Aventures de Tintin<\/em> ont plusieurs connexions entre elles. Certaines peuvent nous faire penser que les personnages des deux s\u00e9ries \u00e9voluent dans le m\u00eame univers fictif. Par exemple, l\u2019\u00e9gyptologue Grossgrab apparaissant dans <em>Les Cigares du pharaon<\/em> est une r\u00e9f\u00e9rence \u00e0 l&rsquo;\u00e9gyptologue Grossgrabenstein de l&rsquo;album <em>Le Myst\u00e8re de la Grande Pyramide<\/em>&nbsp;;<\/p>\n\n\n\n<h2 class=\"wp-block-heading\"><strong>Blake et Mortimer<\/strong><\/h2>\n\n\n<div class=\"wp-block-image\">\n<figure class=\"alignleft size-medium\"><img loading=\"lazy\" decoding=\"async\" width=\"229\" height=\"300\" src=\"https:\/\/talivera.fr\/actualites\/wp-content\/uploads\/2022\/06\/91NZf0ahHL-1-229x300.jpeg\" alt=\"\" class=\"wp-image-7872\" srcset=\"https:\/\/talivera.fr\/actualites\/wp-content\/uploads\/2022\/06\/91NZf0ahHL-1-229x300.jpeg 229w, https:\/\/talivera.fr\/actualites\/wp-content\/uploads\/2022\/06\/91NZf0ahHL-1-783x1024.jpeg 783w, https:\/\/talivera.fr\/actualites\/wp-content\/uploads\/2022\/06\/91NZf0ahHL-1-768x1005.jpeg 768w, https:\/\/talivera.fr\/actualites\/wp-content\/uploads\/2022\/06\/91NZf0ahHL-1-1174x1536.jpeg 1174w, https:\/\/talivera.fr\/actualites\/wp-content\/uploads\/2022\/06\/91NZf0ahHL-1-1566x2048.jpeg 1566w, https:\/\/talivera.fr\/actualites\/wp-content\/uploads\/2022\/06\/91NZf0ahHL-1-46x60.jpeg 46w, https:\/\/talivera.fr\/actualites\/wp-content\/uploads\/2022\/06\/91NZf0ahHL-1.jpeg 1957w\" sizes=\"auto, (max-width: 229px) 100vw, 229px\" \/><\/figure>\n<\/div>\n\n\n<p class=\"has-text-align-justify\"><em>Les Aventures de Blake et Mortimer<\/em> sont cr\u00e9\u00e9es en 1946. Publi\u00e9e initialement par les \u00c9ditions du Lombard, la s\u00e9rie l&rsquo;est d\u00e9sormais par les \u00c9ditions Blake et Mortimer, une filiale du groupe M\u00e9dia participations. Elle fut pr\u00e9-publi\u00e9e pendant de nombreuses ann\u00e9es dans <em>Le Journal de Tintin<\/em> dont elle \u00e9tait, avec d&rsquo;autres s\u00e9ries comme <em>Les Aventures de Tintin<\/em>, l&rsquo;une des s\u00e9ries les plus populaires. Cette s\u00e9rie, cette saga, c\u2019est l\u2019histoire de deux britanniques, l\u2019un Sir Francis Blake et l\u2019autre Philip Mortimer. Le premier, est militaire de carri\u00e8re dans la Royal Air Force et il fait aussi parti du MI-5 (service de contre-espionnage), le second est un brillant professeur en physique nucl\u00e9aire.<\/p>\n\n\n\n<p class=\"has-text-align-justify\">La s\u00e9rie est ensuite reprise apr\u00e8s sa mort en 1987 par Bob de Moor puis d\u2019autres.<\/p>\n\n\n\n<p><\/p>\n\n\n\n<p><\/p>\n\n\n\n<h2 class=\"wp-block-heading\"><strong>Un auteur exigeant et engag\u00e9<\/strong><\/h2>\n\n\n<div class=\"wp-block-image\">\n<figure class=\"alignright size-medium\"><img loading=\"lazy\" decoding=\"async\" width=\"224\" height=\"300\" src=\"https:\/\/talivera.fr\/actualites\/wp-content\/uploads\/2022\/06\/Couv_192610-1-224x300.jpeg\" alt=\"\" class=\"wp-image-7873\" srcset=\"https:\/\/talivera.fr\/actualites\/wp-content\/uploads\/2022\/06\/Couv_192610-1-224x300.jpeg 224w, https:\/\/talivera.fr\/actualites\/wp-content\/uploads\/2022\/06\/Couv_192610-1-45x60.jpeg 45w, https:\/\/talivera.fr\/actualites\/wp-content\/uploads\/2022\/06\/Couv_192610-1.jpeg 600w\" sizes=\"auto, (max-width: 224px) 100vw, 224px\" \/><\/figure>\n<\/div>\n\n\n<p class=\"has-text-align-justify\">Edgar P. Jacobs \u00e9tait perfectionniste et pouvait passer des ann\u00e9es sur un m\u00eame sc\u00e9nario. Il a mis dix ans \u00e0 \u00e9crire <em>Les trois formules du Professeur S\u00e2to<\/em> dont le second tome fut achev\u00e9 par Bob de Moor.&nbsp; Nourri de litt\u00e9rature anglo-saxonne, de H.G. Wells et de Conan Doyle en particulier, c\u2019est un ma\u00eetre dans l\u2019art de percer les secrets de la science et du futur. Il oppose ainsi la civilisation, gardienne de la Tradition, \u00e0 la barbarie, repr\u00e9sent\u00e9e par l\u2019empire totalitaire asiatique de Basam Damdu (Le Secret de l\u2019Espadon), ou encore par le peuple \u00ab&nbsp;barbare&nbsp;\u00bb en lutte contre les Atlantes (L\u2019\u00c9nigme de l\u2019Atlantide)\u2026 Il d\u00e9nonce fr\u00e9quemment l\u2019utilisation de la science \u00e0 des fins amorales : la guerre nucl\u00e9aire, la manipulation du climat\u2026 Apr\u00e8s l\u2019aventure fondatrice du Secret de l\u2019Espadon , l&rsquo;auteur s\u2019int\u00e9resse \u00e0 l\u2019arch\u00e9ologie dans Le Myst\u00e8re de la Grande Pyramide, au contr\u00f4le du cerveau et de la pens\u00e9e dans La Marque jaune , au destin interplan\u00e9taire de l\u2019humanit\u00e9 dans L\u2019Enigme de l\u2019Atlantide , aux menaces du changement climatique dans S.O.S. M\u00e9t\u00e9ores , \u00e0 la relativit\u00e9 dans Le Pi\u00e8ge diabolique , ou encore au clonage avec Les 3 Formules du professeur Sato \u2026<\/p>\n\n\n\n<h2 class=\"wp-block-heading\"><strong>Un duo qui a tout, du dandysme \u00e0 l\u2019\u00e9thique !<\/strong><\/h2>\n\n\n<div class=\"wp-block-image\">\n<figure class=\"alignleft size-full is-resized\"><img loading=\"lazy\" decoding=\"async\" src=\"https:\/\/talivera.fr\/actualites\/wp-content\/uploads\/2022\/08\/affiche-blake-et-mortimer-centaur-club.jpg\" alt=\"\" class=\"wp-image-8186\" width=\"482\" height=\"482\" srcset=\"https:\/\/talivera.fr\/actualites\/wp-content\/uploads\/2022\/08\/affiche-blake-et-mortimer-centaur-club.jpg 700w, https:\/\/talivera.fr\/actualites\/wp-content\/uploads\/2022\/08\/affiche-blake-et-mortimer-centaur-club-300x300.jpg 300w, https:\/\/talivera.fr\/actualites\/wp-content\/uploads\/2022\/08\/affiche-blake-et-mortimer-centaur-club-150x150.jpg 150w, https:\/\/talivera.fr\/actualites\/wp-content\/uploads\/2022\/08\/affiche-blake-et-mortimer-centaur-club-60x60.jpg 60w\" sizes=\"auto, (max-width: 482px) 100vw, 482px\" \/><figcaption>      Affiche BDAddick \u00a9 Edgar P.Jacobs &#8211; Le cri du Moloch, centaur club<\/figcaption><\/figure>\n<\/div>\n\n\n<p><\/p>\n\n\n\n<p class=\"has-text-align-justify\">Blake est un ancien pilote de la Royal Air Force devenu directeur du MI5 tandis que Mortimer est un sp\u00e9cialiste scientifique du Royaume-Uni. Un capitaine et un professeur, deux h\u00e9ros so british !  <\/p>\n\n\n\n<p class=\"has-text-align-justify\">Dans chaque album, on retrouve la table du Centaur Club pour converser tout en d\u00e9gustant d&rsquo;exquis mill\u00e9simes fran\u00e7ais, notamment le fameux Pomerol 1947\u2026&nbsp; Dans Blake et Mortimer, il y a tout pour passer un moment de plaisir qui nous fait du bien : les valeurs qu\u2019incarnent le duo d\u2019amis, l\u2019aspect aventure dans un contexte historique intrigant et l&rsquo;atmosph\u00e8re \u00e9gyptienne. Il n\u2019y a qu\u2019un seul album de Jacobs qui se passe en Angleterre, m\u00eame s\u2019il s\u2019agit du plus iconique (<em>La Marque Jaune<\/em>). Pour Jacobs, l\u2019Angleterre relevait davantage de l\u2019alibi : il aimait surtout l\u2019aspect \u00ab british \u00bb, rac\u00e9 et classieux des gentlemen. <\/p>\n\n\n\n<h2 class=\"wp-block-heading\"><strong>Un imaginaire qui se nourrit du r\u00e9el et de l\u2019actualit<\/strong>\u00e9<\/h2>\n\n\n\n<p class=\"has-text-align-justify\">Dernier ingr\u00e9dient qui fait de Jacobs un artiste hors du commun. C\u2019est son regard sur l\u2019actualit\u00e9 qu\u2019il nous retransmet et il part de la r\u00e9alit\u00e9. Le cr\u00e9ateur de Blake et Mortimer restitue merveilleusement les ambiances de Bruxelles ou du Brabant wallon dans l\u2019avant-guerre et l\u2019apr\u00e8s-guerre avec un souci du d\u00e9tail. Il avait une vision lucide de l&rsquo;humanit\u00e9 et de son destin. Il savait que l&rsquo;Histoire est un cycle tragique qui se r\u00e9p\u00e8te. Au lendemain de la Seconde Guerre mondiale, Blake et Mortimer se posent en d\u00e9fenseurs de la libert\u00e9 et des valeurs humanistes de l\u2019Occident. Mais pour mettre des visages sur ses h\u00e9ros, Edgar P. Jacobs ne prend pas pour mod\u00e8les de vrais anglais. Il trouve l\u2019inspiration parmi ses proches.&nbsp;<\/p>\n\n\n\n<p class=\"has-text-align-justify\">En 1946, l\u2019Espadon, le sous-marin volant dont il a fait une arme absolue de la lutte contre la dictature, n\u2019a rien d\u2019un gadget de space opera. C\u2019est une \u00e9pure de technologie parfaitement cr\u00e9dible. Au point que l\u2019U.S. Navy organisera, vingt ans plus tard, un concours dot\u00e9 de 100.000 dollars de prix, entre 44 constructeurs, en vue de la cr\u00e9ation d\u2019un semblable sous-marin volant. Tel que l\u2019auteur l\u2019a d\u00e9fini, l\u2019Espadon est \u00ab&nbsp;un avion supersonique t\u00e9l\u00e9command\u00e9 op\u00e9rant \u00e0 partir d\u2019une base sous-marine, arm\u00e9 de fus\u00e9es nucl\u00e9aires tactiques&nbsp;\u00bb&nbsp;: une pr\u00e9figuration du drone\u2026 Jacobs a devanc\u00e9 son temps, son Espadon pr\u00e9figurant en tout point, couleur y compris, le protoype du SO-6020 Espadon, premier avion fran\u00e7ais \u00e0 franchir le mur du son, en d\u00e9cembre 1953. Idem pour le sous-marin SII, muni d\u2019un tourelle, de phares et de hublots qui plonge au del\u00e0 de 200 m\u00e8tres dans la BD, performance alors techniquement impossible \u00e0 l\u2019\u00e9poque. Pourtant trois ans plus tard, la plong\u00e9e d\u2019un sous marin \u00e0 hublots et phares, \u00e0 412 m\u00e8tres dans le lac de C\u00f4me, lui donnera raison.<\/p>\n\n\n\n<h2 class=\"wp-block-heading\">Pour aller plus loin<\/h2>\n\n\n\n<p class=\"has-text-align-justify\">La vie de Jacobs est tr\u00e8s bien racont\u00e9e dans la biographie que lui ont consacr\u00e9 Beno\u00eet Mouchart et Fran\u00e7ois Rivi\u00e8re (aux Impressions nouvelles), le biographe d\u2019Agatha Christie et celui de Jacques Van Melkebeke (<em>\u00c0 l\u2019Ombre de la Ligne claire,<\/em> aux Impressions nouvelles \u00e9galement). Ils ont mis en commun leurs connaissances encyclop\u00e9diques de l\u2019\u00e9poque pour \u00e9clairer l\u2019homme et l\u2019\u0153uvre avec une acuit\u00e9 parfaite. On retrouve des \u00e9l\u00e9ments dans le biopic en bande dessin\u00e9e que lui ont consacr\u00e9 Philippe Wurm et le m\u00eame Fran\u00e7ois Rivi\u00e8re&nbsp;: <em>Edgar P. Jacobs \u2013 Le R\u00eaveur d\u2019apocalypses<\/em>, chez Gl\u00e9nat. <\/p>\n\n\n\n<p class=\"has-text-align-justify\">Aujourd\u2019hui, il y a 22 albums de Blake et Mortimer, dont 8 ont \u00e9t\u00e9 r\u00e9alis\u00e9s par Edgar P. Jacobs. Blake et Mortimer \u00e9tait, avec d&rsquo;autres s\u00e9ries comme \u00ab\u00a0Les aventures de Tintin\u00a0\u00bb, \u00ab\u00a0Ric Hochet\u00a0\u00bb, \u00ab\u00a0Michel Vaillant\u00a0\u00bb ou \u00ab\u00a0Alix\u00a0\u00bb l&rsquo;une des s\u00e9ries les plus populaires. Une telle long\u00e9vit\u00e9 en fait l\u2019une des sagas de BD les plus importantes de ces derni\u00e8res d\u00e9cennies !&nbsp;Commencez par le Tome 1 !<\/p>\n\n\n\n<blockquote class=\"wp-block-quote is-layout-flow wp-block-quote-is-layout-flow\"><p><em>Le but essentiel d\u2019une \u00ab&nbsp;bande&nbsp;\u00bb de science-fiction est avant tout de raconter une histoire d\u2019aventures, de d\u00e9payser, de faire jouer l\u2019imagination, subsidiairement de susciter la curiosit\u00e9 ou l\u2019int\u00e9r\u00eat. Et pourquoi pas, d\u2019inciter \u00e0 la r\u00e9flexion.<\/em><\/p><cite><em>Un op\u00e9ra de papier. Les m\u00e9moires de Blake et Mortimer<\/em><br>Edgar P. Jacobs, \u00e9d Gallimard, 1981<\/cite><\/blockquote>\n\n\n<div class=\"wp-block-image\">\n<figure class=\"aligncenter size-full\"><img loading=\"lazy\" decoding=\"async\" width=\"265\" height=\"262\" src=\"https:\/\/talivera.fr\/actualites\/wp-content\/uploads\/2022\/08\/Blake_en_Mortimer.jpg\" alt=\"\" class=\"wp-image-8181\" srcset=\"https:\/\/talivera.fr\/actualites\/wp-content\/uploads\/2022\/08\/Blake_en_Mortimer.jpg 265w, https:\/\/talivera.fr\/actualites\/wp-content\/uploads\/2022\/08\/Blake_en_Mortimer-61x60.jpg 61w\" sizes=\"auto, (max-width: 265px) 100vw, 265px\" \/><figcaption>Fresque \u00e0 Bruxelles (Marolles : quartier d&rsquo;Edgar P.&nbsp;Jacobs)&nbsp;un hommage de la ville de Bruxelles \u00e0 l&rsquo;auteur bruxellois \u00e0 l&rsquo;occasion de l&rsquo;anniversaire du Capitaine Francis Blake et du professeur Philip Mortimer.<\/figcaption><\/figure>\n<\/div>\n\n\n<p><\/p>\n\n\n\n<p><\/p>\n\n\n\n<p><\/p>\n\n\n\n<p><\/p>\n\n\n\n<p><\/p>\n\n\n\n<p><\/p>\n\n\n\n<p><\/p>\n\n\n\n<p><\/p>\n\n\n\n<p><\/p>\n\n\n\n<p><\/p>\n\n\n\n<p><\/p>\n\n\n\n<p><\/p>\n\n\n\n<p><\/p>\n\n\n\n<p><\/p>\n\n\n\n<p><\/p>\n","protected":false},"excerpt":{"rendered":"<p>Edgard F\u00e9lix Pierre Jacobs (1904-1987), plus connu sous le nom d&rsquo;Edgar Pierre Jacobs est l\u2019auteur dessinateur de la c\u00e9l\u00e8bre bande-dessin\u00e9e Blake et Mortimer. La BD a c\u00e9l\u00e8br\u00e9 ses 75 ans ! Une grande f\u00eate \u00e0 Bruxelles, un nouveau mur peint dans la ville, une pi\u00e8ce frapp\u00e9e par la Monnaie royale de Belgique, une exposition au &hellip;<\/p>\n<p class=\"read-more\"> <a class=\"\" href=\"https:\/\/talivera.fr\/actualites\/lauteur-de-la-bd-blake-et-mortimer-a-lhonneur\/\"> <span class=\"screen-reader-text\">Zoom artiste : L\u2019auteur de la BD Blake et Mortimer \u00e0 l\u2019honneur<\/span> Lire la suite\u00a0\u00bb<\/a><\/p>\n","protected":false},"author":1,"featured_media":7857,"comment_status":"open","ping_status":"open","sticky":false,"template":"","format":"standard","meta":{"_jetpack_memberships_contains_paid_content":false,"footnotes":""},"categories":[135],"tags":[],"class_list":["post-7849","post","type-post","status-publish","format-standard","has-post-thumbnail","hentry","category-zoom-artiste"],"yoast_head":"<!-- This site is optimized with the Yoast SEO plugin v24.9 - https:\/\/yoast.com\/wordpress\/plugins\/seo\/ -->\n<title>Zoom artiste : L\u2019auteur de la BD Blake et Mortimer \u00e0 l\u2019honneur - Culture Bien-\u00eatre<\/title>\n<meta name=\"robots\" content=\"index, follow, max-snippet:-1, max-image-preview:large, max-video-preview:-1\" \/>\n<link rel=\"canonical\" href=\"https:\/\/talivera.fr\/actualites\/lauteur-de-la-bd-blake-et-mortimer-a-lhonneur\/\" \/>\n<meta property=\"og:locale\" content=\"fr_FR\" \/>\n<meta property=\"og:type\" content=\"article\" \/>\n<meta property=\"og:title\" content=\"Zoom artiste : L\u2019auteur de la BD Blake et Mortimer \u00e0 l\u2019honneur - Culture Bien-\u00eatre\" \/>\n<meta property=\"og:description\" content=\"Edgard F\u00e9lix Pierre Jacobs (1904-1987), plus connu sous le nom d&rsquo;Edgar Pierre Jacobs est l\u2019auteur dessinateur de la c\u00e9l\u00e8bre bande-dessin\u00e9e Blake et Mortimer. La BD a c\u00e9l\u00e8br\u00e9 ses 75 ans ! Une grande f\u00eate \u00e0 Bruxelles, un nouveau mur peint dans la ville, une pi\u00e8ce frapp\u00e9e par la Monnaie royale de Belgique, une exposition au &hellip; Zoom artiste : L\u2019auteur de la BD Blake et Mortimer \u00e0 l\u2019honneur Lire la suite\u00a0\u00bb\" \/>\n<meta property=\"og:url\" content=\"https:\/\/talivera.fr\/actualites\/lauteur-de-la-bd-blake-et-mortimer-a-lhonneur\/\" \/>\n<meta property=\"og:site_name\" content=\"Culture Bien-\u00eatre\" \/>\n<meta property=\"article:author\" content=\"https:\/\/www.facebook.com\/sortirdecouvrir\/\" \/>\n<meta property=\"article:published_time\" content=\"2022-08-20T06:43:13+00:00\" \/>\n<meta property=\"article:modified_time\" content=\"2022-08-21T07:26:52+00:00\" \/>\n<meta property=\"og:image\" content=\"https:\/\/talivera.fr\/actualites\/wp-content\/uploads\/2022\/06\/B9728461957Z.1_20210930102501_000GQMJ15FPG.1-0.png\" \/>\n\t<meta property=\"og:image:width\" content=\"1920\" \/>\n\t<meta property=\"og:image:height\" content=\"1081\" \/>\n\t<meta property=\"og:image:type\" content=\"image\/png\" \/>\n<meta name=\"author\" content=\"talivera\" \/>\n<meta name=\"twitter:card\" content=\"summary_large_image\" \/>\n<meta name=\"twitter:creator\" content=\"@https:\/\/twitter.com\/talivera_\" \/>\n<meta name=\"twitter:label1\" content=\"\u00c9crit par\" \/>\n\t<meta name=\"twitter:data1\" content=\"talivera\" \/>\n\t<meta name=\"twitter:label2\" content=\"Dur\u00e9e de lecture estim\u00e9e\" \/>\n\t<meta name=\"twitter:data2\" content=\"10 minutes\" \/>\n<script type=\"application\/ld+json\" class=\"yoast-schema-graph\">{\"@context\":\"https:\/\/schema.org\",\"@graph\":[{\"@type\":\"Article\",\"@id\":\"https:\/\/talivera.fr\/actualites\/lauteur-de-la-bd-blake-et-mortimer-a-lhonneur\/#article\",\"isPartOf\":{\"@id\":\"https:\/\/talivera.fr\/actualites\/lauteur-de-la-bd-blake-et-mortimer-a-lhonneur\/\"},\"author\":{\"name\":\"talivera\",\"@id\":\"https:\/\/talivera.fr\/actualites\/#\/schema\/person\/6f7da364c6dd2c35a1268d64d87d2133\"},\"headline\":\"Zoom artiste : L\u2019auteur de la BD Blake et Mortimer \u00e0 l\u2019honneur\",\"datePublished\":\"2022-08-20T06:43:13+00:00\",\"dateModified\":\"2022-08-21T07:26:52+00:00\",\"mainEntityOfPage\":{\"@id\":\"https:\/\/talivera.fr\/actualites\/lauteur-de-la-bd-blake-et-mortimer-a-lhonneur\/\"},\"wordCount\":1945,\"commentCount\":0,\"publisher\":{\"@id\":\"https:\/\/talivera.fr\/actualites\/#organization\"},\"image\":{\"@id\":\"https:\/\/talivera.fr\/actualites\/lauteur-de-la-bd-blake-et-mortimer-a-lhonneur\/#primaryimage\"},\"thumbnailUrl\":\"https:\/\/talivera.fr\/actualites\/wp-content\/uploads\/2022\/06\/B9728461957Z.1_20210930102501_000GQMJ15FPG.1-0.png\",\"articleSection\":[\"Zoom artiste\"],\"inLanguage\":\"fr-FR\",\"potentialAction\":[{\"@type\":\"CommentAction\",\"name\":\"Comment\",\"target\":[\"https:\/\/talivera.fr\/actualites\/lauteur-de-la-bd-blake-et-mortimer-a-lhonneur\/#respond\"]}]},{\"@type\":\"WebPage\",\"@id\":\"https:\/\/talivera.fr\/actualites\/lauteur-de-la-bd-blake-et-mortimer-a-lhonneur\/\",\"url\":\"https:\/\/talivera.fr\/actualites\/lauteur-de-la-bd-blake-et-mortimer-a-lhonneur\/\",\"name\":\"Zoom artiste : L\u2019auteur de la BD Blake et Mortimer \u00e0 l\u2019honneur - Culture Bien-\u00eatre\",\"isPartOf\":{\"@id\":\"https:\/\/talivera.fr\/actualites\/#website\"},\"primaryImageOfPage\":{\"@id\":\"https:\/\/talivera.fr\/actualites\/lauteur-de-la-bd-blake-et-mortimer-a-lhonneur\/#primaryimage\"},\"image\":{\"@id\":\"https:\/\/talivera.fr\/actualites\/lauteur-de-la-bd-blake-et-mortimer-a-lhonneur\/#primaryimage\"},\"thumbnailUrl\":\"https:\/\/talivera.fr\/actualites\/wp-content\/uploads\/2022\/06\/B9728461957Z.1_20210930102501_000GQMJ15FPG.1-0.png\",\"datePublished\":\"2022-08-20T06:43:13+00:00\",\"dateModified\":\"2022-08-21T07:26:52+00:00\",\"breadcrumb\":{\"@id\":\"https:\/\/talivera.fr\/actualites\/lauteur-de-la-bd-blake-et-mortimer-a-lhonneur\/#breadcrumb\"},\"inLanguage\":\"fr-FR\",\"potentialAction\":[{\"@type\":\"ReadAction\",\"target\":[\"https:\/\/talivera.fr\/actualites\/lauteur-de-la-bd-blake-et-mortimer-a-lhonneur\/\"]}]},{\"@type\":\"ImageObject\",\"inLanguage\":\"fr-FR\",\"@id\":\"https:\/\/talivera.fr\/actualites\/lauteur-de-la-bd-blake-et-mortimer-a-lhonneur\/#primaryimage\",\"url\":\"https:\/\/talivera.fr\/actualites\/wp-content\/uploads\/2022\/06\/B9728461957Z.1_20210930102501_000GQMJ15FPG.1-0.png\",\"contentUrl\":\"https:\/\/talivera.fr\/actualites\/wp-content\/uploads\/2022\/06\/B9728461957Z.1_20210930102501_000GQMJ15FPG.1-0.png\",\"width\":1920,\"height\":1081},{\"@type\":\"BreadcrumbList\",\"@id\":\"https:\/\/talivera.fr\/actualites\/lauteur-de-la-bd-blake-et-mortimer-a-lhonneur\/#breadcrumb\",\"itemListElement\":[{\"@type\":\"ListItem\",\"position\":1,\"name\":\"Home\",\"item\":\"https:\/\/talivera.fr\/actualites\/\"},{\"@type\":\"ListItem\",\"position\":2,\"name\":\"Zoom artiste : L\u2019auteur de la BD Blake et Mortimer \u00e0 l\u2019honneur\"}]},{\"@type\":\"WebSite\",\"@id\":\"https:\/\/talivera.fr\/actualites\/#website\",\"url\":\"https:\/\/talivera.fr\/actualites\/\",\"name\":\"Culture Bien-\u00eatre\",\"description\":\"Talivera, plus proche de la culture\",\"publisher\":{\"@id\":\"https:\/\/talivera.fr\/actualites\/#organization\"},\"potentialAction\":[{\"@type\":\"SearchAction\",\"target\":{\"@type\":\"EntryPoint\",\"urlTemplate\":\"https:\/\/talivera.fr\/actualites\/?s={search_term_string}\"},\"query-input\":{\"@type\":\"PropertyValueSpecification\",\"valueRequired\":true,\"valueName\":\"search_term_string\"}}],\"inLanguage\":\"fr-FR\"},{\"@type\":\"Organization\",\"@id\":\"https:\/\/talivera.fr\/actualites\/#organization\",\"name\":\"Culture Bien-\u00eatre\",\"url\":\"https:\/\/talivera.fr\/actualites\/\",\"logo\":{\"@type\":\"ImageObject\",\"inLanguage\":\"fr-FR\",\"@id\":\"https:\/\/talivera.fr\/actualites\/#\/schema\/logo\/image\/\",\"url\":\"https:\/\/talivera.fr\/actualites\/wp-content\/uploads\/2022\/06\/cropped-cropped-TALI-Logo-fond-blanc-SS-220513.png\",\"contentUrl\":\"https:\/\/talivera.fr\/actualites\/wp-content\/uploads\/2022\/06\/cropped-cropped-TALI-Logo-fond-blanc-SS-220513.png\",\"width\":760,\"height\":272,\"caption\":\"Culture Bien-\u00eatre\"},\"image\":{\"@id\":\"https:\/\/talivera.fr\/actualites\/#\/schema\/logo\/image\/\"}},{\"@type\":\"Person\",\"@id\":\"https:\/\/talivera.fr\/actualites\/#\/schema\/person\/6f7da364c6dd2c35a1268d64d87d2133\",\"name\":\"talivera\",\"image\":{\"@type\":\"ImageObject\",\"inLanguage\":\"fr-FR\",\"@id\":\"https:\/\/talivera.fr\/actualites\/#\/schema\/person\/image\/\",\"url\":\"https:\/\/secure.gravatar.com\/avatar\/9cc99a2be3b13f52ccf55b39d3952bc77029d605431f7c7570ce9a2963513de9?s=96&d=mm&r=g\",\"contentUrl\":\"https:\/\/secure.gravatar.com\/avatar\/9cc99a2be3b13f52ccf55b39d3952bc77029d605431f7c7570ce9a2963513de9?s=96&d=mm&r=g\",\"caption\":\"talivera\"},\"sameAs\":[\"https:\/\/talivera.fr\",\"https:\/\/www.facebook.com\/sortirdecouvrir\/\",\"https:\/\/www.instagram.com\/talivera_\/?hl=fr\",\"https:\/\/x.com\/https:\/\/twitter.com\/talivera_\"],\"url\":\"https:\/\/talivera.fr\/actualites\/author\/talivera\/\"}]}<\/script>\n<!-- \/ Yoast SEO plugin. -->","yoast_head_json":{"title":"Zoom artiste : L\u2019auteur de la BD Blake et Mortimer \u00e0 l\u2019honneur - Culture Bien-\u00eatre","robots":{"index":"index","follow":"follow","max-snippet":"max-snippet:-1","max-image-preview":"max-image-preview:large","max-video-preview":"max-video-preview:-1"},"canonical":"https:\/\/talivera.fr\/actualites\/lauteur-de-la-bd-blake-et-mortimer-a-lhonneur\/","og_locale":"fr_FR","og_type":"article","og_title":"Zoom artiste : L\u2019auteur de la BD Blake et Mortimer \u00e0 l\u2019honneur - Culture Bien-\u00eatre","og_description":"Edgard F\u00e9lix Pierre Jacobs (1904-1987), plus connu sous le nom d&rsquo;Edgar Pierre Jacobs est l\u2019auteur dessinateur de la c\u00e9l\u00e8bre bande-dessin\u00e9e Blake et Mortimer. La BD a c\u00e9l\u00e8br\u00e9 ses 75 ans ! Une grande f\u00eate \u00e0 Bruxelles, un nouveau mur peint dans la ville, une pi\u00e8ce frapp\u00e9e par la Monnaie royale de Belgique, une exposition au &hellip; Zoom artiste : L\u2019auteur de la BD Blake et Mortimer \u00e0 l\u2019honneur Lire la suite\u00a0\u00bb","og_url":"https:\/\/talivera.fr\/actualites\/lauteur-de-la-bd-blake-et-mortimer-a-lhonneur\/","og_site_name":"Culture Bien-\u00eatre","article_author":"https:\/\/www.facebook.com\/sortirdecouvrir\/","article_published_time":"2022-08-20T06:43:13+00:00","article_modified_time":"2022-08-21T07:26:52+00:00","og_image":[{"width":1920,"height":1081,"url":"https:\/\/talivera.fr\/actualites\/wp-content\/uploads\/2022\/06\/B9728461957Z.1_20210930102501_000GQMJ15FPG.1-0.png","type":"image\/png"}],"author":"talivera","twitter_card":"summary_large_image","twitter_creator":"@https:\/\/twitter.com\/talivera_","twitter_misc":{"\u00c9crit par":"talivera","Dur\u00e9e de lecture estim\u00e9e":"10 minutes"},"schema":{"@context":"https:\/\/schema.org","@graph":[{"@type":"Article","@id":"https:\/\/talivera.fr\/actualites\/lauteur-de-la-bd-blake-et-mortimer-a-lhonneur\/#article","isPartOf":{"@id":"https:\/\/talivera.fr\/actualites\/lauteur-de-la-bd-blake-et-mortimer-a-lhonneur\/"},"author":{"name":"talivera","@id":"https:\/\/talivera.fr\/actualites\/#\/schema\/person\/6f7da364c6dd2c35a1268d64d87d2133"},"headline":"Zoom artiste : L\u2019auteur de la BD Blake et Mortimer \u00e0 l\u2019honneur","datePublished":"2022-08-20T06:43:13+00:00","dateModified":"2022-08-21T07:26:52+00:00","mainEntityOfPage":{"@id":"https:\/\/talivera.fr\/actualites\/lauteur-de-la-bd-blake-et-mortimer-a-lhonneur\/"},"wordCount":1945,"commentCount":0,"publisher":{"@id":"https:\/\/talivera.fr\/actualites\/#organization"},"image":{"@id":"https:\/\/talivera.fr\/actualites\/lauteur-de-la-bd-blake-et-mortimer-a-lhonneur\/#primaryimage"},"thumbnailUrl":"https:\/\/talivera.fr\/actualites\/wp-content\/uploads\/2022\/06\/B9728461957Z.1_20210930102501_000GQMJ15FPG.1-0.png","articleSection":["Zoom artiste"],"inLanguage":"fr-FR","potentialAction":[{"@type":"CommentAction","name":"Comment","target":["https:\/\/talivera.fr\/actualites\/lauteur-de-la-bd-blake-et-mortimer-a-lhonneur\/#respond"]}]},{"@type":"WebPage","@id":"https:\/\/talivera.fr\/actualites\/lauteur-de-la-bd-blake-et-mortimer-a-lhonneur\/","url":"https:\/\/talivera.fr\/actualites\/lauteur-de-la-bd-blake-et-mortimer-a-lhonneur\/","name":"Zoom artiste : L\u2019auteur de la BD Blake et Mortimer \u00e0 l\u2019honneur - Culture Bien-\u00eatre","isPartOf":{"@id":"https:\/\/talivera.fr\/actualites\/#website"},"primaryImageOfPage":{"@id":"https:\/\/talivera.fr\/actualites\/lauteur-de-la-bd-blake-et-mortimer-a-lhonneur\/#primaryimage"},"image":{"@id":"https:\/\/talivera.fr\/actualites\/lauteur-de-la-bd-blake-et-mortimer-a-lhonneur\/#primaryimage"},"thumbnailUrl":"https:\/\/talivera.fr\/actualites\/wp-content\/uploads\/2022\/06\/B9728461957Z.1_20210930102501_000GQMJ15FPG.1-0.png","datePublished":"2022-08-20T06:43:13+00:00","dateModified":"2022-08-21T07:26:52+00:00","breadcrumb":{"@id":"https:\/\/talivera.fr\/actualites\/lauteur-de-la-bd-blake-et-mortimer-a-lhonneur\/#breadcrumb"},"inLanguage":"fr-FR","potentialAction":[{"@type":"ReadAction","target":["https:\/\/talivera.fr\/actualites\/lauteur-de-la-bd-blake-et-mortimer-a-lhonneur\/"]}]},{"@type":"ImageObject","inLanguage":"fr-FR","@id":"https:\/\/talivera.fr\/actualites\/lauteur-de-la-bd-blake-et-mortimer-a-lhonneur\/#primaryimage","url":"https:\/\/talivera.fr\/actualites\/wp-content\/uploads\/2022\/06\/B9728461957Z.1_20210930102501_000GQMJ15FPG.1-0.png","contentUrl":"https:\/\/talivera.fr\/actualites\/wp-content\/uploads\/2022\/06\/B9728461957Z.1_20210930102501_000GQMJ15FPG.1-0.png","width":1920,"height":1081},{"@type":"BreadcrumbList","@id":"https:\/\/talivera.fr\/actualites\/lauteur-de-la-bd-blake-et-mortimer-a-lhonneur\/#breadcrumb","itemListElement":[{"@type":"ListItem","position":1,"name":"Home","item":"https:\/\/talivera.fr\/actualites\/"},{"@type":"ListItem","position":2,"name":"Zoom artiste : L\u2019auteur de la BD Blake et Mortimer \u00e0 l\u2019honneur"}]},{"@type":"WebSite","@id":"https:\/\/talivera.fr\/actualites\/#website","url":"https:\/\/talivera.fr\/actualites\/","name":"Culture Bien-\u00eatre","description":"Talivera, plus proche de la culture","publisher":{"@id":"https:\/\/talivera.fr\/actualites\/#organization"},"potentialAction":[{"@type":"SearchAction","target":{"@type":"EntryPoint","urlTemplate":"https:\/\/talivera.fr\/actualites\/?s={search_term_string}"},"query-input":{"@type":"PropertyValueSpecification","valueRequired":true,"valueName":"search_term_string"}}],"inLanguage":"fr-FR"},{"@type":"Organization","@id":"https:\/\/talivera.fr\/actualites\/#organization","name":"Culture Bien-\u00eatre","url":"https:\/\/talivera.fr\/actualites\/","logo":{"@type":"ImageObject","inLanguage":"fr-FR","@id":"https:\/\/talivera.fr\/actualites\/#\/schema\/logo\/image\/","url":"https:\/\/talivera.fr\/actualites\/wp-content\/uploads\/2022\/06\/cropped-cropped-TALI-Logo-fond-blanc-SS-220513.png","contentUrl":"https:\/\/talivera.fr\/actualites\/wp-content\/uploads\/2022\/06\/cropped-cropped-TALI-Logo-fond-blanc-SS-220513.png","width":760,"height":272,"caption":"Culture Bien-\u00eatre"},"image":{"@id":"https:\/\/talivera.fr\/actualites\/#\/schema\/logo\/image\/"}},{"@type":"Person","@id":"https:\/\/talivera.fr\/actualites\/#\/schema\/person\/6f7da364c6dd2c35a1268d64d87d2133","name":"talivera","image":{"@type":"ImageObject","inLanguage":"fr-FR","@id":"https:\/\/talivera.fr\/actualites\/#\/schema\/person\/image\/","url":"https:\/\/secure.gravatar.com\/avatar\/9cc99a2be3b13f52ccf55b39d3952bc77029d605431f7c7570ce9a2963513de9?s=96&d=mm&r=g","contentUrl":"https:\/\/secure.gravatar.com\/avatar\/9cc99a2be3b13f52ccf55b39d3952bc77029d605431f7c7570ce9a2963513de9?s=96&d=mm&r=g","caption":"talivera"},"sameAs":["https:\/\/talivera.fr","https:\/\/www.facebook.com\/sortirdecouvrir\/","https:\/\/www.instagram.com\/talivera_\/?hl=fr","https:\/\/x.com\/https:\/\/twitter.com\/talivera_"],"url":"https:\/\/talivera.fr\/actualites\/author\/talivera\/"}]}},"jetpack_featured_media_url":"https:\/\/talivera.fr\/actualites\/wp-content\/uploads\/2022\/06\/B9728461957Z.1_20210930102501_000GQMJ15FPG.1-0.png","jetpack_sharing_enabled":true,"_links":{"self":[{"href":"https:\/\/talivera.fr\/actualites\/wp-json\/wp\/v2\/posts\/7849","targetHints":{"allow":["GET"]}}],"collection":[{"href":"https:\/\/talivera.fr\/actualites\/wp-json\/wp\/v2\/posts"}],"about":[{"href":"https:\/\/talivera.fr\/actualites\/wp-json\/wp\/v2\/types\/post"}],"author":[{"embeddable":true,"href":"https:\/\/talivera.fr\/actualites\/wp-json\/wp\/v2\/users\/1"}],"replies":[{"embeddable":true,"href":"https:\/\/talivera.fr\/actualites\/wp-json\/wp\/v2\/comments?post=7849"}],"version-history":[{"count":26,"href":"https:\/\/talivera.fr\/actualites\/wp-json\/wp\/v2\/posts\/7849\/revisions"}],"predecessor-version":[{"id":8204,"href":"https:\/\/talivera.fr\/actualites\/wp-json\/wp\/v2\/posts\/7849\/revisions\/8204"}],"wp:featuredmedia":[{"embeddable":true,"href":"https:\/\/talivera.fr\/actualites\/wp-json\/wp\/v2\/media\/7857"}],"wp:attachment":[{"href":"https:\/\/talivera.fr\/actualites\/wp-json\/wp\/v2\/media?parent=7849"}],"wp:term":[{"taxonomy":"category","embeddable":true,"href":"https:\/\/talivera.fr\/actualites\/wp-json\/wp\/v2\/categories?post=7849"},{"taxonomy":"post_tag","embeddable":true,"href":"https:\/\/talivera.fr\/actualites\/wp-json\/wp\/v2\/tags?post=7849"}],"curies":[{"name":"wp","href":"https:\/\/api.w.org\/{rel}","templated":true}]}}