{"id":7490,"date":"2022-02-09T18:01:00","date_gmt":"2022-02-09T17:01:00","guid":{"rendered":"https:\/\/talivera.fr\/actualites\/?p=7490"},"modified":"2022-02-09T18:34:22","modified_gmt":"2022-02-09T17:34:22","slug":"le-flamenco-ou-linvitation-au-voyage","status":"publish","type":"post","link":"https:\/\/talivera.fr\/actualites\/le-flamenco-ou-linvitation-au-voyage\/","title":{"rendered":"Le flamenco, ou l\u2019invitation au voyage"},"content":{"rendered":"\n<p>Quand on \u00e9voque le flamenco, notre esprit s\u2019\u00e9vade en Espagne, plus pr\u00e9cis\u00e9ment en l\u2019Andalousie d&rsquo;o\u00f9 il est issu. Les sons d\u2019une musique rythm\u00e9e et intense r\u00e9sonnent \u00e0 nos oreilles.&nbsp;<\/p>\n\n\n\n<p>Le Th\u00e9\u00e2tre National de la Danse de Chaillot nous propose, \u00e0 l\u2019occasion de la Biennale d\u2019art flamenco, de sortir de notre quotidien le temps d\u2019un spectacle et d\u2019appr\u00e9cier des rythmes et des aventures passionnantes.<\/p>\n\n\n\n<div class=\"wp-block-image\"><figure class=\"aligncenter size-full\"><img loading=\"lazy\" decoding=\"async\" width=\"910\" height=\"322\" src=\"https:\/\/talivera.fr\/actualites\/wp-content\/uploads\/2022\/02\/Grenade-flamenco-Talivera.jpg\" alt=\"\" class=\"wp-image-7491\" srcset=\"https:\/\/talivera.fr\/actualites\/wp-content\/uploads\/2022\/02\/Grenade-flamenco-Talivera.jpg 910w, https:\/\/talivera.fr\/actualites\/wp-content\/uploads\/2022\/02\/Grenade-flamenco-Talivera-300x106.jpg 300w, https:\/\/talivera.fr\/actualites\/wp-content\/uploads\/2022\/02\/Grenade-flamenco-Talivera-768x272.jpg 768w, https:\/\/talivera.fr\/actualites\/wp-content\/uploads\/2022\/02\/Grenade-flamenco-Talivera-170x60.jpg 170w\" sizes=\"auto, (max-width: 910px) 100vw, 910px\" \/><figcaption>L&rsquo;Alhambra de Grenade<\/figcaption><\/figure><\/div>\n\n\n\n<h2 class=\"wp-block-heading\"><strong>Le flamenco, un art universel<\/strong><\/h2>\n\n\n\n<p>Le flamenco est une expression artistique articul\u00e9e autour du chant, de la guitare et de la danse. Il est caract\u00e9ris\u00e9 par une grande vari\u00e9t\u00e9 de styles, les <em>palos<\/em>.<\/p>\n\n\n\n<p>Le chant, <em>cante<\/em>, est puissant. Il raconte une histoire, exprime des sentiments profonds comme la tristesse, la joie, l\u2019amour, la souffrance et parfois la m\u00e9lancolie. Il est accompagn\u00e9 par la guitare et des claquements de mains rythm\u00e9s, <em>les palmas<\/em>.<\/p>\n\n\n\n<p>La danse, <em>baile<\/em>, est individuelle. Le danseur au son de la musique ext\u00e9riorise, \u00e0 travers sa gestuelle, les \u00e9motions profondes exprim\u00e9es par les musiciens.<\/p>\n\n\n\n<p>Le flamenco est inscrit au Patrimoine Mondial de l\u2019UNESCO. Telle une langue riche en subtilit\u00e9s et en expression, elle touche toutes les \u00e2mes.<\/p>\n\n\n\n<div class=\"wp-block-image\"><figure class=\"aligncenter size-large is-resized\"><img loading=\"lazy\" decoding=\"async\" src=\"https:\/\/talivera.fr\/actualites\/wp-content\/uploads\/2022\/02\/Flamenco-talivera-717x1024.jpg\" alt=\"\" class=\"wp-image-7492\" width=\"349\" height=\"499\" srcset=\"https:\/\/talivera.fr\/actualites\/wp-content\/uploads\/2022\/02\/Flamenco-talivera-717x1024.jpg 717w, https:\/\/talivera.fr\/actualites\/wp-content\/uploads\/2022\/02\/Flamenco-talivera-210x300.jpg 210w, https:\/\/talivera.fr\/actualites\/wp-content\/uploads\/2022\/02\/Flamenco-talivera-768x1096.jpg 768w, https:\/\/talivera.fr\/actualites\/wp-content\/uploads\/2022\/02\/Flamenco-talivera-42x60.jpg 42w, https:\/\/talivera.fr\/actualites\/wp-content\/uploads\/2022\/02\/Flamenco-talivera.jpg 793w\" sizes=\"auto, (max-width: 349px) 100vw, 349px\" \/><figcaption>Une danseuse de flamenco<\/figcaption><\/figure><\/div>\n\n\n\n<h2 class=\"wp-block-heading\"><strong>Le flamenco source d\u2019histoires et terrain d\u2019exploration<\/strong><\/h2>\n\n\n\n<p>La danse est un moyen de raconter des histoires, de remonter le temps, de r\u00e9\u00e9crire des mythes, comme le propose Rafaela Carrasco dans son interpr\u00e9tation du mythe grec d\u2019Ariane, <em>Ariadna [al hilo del mito],<\/em> pr\u00e9sent\u00e9e \u00e0 la Biennale. La danseuse \u00e9voque le labyrinthe comme symbole de nos peurs profondes. Les diff\u00e9rents tableaux nous font suivre l\u2019\u00e9volution du personnage d\u2019Ariane vers la lumi\u00e8re, la d\u00e9couverte d\u2019elle-m\u00eame et de son ind\u00e9pendance.<\/p>\n\n\n\n<p>Le flamenco fusionne occasionnellement avec d\u2019autres genres de musiques, comme le hip hop. A l&rsquo;occasion de la Biennale, les danseurs David Coria (flamenco) et Jann Gallois (hip hop) propose une rencontre inattendue entre ces deux genres. De cette association na\u00eet un projet hybride, un double langage artistique et un dialogue entre deux cultures diff\u00e9rentes.<\/p>\n\n\n\n<p>Le Maestro Farruquito propose de plonger au coeur des racines du flamenco dans son spectacle <em>\u00cdntimo<\/em>. Issu d\u2019une grande famille du flamenco de la tradition gitane, il propose une danse empreinte de passion et d\u2019\u00e9l\u00e9gance.<\/p>\n\n\n\n<div class=\"wp-block-image\"><figure class=\"aligncenter size-full is-resized\"><img loading=\"lazy\" decoding=\"async\" src=\"https:\/\/talivera.fr\/actualites\/wp-content\/uploads\/2022\/02\/Seville.png\" alt=\"\" class=\"wp-image-7495\" width=\"469\" height=\"364\" srcset=\"https:\/\/talivera.fr\/actualites\/wp-content\/uploads\/2022\/02\/Seville.png 909w, https:\/\/talivera.fr\/actualites\/wp-content\/uploads\/2022\/02\/Seville-300x232.png 300w, https:\/\/talivera.fr\/actualites\/wp-content\/uploads\/2022\/02\/Seville-768x596.png 768w, https:\/\/talivera.fr\/actualites\/wp-content\/uploads\/2022\/02\/Seville-77x60.png 77w\" sizes=\"auto, (max-width: 469px) 100vw, 469px\" \/><figcaption>Caf\u00e9 chantant \u00e0 S\u00e9ville, vers 1888<\/figcaption><\/figure><\/div>\n\n\n\n<h2 class=\"wp-block-heading\"><strong>Une Biennale tr\u00e8s riche \u00e0 Chaillot<\/strong><\/h2>\n\n\n\n<p>Que l\u2019on soit curieux, amateur ou passionn\u00e9, que l\u2019on soit plus sensible \u00e0 la danse ou la musique, chaque spectateur trouvera le spectacle qui lui correspond.<\/p>\n\n\n\n<p>Les amateurs de musique appr\u00e9cieront particuli\u00e8rement le jeu raffin\u00e9 et intense de l\u2019immense Rafael Riqueni. Le compositeur propose <em>Nerja<\/em>, un conte qui \u00e9voque l\u2019exploration de la grotte andalouse du m\u00eame nom par de jeunes espagnols en 1959.<\/p>\n\n\n\n<div class=\"wp-block-image\"><figure class=\"aligncenter size-full\"><img loading=\"lazy\" decoding=\"async\" width=\"335\" height=\"500\" src=\"https:\/\/talivera.fr\/actualites\/wp-content\/uploads\/2022\/02\/Biennale-dart-flamenco.jpg\" alt=\"\" class=\"wp-image-7506\" srcset=\"https:\/\/talivera.fr\/actualites\/wp-content\/uploads\/2022\/02\/Biennale-dart-flamenco.jpg 335w, https:\/\/talivera.fr\/actualites\/wp-content\/uploads\/2022\/02\/Biennale-dart-flamenco-201x300.jpg 201w, https:\/\/talivera.fr\/actualites\/wp-content\/uploads\/2022\/02\/Biennale-dart-flamenco-40x60.jpg 40w\" sizes=\"auto, (max-width: 335px) 100vw, 335px\" \/><\/figure><\/div>\n\n\n\n<p><strong>Spectacles \u00e0 d\u00e9couvrir jusqu\u2019au 18 f\u00e9vrier 2022<\/strong>, <strong>Th\u00e9\u00e2tre National de la Danse de Chaillot \u00e0 Paris<\/strong><\/p>\n\n\n\n<p>Pour plus d&rsquo;informations, rendez-vous sur la <a href=\"https:\/\/theatre-chaillot.fr\/fr\/cinquieme-biennale-dart-flamenco\">page du Th\u00e9\u00e2tre<\/a><\/p>\n","protected":false},"excerpt":{"rendered":"<p>Quand on \u00e9voque le flamenco, notre esprit s\u2019\u00e9vade en Espagne, plus pr\u00e9cis\u00e9ment en l\u2019Andalousie d&rsquo;o\u00f9 il est issu. Les sons d\u2019une musique rythm\u00e9e et intense r\u00e9sonnent \u00e0 nos oreilles.&nbsp; Le Th\u00e9\u00e2tre National de la Danse de Chaillot nous propose, \u00e0 l\u2019occasion de la Biennale d\u2019art flamenco, de sortir de notre quotidien le temps d\u2019un spectacle &hellip;<\/p>\n<p class=\"read-more\"> <a class=\"\" href=\"https:\/\/talivera.fr\/actualites\/le-flamenco-ou-linvitation-au-voyage\/\"> <span class=\"screen-reader-text\">Le flamenco, ou l\u2019invitation au voyage<\/span> Lire la suite\u00a0\u00bb<\/a><\/p>\n","protected":false},"author":1,"featured_media":7502,"comment_status":"open","ping_status":"open","sticky":false,"template":"","format":"standard","meta":{"_jetpack_memberships_contains_paid_content":false,"footnotes":""},"categories":[197],"tags":[],"class_list":["post-7490","post","type-post","status-publish","format-standard","has-post-thumbnail","hentry","category-le-bien-etre-grace-a-la-culture"],"yoast_head":"<!-- This site is optimized with the Yoast SEO plugin v24.9 - https:\/\/yoast.com\/wordpress\/plugins\/seo\/ -->\n<title>Le flamenco, ou l\u2019invitation au voyage - Culture Bien-\u00eatre<\/title>\n<meta name=\"robots\" content=\"index, follow, max-snippet:-1, max-image-preview:large, max-video-preview:-1\" \/>\n<link rel=\"canonical\" href=\"https:\/\/talivera.fr\/actualites\/le-flamenco-ou-linvitation-au-voyage\/\" \/>\n<meta property=\"og:locale\" content=\"fr_FR\" \/>\n<meta property=\"og:type\" content=\"article\" \/>\n<meta property=\"og:title\" content=\"Le flamenco, ou l\u2019invitation au voyage - Culture Bien-\u00eatre\" \/>\n<meta property=\"og:description\" content=\"Quand on \u00e9voque le flamenco, notre esprit s\u2019\u00e9vade en Espagne, plus pr\u00e9cis\u00e9ment en l\u2019Andalousie d&rsquo;o\u00f9 il est issu. Les sons d\u2019une musique rythm\u00e9e et intense r\u00e9sonnent \u00e0 nos oreilles.&nbsp; Le Th\u00e9\u00e2tre National de la Danse de Chaillot nous propose, \u00e0 l\u2019occasion de la Biennale d\u2019art flamenco, de sortir de notre quotidien le temps d\u2019un spectacle &hellip; Le flamenco, ou l\u2019invitation au voyage Lire la suite\u00a0\u00bb\" \/>\n<meta property=\"og:url\" content=\"https:\/\/talivera.fr\/actualites\/le-flamenco-ou-linvitation-au-voyage\/\" \/>\n<meta property=\"og:site_name\" content=\"Culture Bien-\u00eatre\" \/>\n<meta property=\"article:author\" content=\"https:\/\/www.facebook.com\/sortirdecouvrir\/\" \/>\n<meta property=\"article:published_time\" content=\"2022-02-09T17:01:00+00:00\" \/>\n<meta property=\"article:modified_time\" content=\"2022-02-09T17:34:22+00:00\" \/>\n<meta property=\"og:image\" content=\"https:\/\/talivera.fr\/actualites\/wp-content\/uploads\/2022\/02\/danseuse.jpg\" \/>\n\t<meta property=\"og:image:width\" content=\"1909\" \/>\n\t<meta property=\"og:image:height\" content=\"760\" \/>\n\t<meta property=\"og:image:type\" content=\"image\/jpeg\" \/>\n<meta name=\"author\" content=\"talivera\" \/>\n<meta name=\"twitter:card\" content=\"summary_large_image\" \/>\n<meta name=\"twitter:creator\" content=\"@https:\/\/twitter.com\/talivera_\" \/>\n<meta name=\"twitter:label1\" content=\"\u00c9crit par\" \/>\n\t<meta name=\"twitter:data1\" content=\"talivera\" \/>\n\t<meta name=\"twitter:label2\" content=\"Dur\u00e9e de lecture estim\u00e9e\" \/>\n\t<meta name=\"twitter:data2\" content=\"3 minutes\" \/>\n<script type=\"application\/ld+json\" class=\"yoast-schema-graph\">{\"@context\":\"https:\/\/schema.org\",\"@graph\":[{\"@type\":\"Article\",\"@id\":\"https:\/\/talivera.fr\/actualites\/le-flamenco-ou-linvitation-au-voyage\/#article\",\"isPartOf\":{\"@id\":\"https:\/\/talivera.fr\/actualites\/le-flamenco-ou-linvitation-au-voyage\/\"},\"author\":{\"name\":\"talivera\",\"@id\":\"https:\/\/talivera.fr\/actualites\/#\/schema\/person\/6f7da364c6dd2c35a1268d64d87d2133\"},\"headline\":\"Le flamenco, ou l\u2019invitation au voyage\",\"datePublished\":\"2022-02-09T17:01:00+00:00\",\"dateModified\":\"2022-02-09T17:34:22+00:00\",\"mainEntityOfPage\":{\"@id\":\"https:\/\/talivera.fr\/actualites\/le-flamenco-ou-linvitation-au-voyage\/\"},\"wordCount\":507,\"commentCount\":0,\"publisher\":{\"@id\":\"https:\/\/talivera.fr\/actualites\/#organization\"},\"image\":{\"@id\":\"https:\/\/talivera.fr\/actualites\/le-flamenco-ou-linvitation-au-voyage\/#primaryimage\"},\"thumbnailUrl\":\"https:\/\/talivera.fr\/actualites\/wp-content\/uploads\/2022\/02\/danseuse.jpg\",\"articleSection\":[\"Art qui fait du bien\"],\"inLanguage\":\"fr-FR\",\"potentialAction\":[{\"@type\":\"CommentAction\",\"name\":\"Comment\",\"target\":[\"https:\/\/talivera.fr\/actualites\/le-flamenco-ou-linvitation-au-voyage\/#respond\"]}]},{\"@type\":\"WebPage\",\"@id\":\"https:\/\/talivera.fr\/actualites\/le-flamenco-ou-linvitation-au-voyage\/\",\"url\":\"https:\/\/talivera.fr\/actualites\/le-flamenco-ou-linvitation-au-voyage\/\",\"name\":\"Le flamenco, ou l\u2019invitation au voyage - Culture Bien-\u00eatre\",\"isPartOf\":{\"@id\":\"https:\/\/talivera.fr\/actualites\/#website\"},\"primaryImageOfPage\":{\"@id\":\"https:\/\/talivera.fr\/actualites\/le-flamenco-ou-linvitation-au-voyage\/#primaryimage\"},\"image\":{\"@id\":\"https:\/\/talivera.fr\/actualites\/le-flamenco-ou-linvitation-au-voyage\/#primaryimage\"},\"thumbnailUrl\":\"https:\/\/talivera.fr\/actualites\/wp-content\/uploads\/2022\/02\/danseuse.jpg\",\"datePublished\":\"2022-02-09T17:01:00+00:00\",\"dateModified\":\"2022-02-09T17:34:22+00:00\",\"breadcrumb\":{\"@id\":\"https:\/\/talivera.fr\/actualites\/le-flamenco-ou-linvitation-au-voyage\/#breadcrumb\"},\"inLanguage\":\"fr-FR\",\"potentialAction\":[{\"@type\":\"ReadAction\",\"target\":[\"https:\/\/talivera.fr\/actualites\/le-flamenco-ou-linvitation-au-voyage\/\"]}]},{\"@type\":\"ImageObject\",\"inLanguage\":\"fr-FR\",\"@id\":\"https:\/\/talivera.fr\/actualites\/le-flamenco-ou-linvitation-au-voyage\/#primaryimage\",\"url\":\"https:\/\/talivera.fr\/actualites\/wp-content\/uploads\/2022\/02\/danseuse.jpg\",\"contentUrl\":\"https:\/\/talivera.fr\/actualites\/wp-content\/uploads\/2022\/02\/danseuse.jpg\",\"width\":1909,\"height\":760},{\"@type\":\"BreadcrumbList\",\"@id\":\"https:\/\/talivera.fr\/actualites\/le-flamenco-ou-linvitation-au-voyage\/#breadcrumb\",\"itemListElement\":[{\"@type\":\"ListItem\",\"position\":1,\"name\":\"Home\",\"item\":\"https:\/\/talivera.fr\/actualites\/\"},{\"@type\":\"ListItem\",\"position\":2,\"name\":\"Le flamenco, ou l\u2019invitation au voyage\"}]},{\"@type\":\"WebSite\",\"@id\":\"https:\/\/talivera.fr\/actualites\/#website\",\"url\":\"https:\/\/talivera.fr\/actualites\/\",\"name\":\"Culture Bien-\u00eatre\",\"description\":\"Talivera, plus proche de la culture\",\"publisher\":{\"@id\":\"https:\/\/talivera.fr\/actualites\/#organization\"},\"potentialAction\":[{\"@type\":\"SearchAction\",\"target\":{\"@type\":\"EntryPoint\",\"urlTemplate\":\"https:\/\/talivera.fr\/actualites\/?s={search_term_string}\"},\"query-input\":{\"@type\":\"PropertyValueSpecification\",\"valueRequired\":true,\"valueName\":\"search_term_string\"}}],\"inLanguage\":\"fr-FR\"},{\"@type\":\"Organization\",\"@id\":\"https:\/\/talivera.fr\/actualites\/#organization\",\"name\":\"Culture Bien-\u00eatre\",\"url\":\"https:\/\/talivera.fr\/actualites\/\",\"logo\":{\"@type\":\"ImageObject\",\"inLanguage\":\"fr-FR\",\"@id\":\"https:\/\/talivera.fr\/actualites\/#\/schema\/logo\/image\/\",\"url\":\"https:\/\/talivera.fr\/actualites\/wp-content\/uploads\/2022\/06\/cropped-cropped-TALI-Logo-fond-blanc-SS-220513.png\",\"contentUrl\":\"https:\/\/talivera.fr\/actualites\/wp-content\/uploads\/2022\/06\/cropped-cropped-TALI-Logo-fond-blanc-SS-220513.png\",\"width\":760,\"height\":272,\"caption\":\"Culture Bien-\u00eatre\"},\"image\":{\"@id\":\"https:\/\/talivera.fr\/actualites\/#\/schema\/logo\/image\/\"}},{\"@type\":\"Person\",\"@id\":\"https:\/\/talivera.fr\/actualites\/#\/schema\/person\/6f7da364c6dd2c35a1268d64d87d2133\",\"name\":\"talivera\",\"image\":{\"@type\":\"ImageObject\",\"inLanguage\":\"fr-FR\",\"@id\":\"https:\/\/talivera.fr\/actualites\/#\/schema\/person\/image\/\",\"url\":\"https:\/\/secure.gravatar.com\/avatar\/9cc99a2be3b13f52ccf55b39d3952bc77029d605431f7c7570ce9a2963513de9?s=96&d=mm&r=g\",\"contentUrl\":\"https:\/\/secure.gravatar.com\/avatar\/9cc99a2be3b13f52ccf55b39d3952bc77029d605431f7c7570ce9a2963513de9?s=96&d=mm&r=g\",\"caption\":\"talivera\"},\"sameAs\":[\"https:\/\/talivera.fr\",\"https:\/\/www.facebook.com\/sortirdecouvrir\/\",\"https:\/\/www.instagram.com\/talivera_\/?hl=fr\",\"https:\/\/x.com\/https:\/\/twitter.com\/talivera_\"],\"url\":\"https:\/\/talivera.fr\/actualites\/author\/talivera\/\"}]}<\/script>\n<!-- \/ Yoast SEO plugin. -->","yoast_head_json":{"title":"Le flamenco, ou l\u2019invitation au voyage - Culture Bien-\u00eatre","robots":{"index":"index","follow":"follow","max-snippet":"max-snippet:-1","max-image-preview":"max-image-preview:large","max-video-preview":"max-video-preview:-1"},"canonical":"https:\/\/talivera.fr\/actualites\/le-flamenco-ou-linvitation-au-voyage\/","og_locale":"fr_FR","og_type":"article","og_title":"Le flamenco, ou l\u2019invitation au voyage - Culture Bien-\u00eatre","og_description":"Quand on \u00e9voque le flamenco, notre esprit s\u2019\u00e9vade en Espagne, plus pr\u00e9cis\u00e9ment en l\u2019Andalousie d&rsquo;o\u00f9 il est issu. Les sons d\u2019une musique rythm\u00e9e et intense r\u00e9sonnent \u00e0 nos oreilles.&nbsp; Le Th\u00e9\u00e2tre National de la Danse de Chaillot nous propose, \u00e0 l\u2019occasion de la Biennale d\u2019art flamenco, de sortir de notre quotidien le temps d\u2019un spectacle &hellip; Le flamenco, ou l\u2019invitation au voyage Lire la suite\u00a0\u00bb","og_url":"https:\/\/talivera.fr\/actualites\/le-flamenco-ou-linvitation-au-voyage\/","og_site_name":"Culture Bien-\u00eatre","article_author":"https:\/\/www.facebook.com\/sortirdecouvrir\/","article_published_time":"2022-02-09T17:01:00+00:00","article_modified_time":"2022-02-09T17:34:22+00:00","og_image":[{"width":1909,"height":760,"url":"https:\/\/talivera.fr\/actualites\/wp-content\/uploads\/2022\/02\/danseuse.jpg","type":"image\/jpeg"}],"author":"talivera","twitter_card":"summary_large_image","twitter_creator":"@https:\/\/twitter.com\/talivera_","twitter_misc":{"\u00c9crit par":"talivera","Dur\u00e9e de lecture estim\u00e9e":"3 minutes"},"schema":{"@context":"https:\/\/schema.org","@graph":[{"@type":"Article","@id":"https:\/\/talivera.fr\/actualites\/le-flamenco-ou-linvitation-au-voyage\/#article","isPartOf":{"@id":"https:\/\/talivera.fr\/actualites\/le-flamenco-ou-linvitation-au-voyage\/"},"author":{"name":"talivera","@id":"https:\/\/talivera.fr\/actualites\/#\/schema\/person\/6f7da364c6dd2c35a1268d64d87d2133"},"headline":"Le flamenco, ou l\u2019invitation au voyage","datePublished":"2022-02-09T17:01:00+00:00","dateModified":"2022-02-09T17:34:22+00:00","mainEntityOfPage":{"@id":"https:\/\/talivera.fr\/actualites\/le-flamenco-ou-linvitation-au-voyage\/"},"wordCount":507,"commentCount":0,"publisher":{"@id":"https:\/\/talivera.fr\/actualites\/#organization"},"image":{"@id":"https:\/\/talivera.fr\/actualites\/le-flamenco-ou-linvitation-au-voyage\/#primaryimage"},"thumbnailUrl":"https:\/\/talivera.fr\/actualites\/wp-content\/uploads\/2022\/02\/danseuse.jpg","articleSection":["Art qui fait du bien"],"inLanguage":"fr-FR","potentialAction":[{"@type":"CommentAction","name":"Comment","target":["https:\/\/talivera.fr\/actualites\/le-flamenco-ou-linvitation-au-voyage\/#respond"]}]},{"@type":"WebPage","@id":"https:\/\/talivera.fr\/actualites\/le-flamenco-ou-linvitation-au-voyage\/","url":"https:\/\/talivera.fr\/actualites\/le-flamenco-ou-linvitation-au-voyage\/","name":"Le flamenco, ou l\u2019invitation au voyage - Culture Bien-\u00eatre","isPartOf":{"@id":"https:\/\/talivera.fr\/actualites\/#website"},"primaryImageOfPage":{"@id":"https:\/\/talivera.fr\/actualites\/le-flamenco-ou-linvitation-au-voyage\/#primaryimage"},"image":{"@id":"https:\/\/talivera.fr\/actualites\/le-flamenco-ou-linvitation-au-voyage\/#primaryimage"},"thumbnailUrl":"https:\/\/talivera.fr\/actualites\/wp-content\/uploads\/2022\/02\/danseuse.jpg","datePublished":"2022-02-09T17:01:00+00:00","dateModified":"2022-02-09T17:34:22+00:00","breadcrumb":{"@id":"https:\/\/talivera.fr\/actualites\/le-flamenco-ou-linvitation-au-voyage\/#breadcrumb"},"inLanguage":"fr-FR","potentialAction":[{"@type":"ReadAction","target":["https:\/\/talivera.fr\/actualites\/le-flamenco-ou-linvitation-au-voyage\/"]}]},{"@type":"ImageObject","inLanguage":"fr-FR","@id":"https:\/\/talivera.fr\/actualites\/le-flamenco-ou-linvitation-au-voyage\/#primaryimage","url":"https:\/\/talivera.fr\/actualites\/wp-content\/uploads\/2022\/02\/danseuse.jpg","contentUrl":"https:\/\/talivera.fr\/actualites\/wp-content\/uploads\/2022\/02\/danseuse.jpg","width":1909,"height":760},{"@type":"BreadcrumbList","@id":"https:\/\/talivera.fr\/actualites\/le-flamenco-ou-linvitation-au-voyage\/#breadcrumb","itemListElement":[{"@type":"ListItem","position":1,"name":"Home","item":"https:\/\/talivera.fr\/actualites\/"},{"@type":"ListItem","position":2,"name":"Le flamenco, ou l\u2019invitation au voyage"}]},{"@type":"WebSite","@id":"https:\/\/talivera.fr\/actualites\/#website","url":"https:\/\/talivera.fr\/actualites\/","name":"Culture Bien-\u00eatre","description":"Talivera, plus proche de la culture","publisher":{"@id":"https:\/\/talivera.fr\/actualites\/#organization"},"potentialAction":[{"@type":"SearchAction","target":{"@type":"EntryPoint","urlTemplate":"https:\/\/talivera.fr\/actualites\/?s={search_term_string}"},"query-input":{"@type":"PropertyValueSpecification","valueRequired":true,"valueName":"search_term_string"}}],"inLanguage":"fr-FR"},{"@type":"Organization","@id":"https:\/\/talivera.fr\/actualites\/#organization","name":"Culture Bien-\u00eatre","url":"https:\/\/talivera.fr\/actualites\/","logo":{"@type":"ImageObject","inLanguage":"fr-FR","@id":"https:\/\/talivera.fr\/actualites\/#\/schema\/logo\/image\/","url":"https:\/\/talivera.fr\/actualites\/wp-content\/uploads\/2022\/06\/cropped-cropped-TALI-Logo-fond-blanc-SS-220513.png","contentUrl":"https:\/\/talivera.fr\/actualites\/wp-content\/uploads\/2022\/06\/cropped-cropped-TALI-Logo-fond-blanc-SS-220513.png","width":760,"height":272,"caption":"Culture Bien-\u00eatre"},"image":{"@id":"https:\/\/talivera.fr\/actualites\/#\/schema\/logo\/image\/"}},{"@type":"Person","@id":"https:\/\/talivera.fr\/actualites\/#\/schema\/person\/6f7da364c6dd2c35a1268d64d87d2133","name":"talivera","image":{"@type":"ImageObject","inLanguage":"fr-FR","@id":"https:\/\/talivera.fr\/actualites\/#\/schema\/person\/image\/","url":"https:\/\/secure.gravatar.com\/avatar\/9cc99a2be3b13f52ccf55b39d3952bc77029d605431f7c7570ce9a2963513de9?s=96&d=mm&r=g","contentUrl":"https:\/\/secure.gravatar.com\/avatar\/9cc99a2be3b13f52ccf55b39d3952bc77029d605431f7c7570ce9a2963513de9?s=96&d=mm&r=g","caption":"talivera"},"sameAs":["https:\/\/talivera.fr","https:\/\/www.facebook.com\/sortirdecouvrir\/","https:\/\/www.instagram.com\/talivera_\/?hl=fr","https:\/\/x.com\/https:\/\/twitter.com\/talivera_"],"url":"https:\/\/talivera.fr\/actualites\/author\/talivera\/"}]}},"jetpack_featured_media_url":"https:\/\/talivera.fr\/actualites\/wp-content\/uploads\/2022\/02\/danseuse.jpg","jetpack_sharing_enabled":true,"_links":{"self":[{"href":"https:\/\/talivera.fr\/actualites\/wp-json\/wp\/v2\/posts\/7490","targetHints":{"allow":["GET"]}}],"collection":[{"href":"https:\/\/talivera.fr\/actualites\/wp-json\/wp\/v2\/posts"}],"about":[{"href":"https:\/\/talivera.fr\/actualites\/wp-json\/wp\/v2\/types\/post"}],"author":[{"embeddable":true,"href":"https:\/\/talivera.fr\/actualites\/wp-json\/wp\/v2\/users\/1"}],"replies":[{"embeddable":true,"href":"https:\/\/talivera.fr\/actualites\/wp-json\/wp\/v2\/comments?post=7490"}],"version-history":[{"count":4,"href":"https:\/\/talivera.fr\/actualites\/wp-json\/wp\/v2\/posts\/7490\/revisions"}],"predecessor-version":[{"id":7507,"href":"https:\/\/talivera.fr\/actualites\/wp-json\/wp\/v2\/posts\/7490\/revisions\/7507"}],"wp:featuredmedia":[{"embeddable":true,"href":"https:\/\/talivera.fr\/actualites\/wp-json\/wp\/v2\/media\/7502"}],"wp:attachment":[{"href":"https:\/\/talivera.fr\/actualites\/wp-json\/wp\/v2\/media?parent=7490"}],"wp:term":[{"taxonomy":"category","embeddable":true,"href":"https:\/\/talivera.fr\/actualites\/wp-json\/wp\/v2\/categories?post=7490"},{"taxonomy":"post_tag","embeddable":true,"href":"https:\/\/talivera.fr\/actualites\/wp-json\/wp\/v2\/tags?post=7490"}],"curies":[{"name":"wp","href":"https:\/\/api.w.org\/{rel}","templated":true}]}}