{"id":5470,"date":"2021-03-13T09:06:03","date_gmt":"2021-03-13T08:06:03","guid":{"rendered":"https:\/\/talivera.fr\/actualites\/?p=5470"},"modified":"2021-03-15T14:32:40","modified_gmt":"2021-03-15T13:32:40","slug":"zoom-artiste-othoniel-et-ses-colliers-de-perles","status":"publish","type":"post","link":"https:\/\/talivera.fr\/actualites\/zoom-artiste-othoniel-et-ses-colliers-de-perles\/","title":{"rendered":"Zoom Artiste : Othoniel et ses colliers de perles"},"content":{"rendered":"\n<p><strong>Parce que ses oeuvres nous invitent \u00e0 la r\u00eaverie et que nous en avons bien besoin en ce moment, Talivera consacre son zoom de la semaine \u00e0 cet artiste contemporain qui n\u2019a pas fini de nous surprendre ! <\/strong><\/p>\n\n\n\n<figure class=\"wp-block-gallery aligncenter columns-1 is-cropped wp-block-gallery-1 is-layout-flex wp-block-gallery-is-layout-flex\"><ul class=\"blocks-gallery-grid\"><li class=\"blocks-gallery-item\"><figure><img loading=\"lazy\" decoding=\"async\" width=\"1024\" height=\"602\" src=\"https:\/\/talivera.fr\/actualites\/wp-content\/uploads\/2021\/03\/jean-michel-othoniel-1_6113502-1024x602.jpg\" alt=\"\" data-id=\"5475\" data-full-url=\"https:\/\/talivera.fr\/actualites\/wp-content\/uploads\/2021\/03\/jean-michel-othoniel-1_6113502.jpg\" data-link=\"https:\/\/talivera.fr\/actualites\/?attachment_id=5475\" class=\"wp-image-5475\" srcset=\"https:\/\/talivera.fr\/actualites\/wp-content\/uploads\/2021\/03\/jean-michel-othoniel-1_6113502-1024x602.jpg 1024w, https:\/\/talivera.fr\/actualites\/wp-content\/uploads\/2021\/03\/jean-michel-othoniel-1_6113502-300x176.jpg 300w, https:\/\/talivera.fr\/actualites\/wp-content\/uploads\/2021\/03\/jean-michel-othoniel-1_6113502-768x452.jpg 768w, https:\/\/talivera.fr\/actualites\/wp-content\/uploads\/2021\/03\/jean-michel-othoniel-1_6113502-1536x903.jpg 1536w, https:\/\/talivera.fr\/actualites\/wp-content\/uploads\/2021\/03\/jean-michel-othoniel-1_6113502-102x60.jpg 102w, https:\/\/talivera.fr\/actualites\/wp-content\/uploads\/2021\/03\/jean-michel-othoniel-1_6113502.jpg 2000w\" sizes=\"auto, (max-width: 1024px) 100vw, 1024px\" \/><\/figure><\/li><\/ul><\/figure>\n\n\n\n<h2 class=\"wp-block-heading\">Sa signature ? La beaut\u00e9 du verre<\/h2>\n\n\n\n<p><strong>Jean-Michel Othoniel se fait remarquer en 1993 avec ses premi\u00e8res sculptures en <span style=\"color:#1ea0b1\" class=\"has-inline-color\">verre<\/span>. Depuis, il deviendra un expert de ce mat\u00e9riau, pour le magnifier et r\u00e9aliser des installations incroyablement belles \u00e0 des sculptures monumentales ! <\/strong><\/p>\n\n\n\n<p><strong>Aujourd\u2019hui, Jean-Michel Othoniel est l&rsquo;un des plus grands sculpteurs fran\u00e7ais contemporains. Vous avez certainement crois\u00e9 une de ses oeuvres, \u00e0 Paris, en France ou dans le monde, Hong Kong, New York&#8230;<\/strong><\/p>\n\n\n\n<figure class=\"wp-block-gallery columns-1 is-cropped wp-block-gallery-2 is-layout-flex wp-block-gallery-is-layout-flex\"><ul class=\"blocks-gallery-grid\"><li class=\"blocks-gallery-item\"><figure><img loading=\"lazy\" decoding=\"async\" width=\"1024\" height=\"778\" src=\"https:\/\/talivera.fr\/actualites\/wp-content\/uploads\/2021\/03\/66171236_2839675976074435_8087007687008583680_o-1024x778.jpg\" alt=\"\" data-id=\"5471\" class=\"wp-image-5471\" srcset=\"https:\/\/talivera.fr\/actualites\/wp-content\/uploads\/2021\/03\/66171236_2839675976074435_8087007687008583680_o-1024x778.jpg 1024w, https:\/\/talivera.fr\/actualites\/wp-content\/uploads\/2021\/03\/66171236_2839675976074435_8087007687008583680_o-300x228.jpg 300w, https:\/\/talivera.fr\/actualites\/wp-content\/uploads\/2021\/03\/66171236_2839675976074435_8087007687008583680_o-768x583.jpg 768w, https:\/\/talivera.fr\/actualites\/wp-content\/uploads\/2021\/03\/66171236_2839675976074435_8087007687008583680_o-79x60.jpg 79w, https:\/\/talivera.fr\/actualites\/wp-content\/uploads\/2021\/03\/66171236_2839675976074435_8087007687008583680_o.jpg 1440w\" sizes=\"auto, (max-width: 1024px) 100vw, 1024px\" \/><figcaption class=\"blocks-gallery-item__caption\">N\u0152UDS SAUVAGE<br>Mars &#8211; Mai 2021, Arsenal art contemporain Montr\u00e9al \u00a9<img decoding=\"async\" src=\"https:\/\/talivera.fr\/actualites\/wp-content\/uploads\/2021\/03\/66171236_2839675976074435_8087007687008583680_o-1024x778.jpg\" alt=\"\" style=\"width: undefinedpx;\">N\u0152UDS SAUVAGE<br>Mars &#8211; Mai 2021, Arsenal art contemporain Montr\u00e9al &#8211; Photo:http:\/\/www.othoniel.fr\/fr\/othoniel\/actualites <\/figcaption><\/figure><\/li><\/ul><\/figure>\n\n\n\n<h2 class=\"wp-block-heading\">Othoniel, cr\u00e9ateur de liens <\/h2>\n\n\n\n<p><strong>Vous remarquerez que les oeuvres d\u2019Othoniel ne se d\u00e9modent pas. Elles s\u2019inscrivent dans le paysage, elles sont en lien avec leur environnement ! C\u2019est ce qui caract\u00e9rise le plus sa cr\u00e9ation. Il y a une juxtaposition mesur\u00e9e et compl\u00e9mentaire, sa mise en lien avec les histoires, les lieux, les objets ou les monuments.  <\/strong><\/p>\n\n\n\n<p><strong>Face \u00e0 la Com\u00e9die Fran\u00e7aise, la c\u00e9l\u00e8bre bouche de m\u00e9tro inclassable \u00abLe kiosque des noctambules\u00bb  vient donner la touche finale de beaut\u00e9 \u00e0 cette grande institution, son collier de perles ! Eternelle, nous ne pourrions pas imaginer qu\u2019elle disparaisse un jour <\/strong>!<\/p>\n\n\n\n<figure class=\"wp-block-gallery aligncenter columns-1 is-cropped wp-block-gallery-3 is-layout-flex wp-block-gallery-is-layout-flex\"><ul class=\"blocks-gallery-grid\"><li class=\"blocks-gallery-item\"><figure><img loading=\"lazy\" decoding=\"async\" width=\"928\" height=\"1024\" src=\"https:\/\/talivera.fr\/actualites\/wp-content\/uploads\/2021\/03\/122393997_4574101785965170_3697866267354597929_o-928x1024.jpg\" alt=\"\" data-id=\"5472\" data-link=\"https:\/\/talivera.fr\/actualites\/?attachment_id=5472\" class=\"wp-image-5472\" srcset=\"https:\/\/talivera.fr\/actualites\/wp-content\/uploads\/2021\/03\/122393997_4574101785965170_3697866267354597929_o-928x1024.jpg 928w, https:\/\/talivera.fr\/actualites\/wp-content\/uploads\/2021\/03\/122393997_4574101785965170_3697866267354597929_o-272x300.jpg 272w, https:\/\/talivera.fr\/actualites\/wp-content\/uploads\/2021\/03\/122393997_4574101785965170_3697866267354597929_o-768x848.jpg 768w, https:\/\/talivera.fr\/actualites\/wp-content\/uploads\/2021\/03\/122393997_4574101785965170_3697866267354597929_o-54x60.jpg 54w, https:\/\/talivera.fr\/actualites\/wp-content\/uploads\/2021\/03\/122393997_4574101785965170_3697866267354597929_o.jpg 1080w\" sizes=\"auto, (max-width: 928px) 100vw, 928px\" \/><figcaption class=\"blocks-gallery-item__caption\">Le Kiosque des noctambules &#8211; Station de m\u00e9tro palais Royal &#8211; Quartier historique de Paris, devant la Com\u00e9die Fran\u00e7aise<\/figcaption><\/figure><\/li><\/ul><\/figure>\n\n\n\n<p><strong>Au Louvre, une installation de l&rsquo;artiste \u00abLa&nbsp;Rose&nbsp;du Louvre\u00bb viendra se positionner naturellement entre les statuaires du 17 et 18\u00e8me si\u00e8cle. Symbole de pouvoir et de passion, de la femme, de l\u2019histoire de la France, de l\u2019histoire du mus\u00e9e, le sujet n\u2019a pas \u00e9t\u00e9 choisi au hasard par l\u2019artiste ! Il est en lien avec le mus\u00e9e du Louvre qui d\u00e9cida m\u00eame de garder l\u2019Oeuvre en collection permanente.<\/strong><\/p>\n\n\n\n<figure class=\"wp-block-gallery aligncenter columns-1 is-cropped wp-block-gallery-4 is-layout-flex wp-block-gallery-is-layout-flex\"><ul class=\"blocks-gallery-grid\"><li class=\"blocks-gallery-item\"><figure><img loading=\"lazy\" decoding=\"async\" width=\"960\" height=\"686\" src=\"https:\/\/talivera.fr\/actualites\/wp-content\/uploads\/2021\/03\/72668972_3119716641403699_1720857872109142016_n-2.jpg\" alt=\"\" data-id=\"5480\" data-full-url=\"https:\/\/talivera.fr\/actualites\/wp-content\/uploads\/2021\/03\/72668972_3119716641403699_1720857872109142016_n-2.jpg\" data-link=\"https:\/\/talivera.fr\/actualites\/?attachment_id=5480\" class=\"wp-image-5480\" srcset=\"https:\/\/talivera.fr\/actualites\/wp-content\/uploads\/2021\/03\/72668972_3119716641403699_1720857872109142016_n-2.jpg 960w, https:\/\/talivera.fr\/actualites\/wp-content\/uploads\/2021\/03\/72668972_3119716641403699_1720857872109142016_n-2-300x214.jpg 300w, https:\/\/talivera.fr\/actualites\/wp-content\/uploads\/2021\/03\/72668972_3119716641403699_1720857872109142016_n-2-768x549.jpg 768w, https:\/\/talivera.fr\/actualites\/wp-content\/uploads\/2021\/03\/72668972_3119716641403699_1720857872109142016_n-2-84x60.jpg 84w\" sizes=\"auto, (max-width: 960px) 100vw, 960px\" \/><figcaption class=\"blocks-gallery-item__caption\">La Rose du Louvre &#8211; Jean-Michel Othoniel &#8211; Octobre 2019 &#8211; \u00a9Mus\u00e9e du Louvre<\/figcaption><\/figure><\/li><\/ul><\/figure>\n\n\n\n<p><strong>Au Ch\u00e2teau de Versailles, au d\u00e9tour d\u2019un bosquet, on s\u2019imagine Reine ou Roi d\u00e9couvrant ses sculptures fontaines qui viennent nous raconter l\u2019histoire incroyable d\u2019une danse \u00e9ternelle ! Dans cet espace am\u00e9nag\u00e9 par le paysagiste Louis Benech, l\u2019esprit d\u2019Andr\u00e9 Le N\u00f4tre n\u2019est pas loin, \u00ab&nbsp;Les belles Danses\u00a0\u00bb nous envahissent naturellement !<\/strong><\/p>\n\n\n\n<figure class=\"wp-block-image size-large\"><img loading=\"lazy\" decoding=\"async\" width=\"1024\" height=\"684\" src=\"https:\/\/talivera.fr\/actualites\/wp-content\/uploads\/2021\/03\/Fontaines_du_Bosquet_du_Theatre_dEau-1024x684.jpg\" alt=\"\" class=\"wp-image-5476\" srcset=\"https:\/\/talivera.fr\/actualites\/wp-content\/uploads\/2021\/03\/Fontaines_du_Bosquet_du_Theatre_dEau-1024x684.jpg 1024w, https:\/\/talivera.fr\/actualites\/wp-content\/uploads\/2021\/03\/Fontaines_du_Bosquet_du_Theatre_dEau-300x200.jpg 300w, https:\/\/talivera.fr\/actualites\/wp-content\/uploads\/2021\/03\/Fontaines_du_Bosquet_du_Theatre_dEau-768x513.jpg 768w, https:\/\/talivera.fr\/actualites\/wp-content\/uploads\/2021\/03\/Fontaines_du_Bosquet_du_Theatre_dEau-1536x1025.jpg 1536w, https:\/\/talivera.fr\/actualites\/wp-content\/uploads\/2021\/03\/Fontaines_du_Bosquet_du_Theatre_dEau-2048x1367.jpg 2048w, https:\/\/talivera.fr\/actualites\/wp-content\/uploads\/2021\/03\/Fontaines_du_Bosquet_du_Theatre_dEau-90x60.jpg 90w\" sizes=\"auto, (max-width: 1024px) 100vw, 1024px\" \/><figcaption>Sculpture Fontaine de Jean-Michel Othoniel \u00a9Chateau de Versailles<\/figcaption><\/figure>\n\n\n\n<p><strong>Comme le collier de perles vient nous embellir, chacune de ses installations vient rehausser ce qui l&rsquo;entoure !<\/strong><\/p>\n\n\n\n<blockquote class=\"wp-block-quote is-layout-flow wp-block-quote-is-layout-flow\"><p><strong>\u00ab Trouver la justesse d\u2019un geste contemporain dans une lign\u00e9e classique&nbsp;\u00bb<\/strong><\/p><cite><strong>Jean-Michel Othoniel<\/strong> \/ <a href=\"https:\/\/www.culture.gouv.fr\/Actualites\/Un-bosquet-reinvente-a-Versailles\" target=\"_blank\" rel=\"noreferrer noopener\">Article Minist\u00e8re de la culture<\/a> <\/cite><\/blockquote>\n\n\n\n<p><strong>A tous ceux qui adoraient cr\u00e9er des colliers quand ils \u00e9taient enfants, on connait ce sentiment d\u2019enfiler une perle \u00e0 une autre, de la changer pour une autre et de cr\u00e9er ainsi son collier o\u00f9 le fil est indispensable. Quand vous regardez une oeuvre d\u2019Othoniel, inconsciemment le fil de la cr\u00e9ation est sugg\u00e9r\u00e9. Cela vient nous interpeller que rien ne se fait sans lien, entre pass\u00e9 et pr\u00e9sent, entre les cr\u00e9ations classiques et originales et entre les hommes. <\/strong><\/p>\n\n\n\n<p>Lien du site de l\u2019artiste : <a href=\"http:\/\/www.othoniel.fr\/fr\/othoniel\" target=\"_blank\" rel=\"noreferrer noopener\">http:\/\/www.othoniel.fr<\/a><\/p>\n\n\n\n<figure class=\"wp-block-gallery columns-1 is-cropped wp-block-gallery-5 is-layout-flex wp-block-gallery-is-layout-flex\"><ul class=\"blocks-gallery-grid\"><li class=\"blocks-gallery-item\"><figure><img loading=\"lazy\" decoding=\"async\" width=\"820\" height=\"489\" src=\"https:\/\/talivera.fr\/actualites\/wp-content\/uploads\/2021\/03\/20210216041843_280619-nudos-saljaves-othoniel-cck-laura-szenkierman-005-web-site.jpg\" alt=\"\" data-id=\"5488\" data-full-url=\"https:\/\/talivera.fr\/actualites\/wp-content\/uploads\/2021\/03\/20210216041843_280619-nudos-saljaves-othoniel-cck-laura-szenkierman-005-web-site.jpg\" data-link=\"https:\/\/talivera.fr\/actualites\/zoom-artiste-othoniel-et-ses-colliers-de-perles\/20210216041843_280619-nudos-saljaves-othoniel-cck-laura-szenkierman-005-web-site\/\" class=\"wp-image-5488\" srcset=\"https:\/\/talivera.fr\/actualites\/wp-content\/uploads\/2021\/03\/20210216041843_280619-nudos-saljaves-othoniel-cck-laura-szenkierman-005-web-site.jpg 820w, https:\/\/talivera.fr\/actualites\/wp-content\/uploads\/2021\/03\/20210216041843_280619-nudos-saljaves-othoniel-cck-laura-szenkierman-005-web-site-300x179.jpg 300w, https:\/\/talivera.fr\/actualites\/wp-content\/uploads\/2021\/03\/20210216041843_280619-nudos-saljaves-othoniel-cck-laura-szenkierman-005-web-site-768x458.jpg 768w, https:\/\/talivera.fr\/actualites\/wp-content\/uploads\/2021\/03\/20210216041843_280619-nudos-saljaves-othoniel-cck-laura-szenkierman-005-web-site-101x60.jpg 101w\" sizes=\"auto, (max-width: 820px) 100vw, 820px\" \/><figcaption class=\"blocks-gallery-item__caption\">N\u0152UDS SAUVAGE\u00a0<br>Arsenal art contemporain Montr\u00e9al &#8211; othoniel.fr<\/figcaption><\/figure><\/li><\/ul><\/figure>\n","protected":false},"excerpt":{"rendered":"<p>Parce que ses oeuvres nous invitent \u00e0 la r\u00eaverie et que nous en avons bien besoin en ce moment, Talivera consacre son zoom de la semaine \u00e0 cet artiste contemporain qui n\u2019a pas fini de nous surprendre ! Sa signature ? La beaut\u00e9 du verre Jean-Michel Othoniel se fait remarquer en 1993 avec ses premi\u00e8res &hellip;<\/p>\n<p class=\"read-more\"> <a class=\"\" href=\"https:\/\/talivera.fr\/actualites\/zoom-artiste-othoniel-et-ses-colliers-de-perles\/\"> <span class=\"screen-reader-text\">Zoom Artiste : Othoniel et ses colliers de perles<\/span> Lire la suite\u00a0\u00bb<\/a><\/p>\n","protected":false},"author":1,"featured_media":5482,"comment_status":"open","ping_status":"open","sticky":false,"template":"","format":"standard","meta":{"_jetpack_memberships_contains_paid_content":false,"footnotes":""},"categories":[135],"tags":[216,217],"class_list":["post-5470","post","type-post","status-publish","format-standard","has-post-thumbnail","hentry","category-zoom-artiste","tag-art-contemporain","tag-othoniel"],"yoast_head":"<!-- This site is optimized with the Yoast SEO plugin v24.9 - https:\/\/yoast.com\/wordpress\/plugins\/seo\/ -->\n<title>Zoom Artiste : Othoniel et ses colliers de perles - Culture Bien-\u00eatre<\/title>\n<meta name=\"robots\" content=\"index, follow, max-snippet:-1, max-image-preview:large, max-video-preview:-1\" \/>\n<link rel=\"canonical\" href=\"https:\/\/talivera.fr\/actualites\/zoom-artiste-othoniel-et-ses-colliers-de-perles\/\" \/>\n<meta property=\"og:locale\" content=\"fr_FR\" \/>\n<meta property=\"og:type\" content=\"article\" \/>\n<meta property=\"og:title\" content=\"Zoom Artiste : Othoniel et ses colliers de perles - Culture Bien-\u00eatre\" \/>\n<meta property=\"og:description\" content=\"Parce que ses oeuvres nous invitent \u00e0 la r\u00eaverie et que nous en avons bien besoin en ce moment, Talivera consacre son zoom de la semaine \u00e0 cet artiste contemporain qui n\u2019a pas fini de nous surprendre ! Sa signature ? La beaut\u00e9 du verre Jean-Michel Othoniel se fait remarquer en 1993 avec ses premi\u00e8res &hellip; Zoom Artiste : Othoniel et ses colliers de perles Lire la suite\u00a0\u00bb\" \/>\n<meta property=\"og:url\" content=\"https:\/\/talivera.fr\/actualites\/zoom-artiste-othoniel-et-ses-colliers-de-perles\/\" \/>\n<meta property=\"og:site_name\" content=\"Culture Bien-\u00eatre\" \/>\n<meta property=\"article:author\" content=\"https:\/\/www.facebook.com\/sortirdecouvrir\/\" \/>\n<meta property=\"article:published_time\" content=\"2021-03-13T08:06:03+00:00\" \/>\n<meta property=\"article:modified_time\" content=\"2021-03-15T13:32:40+00:00\" \/>\n<meta property=\"og:image\" content=\"https:\/\/talivera.fr\/actualites\/wp-content\/uploads\/2021\/03\/Sculpture-Othoniel-Bruxelles.jpg\" \/>\n\t<meta property=\"og:image:width\" content=\"955\" \/>\n\t<meta property=\"og:image:height\" content=\"586\" \/>\n\t<meta property=\"og:image:type\" content=\"image\/jpeg\" \/>\n<meta name=\"author\" content=\"talivera\" \/>\n<meta name=\"twitter:card\" content=\"summary_large_image\" \/>\n<meta name=\"twitter:creator\" content=\"@https:\/\/twitter.com\/talivera_\" \/>\n<meta name=\"twitter:label1\" content=\"\u00c9crit par\" \/>\n\t<meta name=\"twitter:data1\" content=\"talivera\" \/>\n\t<meta name=\"twitter:label2\" content=\"Dur\u00e9e de lecture estim\u00e9e\" \/>\n\t<meta name=\"twitter:data2\" content=\"3 minutes\" \/>\n<script type=\"application\/ld+json\" class=\"yoast-schema-graph\">{\"@context\":\"https:\/\/schema.org\",\"@graph\":[{\"@type\":\"Article\",\"@id\":\"https:\/\/talivera.fr\/actualites\/zoom-artiste-othoniel-et-ses-colliers-de-perles\/#article\",\"isPartOf\":{\"@id\":\"https:\/\/talivera.fr\/actualites\/zoom-artiste-othoniel-et-ses-colliers-de-perles\/\"},\"author\":{\"name\":\"talivera\",\"@id\":\"https:\/\/talivera.fr\/actualites\/#\/schema\/person\/6f7da364c6dd2c35a1268d64d87d2133\"},\"headline\":\"Zoom Artiste : Othoniel et ses colliers de perles\",\"datePublished\":\"2021-03-13T08:06:03+00:00\",\"dateModified\":\"2021-03-15T13:32:40+00:00\",\"mainEntityOfPage\":{\"@id\":\"https:\/\/talivera.fr\/actualites\/zoom-artiste-othoniel-et-ses-colliers-de-perles\/\"},\"wordCount\":584,\"commentCount\":0,\"publisher\":{\"@id\":\"https:\/\/talivera.fr\/actualites\/#organization\"},\"image\":{\"@id\":\"https:\/\/talivera.fr\/actualites\/zoom-artiste-othoniel-et-ses-colliers-de-perles\/#primaryimage\"},\"thumbnailUrl\":\"https:\/\/talivera.fr\/actualites\/wp-content\/uploads\/2021\/03\/Sculpture-Othoniel-Bruxelles.jpg\",\"keywords\":[\"art contemporain\",\"Othoniel\"],\"articleSection\":[\"Zoom artiste\"],\"inLanguage\":\"fr-FR\",\"potentialAction\":[{\"@type\":\"CommentAction\",\"name\":\"Comment\",\"target\":[\"https:\/\/talivera.fr\/actualites\/zoom-artiste-othoniel-et-ses-colliers-de-perles\/#respond\"]}]},{\"@type\":\"WebPage\",\"@id\":\"https:\/\/talivera.fr\/actualites\/zoom-artiste-othoniel-et-ses-colliers-de-perles\/\",\"url\":\"https:\/\/talivera.fr\/actualites\/zoom-artiste-othoniel-et-ses-colliers-de-perles\/\",\"name\":\"Zoom Artiste : Othoniel et ses colliers de perles - Culture Bien-\u00eatre\",\"isPartOf\":{\"@id\":\"https:\/\/talivera.fr\/actualites\/#website\"},\"primaryImageOfPage\":{\"@id\":\"https:\/\/talivera.fr\/actualites\/zoom-artiste-othoniel-et-ses-colliers-de-perles\/#primaryimage\"},\"image\":{\"@id\":\"https:\/\/talivera.fr\/actualites\/zoom-artiste-othoniel-et-ses-colliers-de-perles\/#primaryimage\"},\"thumbnailUrl\":\"https:\/\/talivera.fr\/actualites\/wp-content\/uploads\/2021\/03\/Sculpture-Othoniel-Bruxelles.jpg\",\"datePublished\":\"2021-03-13T08:06:03+00:00\",\"dateModified\":\"2021-03-15T13:32:40+00:00\",\"breadcrumb\":{\"@id\":\"https:\/\/talivera.fr\/actualites\/zoom-artiste-othoniel-et-ses-colliers-de-perles\/#breadcrumb\"},\"inLanguage\":\"fr-FR\",\"potentialAction\":[{\"@type\":\"ReadAction\",\"target\":[\"https:\/\/talivera.fr\/actualites\/zoom-artiste-othoniel-et-ses-colliers-de-perles\/\"]}]},{\"@type\":\"ImageObject\",\"inLanguage\":\"fr-FR\",\"@id\":\"https:\/\/talivera.fr\/actualites\/zoom-artiste-othoniel-et-ses-colliers-de-perles\/#primaryimage\",\"url\":\"https:\/\/talivera.fr\/actualites\/wp-content\/uploads\/2021\/03\/Sculpture-Othoniel-Bruxelles.jpg\",\"contentUrl\":\"https:\/\/talivera.fr\/actualites\/wp-content\/uploads\/2021\/03\/Sculpture-Othoniel-Bruxelles.jpg\",\"width\":955,\"height\":586,\"caption\":\"\\\"Un coeur abstrait \\\" Jean-Michel Othoniel. 16 juillet 30 aout 2009. \u00a9 Luc Castel.\"},{\"@type\":\"BreadcrumbList\",\"@id\":\"https:\/\/talivera.fr\/actualites\/zoom-artiste-othoniel-et-ses-colliers-de-perles\/#breadcrumb\",\"itemListElement\":[{\"@type\":\"ListItem\",\"position\":1,\"name\":\"Home\",\"item\":\"https:\/\/talivera.fr\/actualites\/\"},{\"@type\":\"ListItem\",\"position\":2,\"name\":\"Zoom Artiste : Othoniel et ses colliers de perles\"}]},{\"@type\":\"WebSite\",\"@id\":\"https:\/\/talivera.fr\/actualites\/#website\",\"url\":\"https:\/\/talivera.fr\/actualites\/\",\"name\":\"Culture Bien-\u00eatre\",\"description\":\"Talivera, plus proche de la culture\",\"publisher\":{\"@id\":\"https:\/\/talivera.fr\/actualites\/#organization\"},\"potentialAction\":[{\"@type\":\"SearchAction\",\"target\":{\"@type\":\"EntryPoint\",\"urlTemplate\":\"https:\/\/talivera.fr\/actualites\/?s={search_term_string}\"},\"query-input\":{\"@type\":\"PropertyValueSpecification\",\"valueRequired\":true,\"valueName\":\"search_term_string\"}}],\"inLanguage\":\"fr-FR\"},{\"@type\":\"Organization\",\"@id\":\"https:\/\/talivera.fr\/actualites\/#organization\",\"name\":\"Culture Bien-\u00eatre\",\"url\":\"https:\/\/talivera.fr\/actualites\/\",\"logo\":{\"@type\":\"ImageObject\",\"inLanguage\":\"fr-FR\",\"@id\":\"https:\/\/talivera.fr\/actualites\/#\/schema\/logo\/image\/\",\"url\":\"https:\/\/talivera.fr\/actualites\/wp-content\/uploads\/2022\/06\/cropped-cropped-TALI-Logo-fond-blanc-SS-220513.png\",\"contentUrl\":\"https:\/\/talivera.fr\/actualites\/wp-content\/uploads\/2022\/06\/cropped-cropped-TALI-Logo-fond-blanc-SS-220513.png\",\"width\":760,\"height\":272,\"caption\":\"Culture Bien-\u00eatre\"},\"image\":{\"@id\":\"https:\/\/talivera.fr\/actualites\/#\/schema\/logo\/image\/\"}},{\"@type\":\"Person\",\"@id\":\"https:\/\/talivera.fr\/actualites\/#\/schema\/person\/6f7da364c6dd2c35a1268d64d87d2133\",\"name\":\"talivera\",\"image\":{\"@type\":\"ImageObject\",\"inLanguage\":\"fr-FR\",\"@id\":\"https:\/\/talivera.fr\/actualites\/#\/schema\/person\/image\/\",\"url\":\"https:\/\/secure.gravatar.com\/avatar\/9cc99a2be3b13f52ccf55b39d3952bc77029d605431f7c7570ce9a2963513de9?s=96&d=mm&r=g\",\"contentUrl\":\"https:\/\/secure.gravatar.com\/avatar\/9cc99a2be3b13f52ccf55b39d3952bc77029d605431f7c7570ce9a2963513de9?s=96&d=mm&r=g\",\"caption\":\"talivera\"},\"sameAs\":[\"https:\/\/talivera.fr\",\"https:\/\/www.facebook.com\/sortirdecouvrir\/\",\"https:\/\/www.instagram.com\/talivera_\/?hl=fr\",\"https:\/\/x.com\/https:\/\/twitter.com\/talivera_\"],\"url\":\"https:\/\/talivera.fr\/actualites\/author\/talivera\/\"}]}<\/script>\n<!-- \/ Yoast SEO plugin. -->","yoast_head_json":{"title":"Zoom Artiste : Othoniel et ses colliers de perles - Culture Bien-\u00eatre","robots":{"index":"index","follow":"follow","max-snippet":"max-snippet:-1","max-image-preview":"max-image-preview:large","max-video-preview":"max-video-preview:-1"},"canonical":"https:\/\/talivera.fr\/actualites\/zoom-artiste-othoniel-et-ses-colliers-de-perles\/","og_locale":"fr_FR","og_type":"article","og_title":"Zoom Artiste : Othoniel et ses colliers de perles - Culture Bien-\u00eatre","og_description":"Parce que ses oeuvres nous invitent \u00e0 la r\u00eaverie et que nous en avons bien besoin en ce moment, Talivera consacre son zoom de la semaine \u00e0 cet artiste contemporain qui n\u2019a pas fini de nous surprendre ! Sa signature ? La beaut\u00e9 du verre Jean-Michel Othoniel se fait remarquer en 1993 avec ses premi\u00e8res &hellip; Zoom Artiste : Othoniel et ses colliers de perles Lire la suite\u00a0\u00bb","og_url":"https:\/\/talivera.fr\/actualites\/zoom-artiste-othoniel-et-ses-colliers-de-perles\/","og_site_name":"Culture Bien-\u00eatre","article_author":"https:\/\/www.facebook.com\/sortirdecouvrir\/","article_published_time":"2021-03-13T08:06:03+00:00","article_modified_time":"2021-03-15T13:32:40+00:00","og_image":[{"width":955,"height":586,"url":"https:\/\/talivera.fr\/actualites\/wp-content\/uploads\/2021\/03\/Sculpture-Othoniel-Bruxelles.jpg","type":"image\/jpeg"}],"author":"talivera","twitter_card":"summary_large_image","twitter_creator":"@https:\/\/twitter.com\/talivera_","twitter_misc":{"\u00c9crit par":"talivera","Dur\u00e9e de lecture estim\u00e9e":"3 minutes"},"schema":{"@context":"https:\/\/schema.org","@graph":[{"@type":"Article","@id":"https:\/\/talivera.fr\/actualites\/zoom-artiste-othoniel-et-ses-colliers-de-perles\/#article","isPartOf":{"@id":"https:\/\/talivera.fr\/actualites\/zoom-artiste-othoniel-et-ses-colliers-de-perles\/"},"author":{"name":"talivera","@id":"https:\/\/talivera.fr\/actualites\/#\/schema\/person\/6f7da364c6dd2c35a1268d64d87d2133"},"headline":"Zoom Artiste : Othoniel et ses colliers de perles","datePublished":"2021-03-13T08:06:03+00:00","dateModified":"2021-03-15T13:32:40+00:00","mainEntityOfPage":{"@id":"https:\/\/talivera.fr\/actualites\/zoom-artiste-othoniel-et-ses-colliers-de-perles\/"},"wordCount":584,"commentCount":0,"publisher":{"@id":"https:\/\/talivera.fr\/actualites\/#organization"},"image":{"@id":"https:\/\/talivera.fr\/actualites\/zoom-artiste-othoniel-et-ses-colliers-de-perles\/#primaryimage"},"thumbnailUrl":"https:\/\/talivera.fr\/actualites\/wp-content\/uploads\/2021\/03\/Sculpture-Othoniel-Bruxelles.jpg","keywords":["art contemporain","Othoniel"],"articleSection":["Zoom artiste"],"inLanguage":"fr-FR","potentialAction":[{"@type":"CommentAction","name":"Comment","target":["https:\/\/talivera.fr\/actualites\/zoom-artiste-othoniel-et-ses-colliers-de-perles\/#respond"]}]},{"@type":"WebPage","@id":"https:\/\/talivera.fr\/actualites\/zoom-artiste-othoniel-et-ses-colliers-de-perles\/","url":"https:\/\/talivera.fr\/actualites\/zoom-artiste-othoniel-et-ses-colliers-de-perles\/","name":"Zoom Artiste : Othoniel et ses colliers de perles - Culture Bien-\u00eatre","isPartOf":{"@id":"https:\/\/talivera.fr\/actualites\/#website"},"primaryImageOfPage":{"@id":"https:\/\/talivera.fr\/actualites\/zoom-artiste-othoniel-et-ses-colliers-de-perles\/#primaryimage"},"image":{"@id":"https:\/\/talivera.fr\/actualites\/zoom-artiste-othoniel-et-ses-colliers-de-perles\/#primaryimage"},"thumbnailUrl":"https:\/\/talivera.fr\/actualites\/wp-content\/uploads\/2021\/03\/Sculpture-Othoniel-Bruxelles.jpg","datePublished":"2021-03-13T08:06:03+00:00","dateModified":"2021-03-15T13:32:40+00:00","breadcrumb":{"@id":"https:\/\/talivera.fr\/actualites\/zoom-artiste-othoniel-et-ses-colliers-de-perles\/#breadcrumb"},"inLanguage":"fr-FR","potentialAction":[{"@type":"ReadAction","target":["https:\/\/talivera.fr\/actualites\/zoom-artiste-othoniel-et-ses-colliers-de-perles\/"]}]},{"@type":"ImageObject","inLanguage":"fr-FR","@id":"https:\/\/talivera.fr\/actualites\/zoom-artiste-othoniel-et-ses-colliers-de-perles\/#primaryimage","url":"https:\/\/talivera.fr\/actualites\/wp-content\/uploads\/2021\/03\/Sculpture-Othoniel-Bruxelles.jpg","contentUrl":"https:\/\/talivera.fr\/actualites\/wp-content\/uploads\/2021\/03\/Sculpture-Othoniel-Bruxelles.jpg","width":955,"height":586,"caption":"\"Un coeur abstrait \" Jean-Michel Othoniel. 16 juillet 30 aout 2009. \u00a9 Luc Castel."},{"@type":"BreadcrumbList","@id":"https:\/\/talivera.fr\/actualites\/zoom-artiste-othoniel-et-ses-colliers-de-perles\/#breadcrumb","itemListElement":[{"@type":"ListItem","position":1,"name":"Home","item":"https:\/\/talivera.fr\/actualites\/"},{"@type":"ListItem","position":2,"name":"Zoom Artiste : Othoniel et ses colliers de perles"}]},{"@type":"WebSite","@id":"https:\/\/talivera.fr\/actualites\/#website","url":"https:\/\/talivera.fr\/actualites\/","name":"Culture Bien-\u00eatre","description":"Talivera, plus proche de la culture","publisher":{"@id":"https:\/\/talivera.fr\/actualites\/#organization"},"potentialAction":[{"@type":"SearchAction","target":{"@type":"EntryPoint","urlTemplate":"https:\/\/talivera.fr\/actualites\/?s={search_term_string}"},"query-input":{"@type":"PropertyValueSpecification","valueRequired":true,"valueName":"search_term_string"}}],"inLanguage":"fr-FR"},{"@type":"Organization","@id":"https:\/\/talivera.fr\/actualites\/#organization","name":"Culture Bien-\u00eatre","url":"https:\/\/talivera.fr\/actualites\/","logo":{"@type":"ImageObject","inLanguage":"fr-FR","@id":"https:\/\/talivera.fr\/actualites\/#\/schema\/logo\/image\/","url":"https:\/\/talivera.fr\/actualites\/wp-content\/uploads\/2022\/06\/cropped-cropped-TALI-Logo-fond-blanc-SS-220513.png","contentUrl":"https:\/\/talivera.fr\/actualites\/wp-content\/uploads\/2022\/06\/cropped-cropped-TALI-Logo-fond-blanc-SS-220513.png","width":760,"height":272,"caption":"Culture Bien-\u00eatre"},"image":{"@id":"https:\/\/talivera.fr\/actualites\/#\/schema\/logo\/image\/"}},{"@type":"Person","@id":"https:\/\/talivera.fr\/actualites\/#\/schema\/person\/6f7da364c6dd2c35a1268d64d87d2133","name":"talivera","image":{"@type":"ImageObject","inLanguage":"fr-FR","@id":"https:\/\/talivera.fr\/actualites\/#\/schema\/person\/image\/","url":"https:\/\/secure.gravatar.com\/avatar\/9cc99a2be3b13f52ccf55b39d3952bc77029d605431f7c7570ce9a2963513de9?s=96&d=mm&r=g","contentUrl":"https:\/\/secure.gravatar.com\/avatar\/9cc99a2be3b13f52ccf55b39d3952bc77029d605431f7c7570ce9a2963513de9?s=96&d=mm&r=g","caption":"talivera"},"sameAs":["https:\/\/talivera.fr","https:\/\/www.facebook.com\/sortirdecouvrir\/","https:\/\/www.instagram.com\/talivera_\/?hl=fr","https:\/\/x.com\/https:\/\/twitter.com\/talivera_"],"url":"https:\/\/talivera.fr\/actualites\/author\/talivera\/"}]}},"jetpack_featured_media_url":"https:\/\/talivera.fr\/actualites\/wp-content\/uploads\/2021\/03\/Sculpture-Othoniel-Bruxelles.jpg","jetpack_sharing_enabled":true,"_links":{"self":[{"href":"https:\/\/talivera.fr\/actualites\/wp-json\/wp\/v2\/posts\/5470","targetHints":{"allow":["GET"]}}],"collection":[{"href":"https:\/\/talivera.fr\/actualites\/wp-json\/wp\/v2\/posts"}],"about":[{"href":"https:\/\/talivera.fr\/actualites\/wp-json\/wp\/v2\/types\/post"}],"author":[{"embeddable":true,"href":"https:\/\/talivera.fr\/actualites\/wp-json\/wp\/v2\/users\/1"}],"replies":[{"embeddable":true,"href":"https:\/\/talivera.fr\/actualites\/wp-json\/wp\/v2\/comments?post=5470"}],"version-history":[{"count":8,"href":"https:\/\/talivera.fr\/actualites\/wp-json\/wp\/v2\/posts\/5470\/revisions"}],"predecessor-version":[{"id":5494,"href":"https:\/\/talivera.fr\/actualites\/wp-json\/wp\/v2\/posts\/5470\/revisions\/5494"}],"wp:featuredmedia":[{"embeddable":true,"href":"https:\/\/talivera.fr\/actualites\/wp-json\/wp\/v2\/media\/5482"}],"wp:attachment":[{"href":"https:\/\/talivera.fr\/actualites\/wp-json\/wp\/v2\/media?parent=5470"}],"wp:term":[{"taxonomy":"category","embeddable":true,"href":"https:\/\/talivera.fr\/actualites\/wp-json\/wp\/v2\/categories?post=5470"},{"taxonomy":"post_tag","embeddable":true,"href":"https:\/\/talivera.fr\/actualites\/wp-json\/wp\/v2\/tags?post=5470"}],"curies":[{"name":"wp","href":"https:\/\/api.w.org\/{rel}","templated":true}]}}