{"id":5227,"date":"2021-02-20T09:09:39","date_gmt":"2021-02-20T08:09:39","guid":{"rendered":"https:\/\/talivera.fr\/actualites\/?p=5227"},"modified":"2021-03-02T18:13:44","modified_gmt":"2021-03-02T17:13:44","slug":"zoom-artiste-camille-claudel","status":"publish","type":"post","link":"https:\/\/talivera.fr\/actualites\/zoom-artiste-camille-claudel\/","title":{"rendered":"Zoom artiste : Camille Claudel"},"content":{"rendered":"\n<p><strong>Camille Claudel est une des rares artistes f\u00e9minines \u00e0 avoir percer dans la sculpture \u00e0 son \u00e9poque. Profond\u00e9ment passionn\u00e9e par son art, son envie de transmettre ses sentiments dans ses cr\u00e9ations a \u00e9t\u00e9 plus fort que tout. Si son \u00e9poque n&rsquo;a pas su lui rendre hommage et la condamnait \u00e0 l&rsquo;anonymat, les g\u00e9n\u00e9rations qui ont suivi ont reconnu le travail extraordinaire de l&rsquo;artiste. <\/strong><\/p>\n\n\n\n<p><strong>Zoom sur cette artiste qui est class\u00e9e parmi les plus importantes femmes artistes du 19 et 20\u00e8me si\u00e8cle. <\/strong><\/p>\n\n\n\n<h2 class=\"wp-block-heading\">Une artiste envers et contre tout<\/h2>\n\n\n\n<p><strong>Camille Claudel est passionn\u00e9e tr\u00e8s jeune par la sculpture. D\u00e8s l&rsquo;adolescence elle souhaite en faire sa profession. Ce projet est soutenu par son p\u00e8re mais furieusement rejet\u00e9 par sa m\u00e8re, qui toute sa vie s&rsquo;opposera aux projets artistiques de sa fille. Ce n&rsquo;est pas une carri\u00e8re louable, surtout pour une femme.<\/strong><\/p>\n\n\n\n<div class=\"wp-block-image\"><figure class=\"aligncenter size-large is-resized\"><img loading=\"lazy\" decoding=\"async\" src=\"https:\/\/talivera.fr\/actualites\/wp-content\/uploads\/2021\/02\/Camille_Claudel_atelier-675x1024.jpg\" alt=\"Camille_Claudel_atelier\" class=\"wp-image-5237\" width=\"338\" height=\"512\"\/><figcaption>Camille Claudel dans son atelier \u00e0 Paris en 1887.<\/figcaption><\/figure><\/div>\n\n\n\n<p><strong>Camille Claudel persiste et gr\u00e2ce \u00e0 sa force de persuasion, elle convint sa famille de s&rsquo;installer \u00e0 Paris pour qu&rsquo;elle puisse lancer sa carri\u00e8re de sculptrice dans l&rsquo;atelier d&rsquo;Alfred Boucher. L\u00e0 bas elle s&rsquo;illustre comme une assistante hors du commun et est encourag\u00e9e par le sculpteur qui est aussi son mentor. C&rsquo;est en 1882, alors qu&rsquo;Alfred Boucher est absent et se fait remplacer pour un cours dans son atelier, que Camille Claudel fait la rencontre d&rsquo;Auguste Rodin.<\/strong><\/p>\n\n\n\n<h2 class=\"wp-block-heading\">Une histoire d&rsquo;amour tragique<\/h2>\n\n\n\n<p><strong>Camille Claudel commence \u00e0 travailler comme assistante de Rodin \u00e0 partir de 1884. De plus de vingt ans son a\u00een\u00e9, le sculpteur b\u00e9n\u00e9ficie alors d\u00e9j\u00e0 d&rsquo;une renomm\u00e9e certaine. Fascin\u00e9 par le travail de la sculptrice, Camille Claudel devient tr\u00e8s vite indispensable \u00e0 Rodin : il la consulte syst\u00e9matiquement et on retrouve d\u00e8s lors les influences de la jeune artiste sur son travail. <\/strong><\/p>\n\n\n\n<div class=\"wp-block-image\"><figure class=\"aligncenter size-large is-resized\"><img loading=\"lazy\" decoding=\"async\" src=\"https:\/\/talivera.fr\/actualites\/wp-content\/uploads\/2021\/02\/Musee_Camille_Claudel__Camille_Claudel_LImplorante_-1024x701.jpg\" alt=\"Mus\u00e9e_Camille_Claudel__Camille_Claudel_L'Implorante_\" class=\"wp-image-5236\" width=\"512\" height=\"351\" srcset=\"https:\/\/talivera.fr\/actualites\/wp-content\/uploads\/2021\/02\/Musee_Camille_Claudel__Camille_Claudel_LImplorante_-1024x701.jpg 1024w, https:\/\/talivera.fr\/actualites\/wp-content\/uploads\/2021\/02\/Musee_Camille_Claudel__Camille_Claudel_LImplorante_-300x205.jpg 300w, https:\/\/talivera.fr\/actualites\/wp-content\/uploads\/2021\/02\/Musee_Camille_Claudel__Camille_Claudel_LImplorante_-768x525.jpg 768w, https:\/\/talivera.fr\/actualites\/wp-content\/uploads\/2021\/02\/Musee_Camille_Claudel__Camille_Claudel_LImplorante_-88x60.jpg 88w, https:\/\/talivera.fr\/actualites\/wp-content\/uploads\/2021\/02\/Musee_Camille_Claudel__Camille_Claudel_LImplorante_.jpg 1200w\" sizes=\"auto, (max-width: 512px) 100vw, 512px\" \/><figcaption><em>L&rsquo;implorante<\/em>, Camille Claudel<\/figcaption><\/figure><\/div>\n\n\n\n<p><strong>Les deux artistes deviennent amants pendant une dizaine d&rsquo;ann\u00e9es. Servant de mod\u00e8les respectivement et travaillant de mani\u00e8re tr\u00e8s proche, nombreuses sont les sculptures repr\u00e9sentant les visages des deux amants et les sculptures de l\u2019un portant l\u2019\u00e2me ou l\u2019id\u00e9e de l\u2019autre et vice versa.<\/strong><\/p>\n\n\n\n<figure class=\"wp-block-gallery alignwide columns-2 is-cropped wp-block-gallery-1 is-layout-flex wp-block-gallery-is-layout-flex\"><ul class=\"blocks-gallery-grid\"><li class=\"blocks-gallery-item\"><figure><img loading=\"lazy\" decoding=\"async\" width=\"768\" height=\"1024\" src=\"https:\/\/talivera.fr\/actualites\/wp-content\/uploads\/2021\/02\/Auguste_Rodin_par_Camille_Claudel_musee_Rodin_8026456955.jpg\" alt=\"Auguste_Rodin_par_Camille_Claudel_(mus\u00e9e_Rodin)\" data-id=\"5229\" data-full-url=\"https:\/\/talivera.fr\/actualites\/wp-content\/uploads\/2021\/02\/Auguste_Rodin_par_Camille_Claudel_musee_Rodin_8026456955.jpg\" data-link=\"https:\/\/talivera.fr\/actualites\/?attachment_id=5229\" class=\"wp-image-5229\" srcset=\"https:\/\/talivera.fr\/actualites\/wp-content\/uploads\/2021\/02\/Auguste_Rodin_par_Camille_Claudel_musee_Rodin_8026456955.jpg 768w, https:\/\/talivera.fr\/actualites\/wp-content\/uploads\/2021\/02\/Auguste_Rodin_par_Camille_Claudel_musee_Rodin_8026456955-225x300.jpg 225w, https:\/\/talivera.fr\/actualites\/wp-content\/uploads\/2021\/02\/Auguste_Rodin_par_Camille_Claudel_musee_Rodin_8026456955-45x60.jpg 45w\" sizes=\"auto, (max-width: 768px) 100vw, 768px\" \/><figcaption class=\"blocks-gallery-item__caption\"><em>Auguste Rodin<\/em>, Camille Claudel, au mus\u00e9e Rodin<\/figcaption><\/figure><\/li><li class=\"blocks-gallery-item\"><figure><img loading=\"lazy\" decoding=\"async\" width=\"632\" height=\"1024\" src=\"https:\/\/talivera.fr\/actualites\/wp-content\/uploads\/2021\/02\/Auguste_rodin_camille_claudel_con_casco_resina-632x1024.jpg\" alt=\"Auguste_rodin,_camille_claudel_con_casco,_resina\" data-id=\"5228\" data-full-url=\"https:\/\/talivera.fr\/actualites\/wp-content\/uploads\/2021\/02\/Auguste_rodin_camille_claudel_con_casco_resina.jpg\" data-link=\"https:\/\/talivera.fr\/actualites\/?attachment_id=5228\" class=\"wp-image-5228\" srcset=\"https:\/\/talivera.fr\/actualites\/wp-content\/uploads\/2021\/02\/Auguste_rodin_camille_claudel_con_casco_resina-632x1024.jpg 632w, https:\/\/talivera.fr\/actualites\/wp-content\/uploads\/2021\/02\/Auguste_rodin_camille_claudel_con_casco_resina-185x300.jpg 185w, https:\/\/talivera.fr\/actualites\/wp-content\/uploads\/2021\/02\/Auguste_rodin_camille_claudel_con_casco_resina-768x1244.jpg 768w, https:\/\/talivera.fr\/actualites\/wp-content\/uploads\/2021\/02\/Auguste_rodin_camille_claudel_con_casco_resina-37x60.jpg 37w, https:\/\/talivera.fr\/actualites\/wp-content\/uploads\/2021\/02\/Auguste_rodin_camille_claudel_con_casco_resina.jpg 800w\" sizes=\"auto, (max-width: 632px) 100vw, 632px\" \/><figcaption class=\"blocks-gallery-item__caption\"><em>Camille Claudel au bonnet, <\/em>Auguste Rodin, mus\u00e9e Afro Brasil<\/figcaption><\/figure><\/li><\/ul><\/figure>\n\n\n\n<p><strong>Cependant, Rodin refuse de s&rsquo;engager aupr\u00e8s de Camille Claudel, refusant de rompre avec sa compagne de toujours. Fortement marqu\u00e9e par cette lente rupture, le temps qui passe creuse la distance entre la sculptrice et son amant. Ils finissent par se s\u00e9parer en 1896. Cependant, l&rsquo;\u0153uvre de Camille Claudel est d\u00e9sormais associ\u00e9e \u00e0 celle de Rodin dans l&rsquo;esprit du public, et elle n&rsquo;arrivera jamais \u00e0 sortir de son ombre de son vivant. Camille Claudel en gardera du ressentiment envers Rodin qui selon elle lui a emp\u00each\u00e9 d&rsquo;obtenir la reconnaissance qu&rsquo;elle m\u00e9rite. <\/strong><\/p>\n\n\n\n<h2 class=\"wp-block-heading\">L&rsquo;artiste de l&rsquo;intime<\/h2>\n\n\n\n<p><strong>Malgr\u00e9 les comparaisons avec Rodin, le style de Camille Claudel est unique et novateur pour son \u00e9poque. Tr\u00e8s proche de l&rsquo;art nouveau, ses sculptures ont un aspect brut, naturel aux courbes organiques et sinueuses. Il y a un g\u00e9nie du mouvement et de la force des sentiments dans ses sculptures. Plus qu&rsquo;un geste, c&rsquo;est une v\u00e9ritable \u00e9motion qu&rsquo;arrive \u00e0 transmettre Camille Claudel dans son travail.<\/strong><\/p>\n\n\n\n<div class=\"wp-block-image\"><figure class=\"aligncenter size-large is-resized\"><img loading=\"lazy\" decoding=\"async\" src=\"https:\/\/talivera.fr\/actualites\/wp-content\/uploads\/2021\/02\/800px-Vertumnus_and_Pomona_by_Camille_Claudel-679x1024.jpg\" alt=\"Vertumnus_and_Pomona_by_Camille_Claudel\" class=\"wp-image-5230\" width=\"340\" height=\"512\" srcset=\"https:\/\/talivera.fr\/actualites\/wp-content\/uploads\/2021\/02\/800px-Vertumnus_and_Pomona_by_Camille_Claudel-679x1024.jpg 679w, https:\/\/talivera.fr\/actualites\/wp-content\/uploads\/2021\/02\/800px-Vertumnus_and_Pomona_by_Camille_Claudel-199x300.jpg 199w, https:\/\/talivera.fr\/actualites\/wp-content\/uploads\/2021\/02\/800px-Vertumnus_and_Pomona_by_Camille_Claudel-768x1158.jpg 768w, https:\/\/talivera.fr\/actualites\/wp-content\/uploads\/2021\/02\/800px-Vertumnus_and_Pomona_by_Camille_Claudel-40x60.jpg 40w, https:\/\/talivera.fr\/actualites\/wp-content\/uploads\/2021\/02\/800px-Vertumnus_and_Pomona_by_Camille_Claudel.jpg 800w\" sizes=\"auto, (max-width: 340px) 100vw, 340px\" \/><figcaption><em>Sakountala<\/em>, Camille Claudel, mus\u00e9e Rodin.<\/figcaption><\/figure><\/div>\n\n\n\n<p><strong>Camille Claudel, c&rsquo;est avant tout la sculptrice de l&rsquo;intimit\u00e9. Ses personnages enlac\u00e9s ou se d\u00e9chirant t\u00e9moignent de ses \u00e9motions vives et de son v\u00e9cu passionn\u00e9. Elles d\u00e9voilent une artiste honn\u00eate qui se livre \u00e0 corps perdu dans ses \u0153uvres qui nous racontent aussi bien son histoire personnelle que celle de l&rsquo;humanit\u00e9. Souffrance, bonheur, amour \u2026 C&rsquo;est la vie qui apparait derri\u00e8re ses sculptures \u00e9corch\u00e9es-vives ! Des \u0153uvres fondamentalement modernes d&rsquo;une femme libre qui se jette \u00e0 corps perdu dans son travail<\/strong>.<\/p>\n\n\n\n<figure class=\"wp-block-gallery alignwide columns-2 is-cropped wp-block-gallery-2 is-layout-flex wp-block-gallery-is-layout-flex\"><ul class=\"blocks-gallery-grid\"><li class=\"blocks-gallery-item\"><figure><img loading=\"lazy\" decoding=\"async\" width=\"957\" height=\"1024\" src=\"https:\/\/talivera.fr\/actualites\/wp-content\/uploads\/2021\/02\/Camille_Claudel_La_Valse_1889-1905-957x1024.jpg\" alt=\"Camille_Claudel,_La_Valse,_1889-1905\" data-id=\"5234\" data-full-url=\"https:\/\/talivera.fr\/actualites\/wp-content\/uploads\/2021\/02\/Camille_Claudel_La_Valse_1889-1905-scaled.jpg\" data-link=\"https:\/\/talivera.fr\/actualites\/?attachment_id=5234\" class=\"wp-image-5234\" srcset=\"https:\/\/talivera.fr\/actualites\/wp-content\/uploads\/2021\/02\/Camille_Claudel_La_Valse_1889-1905-957x1024.jpg 957w, https:\/\/talivera.fr\/actualites\/wp-content\/uploads\/2021\/02\/Camille_Claudel_La_Valse_1889-1905-281x300.jpg 281w, https:\/\/talivera.fr\/actualites\/wp-content\/uploads\/2021\/02\/Camille_Claudel_La_Valse_1889-1905-768x821.jpg 768w, https:\/\/talivera.fr\/actualites\/wp-content\/uploads\/2021\/02\/Camille_Claudel_La_Valse_1889-1905-1436x1536.jpg 1436w, https:\/\/talivera.fr\/actualites\/wp-content\/uploads\/2021\/02\/Camille_Claudel_La_Valse_1889-1905-1915x2048.jpg 1915w, https:\/\/talivera.fr\/actualites\/wp-content\/uploads\/2021\/02\/Camille_Claudel_La_Valse_1889-1905-56x60.jpg 56w\" sizes=\"auto, (max-width: 957px) 100vw, 957px\" \/><figcaption class=\"blocks-gallery-item__caption\"><em>La Valse,<\/em> Camille Claudel<\/figcaption><\/figure><\/li><li class=\"blocks-gallery-item\"><figure><img loading=\"lazy\" decoding=\"async\" width=\"512\" height=\"500\" src=\"https:\/\/talivera.fr\/actualites\/wp-content\/uploads\/2021\/02\/l-abandon-camille-claudel.jpg\" alt=\"l-abandon-camille-claudel\" data-id=\"5233\" data-full-url=\"https:\/\/talivera.fr\/actualites\/wp-content\/uploads\/2021\/02\/l-abandon-camille-claudel.jpg\" data-link=\"https:\/\/talivera.fr\/actualites\/?attachment_id=5233\" class=\"wp-image-5233\" srcset=\"https:\/\/talivera.fr\/actualites\/wp-content\/uploads\/2021\/02\/l-abandon-camille-claudel.jpg 512w, https:\/\/talivera.fr\/actualites\/wp-content\/uploads\/2021\/02\/l-abandon-camille-claudel-300x293.jpg 300w, https:\/\/talivera.fr\/actualites\/wp-content\/uploads\/2021\/02\/l-abandon-camille-claudel-61x60.jpg 61w\" sizes=\"auto, (max-width: 512px) 100vw, 512px\" \/><figcaption class=\"blocks-gallery-item__caption\"><em>L&rsquo;abandon<\/em>, Camille Claudel<\/figcaption><\/figure><\/li><\/ul><\/figure>\n\n\n\n<h5 class=\"wp-block-heading\"><strong>Camille Claudel, par son approche innovante et profond\u00e9ment intime de la sculpture, a marqu\u00e9 comme aucun autre artiste homme ou femme cet art trop souvent associ\u00e9 \u00e0 l\u2019\u00e9poque \u00e0 des commandes publiques et impersonnelles. Une Oeuvre sublime que Talivera vous propose d\u2019explorer et de vous faire ressentir. Pendant une heure, C\u00e9line, notre guide-conf\u00e9renci\u00e8re vous invitera \u00e0 d\u00e9couvrir, saisir et toucher l\u2019\u00e2me de l\u2019artiste \u00e0 travers ses sculptures majeures mais \u00e9galement d\u2019autres moins connues. <\/strong><\/h5>\n\n\n\n<h5 class=\"wp-block-heading\"><strong>R\u00e9servation au E-Caf\u00e9 :  <a href=\"https:\/\/talivera.fr\/activite\/e-cafe-culturel\/e-cafe-la-celebre-sculptrice-camille-claudel\/181\" target=\"_blank\" rel=\"noreferrer noopener\"><span class=\"has-inline-color has-vivid-red-color\">La C\u00e9l\u00e8bre sculptrice Camille Claudel<\/span><\/a><\/strong><\/h5>\n\n\n\n<h5 class=\"has-background wp-block-heading\" style=\"background-color:#f7e9ef\">Vous avez aim\u00e9 cet article ? Rejoignez-nous et partagez vos bons plans sur <strong><a rel=\"noreferrer noopener\" href=\"https:\/\/www.instagram.com\/talivera_\/?hl=fr\" target=\"_blank\"><span style=\"color:#853dc7\" class=\"has-inline-color\">Instagram<\/span><\/a><\/strong><span class=\"has-inline-color has-vivid-purple-color\">&nbsp;<\/span>et&nbsp;<a rel=\"noreferrer noopener\" href=\"https:\/\/www.facebook.com\/sortirdecouvrir\/\" target=\"_blank\"><strong><span class=\"has-inline-color has-vivid-purple-color\">Facebook<\/span><\/strong><\/a>!&nbsp;\ud83e\udd17<\/h5>\n","protected":false},"excerpt":{"rendered":"<p>Camille Claudel est une des rares artistes f\u00e9minines \u00e0 avoir percer dans la sculpture \u00e0 son \u00e9poque. Profond\u00e9ment passionn\u00e9e par son art, son envie de transmettre ses sentiments dans ses cr\u00e9ations a \u00e9t\u00e9 plus fort que tout. Si son \u00e9poque n&rsquo;a pas su lui rendre hommage et la condamnait \u00e0 l&rsquo;anonymat, les g\u00e9n\u00e9rations qui ont &hellip;<\/p>\n<p class=\"read-more\"> <a class=\"\" href=\"https:\/\/talivera.fr\/actualites\/zoom-artiste-camille-claudel\/\"> <span class=\"screen-reader-text\">Zoom artiste : Camille Claudel<\/span> Lire la suite\u00a0\u00bb<\/a><\/p>\n","protected":false},"author":1,"featured_media":5284,"comment_status":"open","ping_status":"open","sticky":false,"template":"","format":"standard","meta":{"_jetpack_memberships_contains_paid_content":false,"footnotes":""},"categories":[135],"tags":[],"class_list":["post-5227","post","type-post","status-publish","format-standard","has-post-thumbnail","hentry","category-zoom-artiste"],"yoast_head":"<!-- This site is optimized with the Yoast SEO plugin v24.9 - https:\/\/yoast.com\/wordpress\/plugins\/seo\/ -->\n<title>Zoom artiste : Camille Claudel - Culture Bien-\u00eatre<\/title>\n<meta name=\"robots\" content=\"index, follow, max-snippet:-1, max-image-preview:large, max-video-preview:-1\" \/>\n<link rel=\"canonical\" href=\"https:\/\/talivera.fr\/actualites\/zoom-artiste-camille-claudel\/\" \/>\n<meta property=\"og:locale\" content=\"fr_FR\" \/>\n<meta property=\"og:type\" content=\"article\" \/>\n<meta property=\"og:title\" content=\"Zoom artiste : Camille Claudel - Culture Bien-\u00eatre\" \/>\n<meta property=\"og:description\" content=\"Camille Claudel est une des rares artistes f\u00e9minines \u00e0 avoir percer dans la sculpture \u00e0 son \u00e9poque. Profond\u00e9ment passionn\u00e9e par son art, son envie de transmettre ses sentiments dans ses cr\u00e9ations a \u00e9t\u00e9 plus fort que tout. Si son \u00e9poque n&rsquo;a pas su lui rendre hommage et la condamnait \u00e0 l&rsquo;anonymat, les g\u00e9n\u00e9rations qui ont &hellip; Zoom artiste : Camille Claudel Lire la suite\u00a0\u00bb\" \/>\n<meta property=\"og:url\" content=\"https:\/\/talivera.fr\/actualites\/zoom-artiste-camille-claudel\/\" \/>\n<meta property=\"og:site_name\" content=\"Culture Bien-\u00eatre\" \/>\n<meta property=\"article:author\" content=\"https:\/\/www.facebook.com\/sortirdecouvrir\/\" \/>\n<meta property=\"article:published_time\" content=\"2021-02-20T08:09:39+00:00\" \/>\n<meta property=\"article:modified_time\" content=\"2021-03-02T17:13:44+00:00\" \/>\n<meta property=\"og:image\" content=\"https:\/\/talivera.fr\/actualites\/wp-content\/uploads\/2021\/02\/Sans-titre-6-1-1024x405.png\" \/>\n\t<meta property=\"og:image:width\" content=\"1024\" \/>\n\t<meta property=\"og:image:height\" content=\"405\" \/>\n\t<meta property=\"og:image:type\" content=\"image\/png\" \/>\n<meta name=\"author\" content=\"talivera\" \/>\n<meta name=\"twitter:card\" content=\"summary_large_image\" \/>\n<meta name=\"twitter:creator\" content=\"@https:\/\/twitter.com\/talivera_\" \/>\n<meta name=\"twitter:label1\" content=\"\u00c9crit par\" \/>\n\t<meta name=\"twitter:data1\" content=\"talivera\" \/>\n\t<meta name=\"twitter:label2\" content=\"Dur\u00e9e de lecture estim\u00e9e\" \/>\n\t<meta name=\"twitter:data2\" content=\"4 minutes\" \/>\n<script type=\"application\/ld+json\" class=\"yoast-schema-graph\">{\"@context\":\"https:\/\/schema.org\",\"@graph\":[{\"@type\":\"Article\",\"@id\":\"https:\/\/talivera.fr\/actualites\/zoom-artiste-camille-claudel\/#article\",\"isPartOf\":{\"@id\":\"https:\/\/talivera.fr\/actualites\/zoom-artiste-camille-claudel\/\"},\"author\":{\"name\":\"talivera\",\"@id\":\"https:\/\/talivera.fr\/actualites\/#\/schema\/person\/6f7da364c6dd2c35a1268d64d87d2133\"},\"headline\":\"Zoom artiste : Camille Claudel\",\"datePublished\":\"2021-02-20T08:09:39+00:00\",\"dateModified\":\"2021-03-02T17:13:44+00:00\",\"mainEntityOfPage\":{\"@id\":\"https:\/\/talivera.fr\/actualites\/zoom-artiste-camille-claudel\/\"},\"wordCount\":750,\"commentCount\":0,\"publisher\":{\"@id\":\"https:\/\/talivera.fr\/actualites\/#organization\"},\"image\":{\"@id\":\"https:\/\/talivera.fr\/actualites\/zoom-artiste-camille-claudel\/#primaryimage\"},\"thumbnailUrl\":\"https:\/\/talivera.fr\/actualites\/wp-content\/uploads\/2021\/02\/Sans-titre-6-1.png\",\"articleSection\":[\"Zoom artiste\"],\"inLanguage\":\"fr-FR\",\"potentialAction\":[{\"@type\":\"CommentAction\",\"name\":\"Comment\",\"target\":[\"https:\/\/talivera.fr\/actualites\/zoom-artiste-camille-claudel\/#respond\"]}]},{\"@type\":\"WebPage\",\"@id\":\"https:\/\/talivera.fr\/actualites\/zoom-artiste-camille-claudel\/\",\"url\":\"https:\/\/talivera.fr\/actualites\/zoom-artiste-camille-claudel\/\",\"name\":\"Zoom artiste : Camille Claudel - Culture Bien-\u00eatre\",\"isPartOf\":{\"@id\":\"https:\/\/talivera.fr\/actualites\/#website\"},\"primaryImageOfPage\":{\"@id\":\"https:\/\/talivera.fr\/actualites\/zoom-artiste-camille-claudel\/#primaryimage\"},\"image\":{\"@id\":\"https:\/\/talivera.fr\/actualites\/zoom-artiste-camille-claudel\/#primaryimage\"},\"thumbnailUrl\":\"https:\/\/talivera.fr\/actualites\/wp-content\/uploads\/2021\/02\/Sans-titre-6-1.png\",\"datePublished\":\"2021-02-20T08:09:39+00:00\",\"dateModified\":\"2021-03-02T17:13:44+00:00\",\"breadcrumb\":{\"@id\":\"https:\/\/talivera.fr\/actualites\/zoom-artiste-camille-claudel\/#breadcrumb\"},\"inLanguage\":\"fr-FR\",\"potentialAction\":[{\"@type\":\"ReadAction\",\"target\":[\"https:\/\/talivera.fr\/actualites\/zoom-artiste-camille-claudel\/\"]}]},{\"@type\":\"ImageObject\",\"inLanguage\":\"fr-FR\",\"@id\":\"https:\/\/talivera.fr\/actualites\/zoom-artiste-camille-claudel\/#primaryimage\",\"url\":\"https:\/\/talivera.fr\/actualites\/wp-content\/uploads\/2021\/02\/Sans-titre-6-1.png\",\"contentUrl\":\"https:\/\/talivera.fr\/actualites\/wp-content\/uploads\/2021\/02\/Sans-titre-6-1.png\",\"width\":1920,\"height\":760,\"caption\":\"talivera-zoom-artiste-camille-claudel\"},{\"@type\":\"BreadcrumbList\",\"@id\":\"https:\/\/talivera.fr\/actualites\/zoom-artiste-camille-claudel\/#breadcrumb\",\"itemListElement\":[{\"@type\":\"ListItem\",\"position\":1,\"name\":\"Home\",\"item\":\"https:\/\/talivera.fr\/actualites\/\"},{\"@type\":\"ListItem\",\"position\":2,\"name\":\"Zoom artiste : Camille Claudel\"}]},{\"@type\":\"WebSite\",\"@id\":\"https:\/\/talivera.fr\/actualites\/#website\",\"url\":\"https:\/\/talivera.fr\/actualites\/\",\"name\":\"Culture Bien-\u00eatre\",\"description\":\"Talivera, plus proche de la culture\",\"publisher\":{\"@id\":\"https:\/\/talivera.fr\/actualites\/#organization\"},\"potentialAction\":[{\"@type\":\"SearchAction\",\"target\":{\"@type\":\"EntryPoint\",\"urlTemplate\":\"https:\/\/talivera.fr\/actualites\/?s={search_term_string}\"},\"query-input\":{\"@type\":\"PropertyValueSpecification\",\"valueRequired\":true,\"valueName\":\"search_term_string\"}}],\"inLanguage\":\"fr-FR\"},{\"@type\":\"Organization\",\"@id\":\"https:\/\/talivera.fr\/actualites\/#organization\",\"name\":\"Culture Bien-\u00eatre\",\"url\":\"https:\/\/talivera.fr\/actualites\/\",\"logo\":{\"@type\":\"ImageObject\",\"inLanguage\":\"fr-FR\",\"@id\":\"https:\/\/talivera.fr\/actualites\/#\/schema\/logo\/image\/\",\"url\":\"https:\/\/talivera.fr\/actualites\/wp-content\/uploads\/2022\/06\/cropped-cropped-TALI-Logo-fond-blanc-SS-220513.png\",\"contentUrl\":\"https:\/\/talivera.fr\/actualites\/wp-content\/uploads\/2022\/06\/cropped-cropped-TALI-Logo-fond-blanc-SS-220513.png\",\"width\":760,\"height\":272,\"caption\":\"Culture Bien-\u00eatre\"},\"image\":{\"@id\":\"https:\/\/talivera.fr\/actualites\/#\/schema\/logo\/image\/\"}},{\"@type\":\"Person\",\"@id\":\"https:\/\/talivera.fr\/actualites\/#\/schema\/person\/6f7da364c6dd2c35a1268d64d87d2133\",\"name\":\"talivera\",\"image\":{\"@type\":\"ImageObject\",\"inLanguage\":\"fr-FR\",\"@id\":\"https:\/\/talivera.fr\/actualites\/#\/schema\/person\/image\/\",\"url\":\"https:\/\/secure.gravatar.com\/avatar\/9cc99a2be3b13f52ccf55b39d3952bc77029d605431f7c7570ce9a2963513de9?s=96&d=mm&r=g\",\"contentUrl\":\"https:\/\/secure.gravatar.com\/avatar\/9cc99a2be3b13f52ccf55b39d3952bc77029d605431f7c7570ce9a2963513de9?s=96&d=mm&r=g\",\"caption\":\"talivera\"},\"sameAs\":[\"https:\/\/talivera.fr\",\"https:\/\/www.facebook.com\/sortirdecouvrir\/\",\"https:\/\/www.instagram.com\/talivera_\/?hl=fr\",\"https:\/\/x.com\/https:\/\/twitter.com\/talivera_\"],\"url\":\"https:\/\/talivera.fr\/actualites\/author\/talivera\/\"}]}<\/script>\n<!-- \/ Yoast SEO plugin. -->","yoast_head_json":{"title":"Zoom artiste : Camille Claudel - Culture Bien-\u00eatre","robots":{"index":"index","follow":"follow","max-snippet":"max-snippet:-1","max-image-preview":"max-image-preview:large","max-video-preview":"max-video-preview:-1"},"canonical":"https:\/\/talivera.fr\/actualites\/zoom-artiste-camille-claudel\/","og_locale":"fr_FR","og_type":"article","og_title":"Zoom artiste : Camille Claudel - Culture Bien-\u00eatre","og_description":"Camille Claudel est une des rares artistes f\u00e9minines \u00e0 avoir percer dans la sculpture \u00e0 son \u00e9poque. Profond\u00e9ment passionn\u00e9e par son art, son envie de transmettre ses sentiments dans ses cr\u00e9ations a \u00e9t\u00e9 plus fort que tout. Si son \u00e9poque n&rsquo;a pas su lui rendre hommage et la condamnait \u00e0 l&rsquo;anonymat, les g\u00e9n\u00e9rations qui ont &hellip; Zoom artiste : Camille Claudel Lire la suite\u00a0\u00bb","og_url":"https:\/\/talivera.fr\/actualites\/zoom-artiste-camille-claudel\/","og_site_name":"Culture Bien-\u00eatre","article_author":"https:\/\/www.facebook.com\/sortirdecouvrir\/","article_published_time":"2021-02-20T08:09:39+00:00","article_modified_time":"2021-03-02T17:13:44+00:00","og_image":[{"width":1024,"height":405,"url":"https:\/\/talivera.fr\/actualites\/wp-content\/uploads\/2021\/02\/Sans-titre-6-1-1024x405.png","type":"image\/png"}],"author":"talivera","twitter_card":"summary_large_image","twitter_creator":"@https:\/\/twitter.com\/talivera_","twitter_misc":{"\u00c9crit par":"talivera","Dur\u00e9e de lecture estim\u00e9e":"4 minutes"},"schema":{"@context":"https:\/\/schema.org","@graph":[{"@type":"Article","@id":"https:\/\/talivera.fr\/actualites\/zoom-artiste-camille-claudel\/#article","isPartOf":{"@id":"https:\/\/talivera.fr\/actualites\/zoom-artiste-camille-claudel\/"},"author":{"name":"talivera","@id":"https:\/\/talivera.fr\/actualites\/#\/schema\/person\/6f7da364c6dd2c35a1268d64d87d2133"},"headline":"Zoom artiste : Camille Claudel","datePublished":"2021-02-20T08:09:39+00:00","dateModified":"2021-03-02T17:13:44+00:00","mainEntityOfPage":{"@id":"https:\/\/talivera.fr\/actualites\/zoom-artiste-camille-claudel\/"},"wordCount":750,"commentCount":0,"publisher":{"@id":"https:\/\/talivera.fr\/actualites\/#organization"},"image":{"@id":"https:\/\/talivera.fr\/actualites\/zoom-artiste-camille-claudel\/#primaryimage"},"thumbnailUrl":"https:\/\/talivera.fr\/actualites\/wp-content\/uploads\/2021\/02\/Sans-titre-6-1.png","articleSection":["Zoom artiste"],"inLanguage":"fr-FR","potentialAction":[{"@type":"CommentAction","name":"Comment","target":["https:\/\/talivera.fr\/actualites\/zoom-artiste-camille-claudel\/#respond"]}]},{"@type":"WebPage","@id":"https:\/\/talivera.fr\/actualites\/zoom-artiste-camille-claudel\/","url":"https:\/\/talivera.fr\/actualites\/zoom-artiste-camille-claudel\/","name":"Zoom artiste : Camille Claudel - Culture Bien-\u00eatre","isPartOf":{"@id":"https:\/\/talivera.fr\/actualites\/#website"},"primaryImageOfPage":{"@id":"https:\/\/talivera.fr\/actualites\/zoom-artiste-camille-claudel\/#primaryimage"},"image":{"@id":"https:\/\/talivera.fr\/actualites\/zoom-artiste-camille-claudel\/#primaryimage"},"thumbnailUrl":"https:\/\/talivera.fr\/actualites\/wp-content\/uploads\/2021\/02\/Sans-titre-6-1.png","datePublished":"2021-02-20T08:09:39+00:00","dateModified":"2021-03-02T17:13:44+00:00","breadcrumb":{"@id":"https:\/\/talivera.fr\/actualites\/zoom-artiste-camille-claudel\/#breadcrumb"},"inLanguage":"fr-FR","potentialAction":[{"@type":"ReadAction","target":["https:\/\/talivera.fr\/actualites\/zoom-artiste-camille-claudel\/"]}]},{"@type":"ImageObject","inLanguage":"fr-FR","@id":"https:\/\/talivera.fr\/actualites\/zoom-artiste-camille-claudel\/#primaryimage","url":"https:\/\/talivera.fr\/actualites\/wp-content\/uploads\/2021\/02\/Sans-titre-6-1.png","contentUrl":"https:\/\/talivera.fr\/actualites\/wp-content\/uploads\/2021\/02\/Sans-titre-6-1.png","width":1920,"height":760,"caption":"talivera-zoom-artiste-camille-claudel"},{"@type":"BreadcrumbList","@id":"https:\/\/talivera.fr\/actualites\/zoom-artiste-camille-claudel\/#breadcrumb","itemListElement":[{"@type":"ListItem","position":1,"name":"Home","item":"https:\/\/talivera.fr\/actualites\/"},{"@type":"ListItem","position":2,"name":"Zoom artiste : Camille Claudel"}]},{"@type":"WebSite","@id":"https:\/\/talivera.fr\/actualites\/#website","url":"https:\/\/talivera.fr\/actualites\/","name":"Culture Bien-\u00eatre","description":"Talivera, plus proche de la culture","publisher":{"@id":"https:\/\/talivera.fr\/actualites\/#organization"},"potentialAction":[{"@type":"SearchAction","target":{"@type":"EntryPoint","urlTemplate":"https:\/\/talivera.fr\/actualites\/?s={search_term_string}"},"query-input":{"@type":"PropertyValueSpecification","valueRequired":true,"valueName":"search_term_string"}}],"inLanguage":"fr-FR"},{"@type":"Organization","@id":"https:\/\/talivera.fr\/actualites\/#organization","name":"Culture Bien-\u00eatre","url":"https:\/\/talivera.fr\/actualites\/","logo":{"@type":"ImageObject","inLanguage":"fr-FR","@id":"https:\/\/talivera.fr\/actualites\/#\/schema\/logo\/image\/","url":"https:\/\/talivera.fr\/actualites\/wp-content\/uploads\/2022\/06\/cropped-cropped-TALI-Logo-fond-blanc-SS-220513.png","contentUrl":"https:\/\/talivera.fr\/actualites\/wp-content\/uploads\/2022\/06\/cropped-cropped-TALI-Logo-fond-blanc-SS-220513.png","width":760,"height":272,"caption":"Culture Bien-\u00eatre"},"image":{"@id":"https:\/\/talivera.fr\/actualites\/#\/schema\/logo\/image\/"}},{"@type":"Person","@id":"https:\/\/talivera.fr\/actualites\/#\/schema\/person\/6f7da364c6dd2c35a1268d64d87d2133","name":"talivera","image":{"@type":"ImageObject","inLanguage":"fr-FR","@id":"https:\/\/talivera.fr\/actualites\/#\/schema\/person\/image\/","url":"https:\/\/secure.gravatar.com\/avatar\/9cc99a2be3b13f52ccf55b39d3952bc77029d605431f7c7570ce9a2963513de9?s=96&d=mm&r=g","contentUrl":"https:\/\/secure.gravatar.com\/avatar\/9cc99a2be3b13f52ccf55b39d3952bc77029d605431f7c7570ce9a2963513de9?s=96&d=mm&r=g","caption":"talivera"},"sameAs":["https:\/\/talivera.fr","https:\/\/www.facebook.com\/sortirdecouvrir\/","https:\/\/www.instagram.com\/talivera_\/?hl=fr","https:\/\/x.com\/https:\/\/twitter.com\/talivera_"],"url":"https:\/\/talivera.fr\/actualites\/author\/talivera\/"}]}},"jetpack_featured_media_url":"https:\/\/talivera.fr\/actualites\/wp-content\/uploads\/2021\/02\/Sans-titre-6-1.png","jetpack_sharing_enabled":true,"_links":{"self":[{"href":"https:\/\/talivera.fr\/actualites\/wp-json\/wp\/v2\/posts\/5227","targetHints":{"allow":["GET"]}}],"collection":[{"href":"https:\/\/talivera.fr\/actualites\/wp-json\/wp\/v2\/posts"}],"about":[{"href":"https:\/\/talivera.fr\/actualites\/wp-json\/wp\/v2\/types\/post"}],"author":[{"embeddable":true,"href":"https:\/\/talivera.fr\/actualites\/wp-json\/wp\/v2\/users\/1"}],"replies":[{"embeddable":true,"href":"https:\/\/talivera.fr\/actualites\/wp-json\/wp\/v2\/comments?post=5227"}],"version-history":[{"count":15,"href":"https:\/\/talivera.fr\/actualites\/wp-json\/wp\/v2\/posts\/5227\/revisions"}],"predecessor-version":[{"id":5363,"href":"https:\/\/talivera.fr\/actualites\/wp-json\/wp\/v2\/posts\/5227\/revisions\/5363"}],"wp:featuredmedia":[{"embeddable":true,"href":"https:\/\/talivera.fr\/actualites\/wp-json\/wp\/v2\/media\/5284"}],"wp:attachment":[{"href":"https:\/\/talivera.fr\/actualites\/wp-json\/wp\/v2\/media?parent=5227"}],"wp:term":[{"taxonomy":"category","embeddable":true,"href":"https:\/\/talivera.fr\/actualites\/wp-json\/wp\/v2\/categories?post=5227"},{"taxonomy":"post_tag","embeddable":true,"href":"https:\/\/talivera.fr\/actualites\/wp-json\/wp\/v2\/tags?post=5227"}],"curies":[{"name":"wp","href":"https:\/\/api.w.org\/{rel}","templated":true}]}}