{"id":426,"date":"2019-08-26T14:09:24","date_gmt":"2019-08-26T12:09:24","guid":{"rendered":"https:\/\/talivera.fr\/actualites\/?p=426"},"modified":"2019-08-27T12:12:37","modified_gmt":"2019-08-27T10:12:37","slug":"le-bronx-des-annees-60-par-francis-huster","status":"publish","type":"post","link":"https:\/\/talivera.fr\/actualites\/le-bronx-des-annees-60-par-francis-huster\/","title":{"rendered":"Francis HUSTER dans le Bronx des ann\u00e9es 60"},"content":{"rendered":"\n<p class=\"has-medium-font-size\">TALIVERA vous propose de vous \u00e9chapper loin des sentiers battus et de plonger dans le Bronx des ann\u00e9es 60, \u00e0 l&rsquo;occasion de la pr\u00e9sentation de la pi\u00e8ce <em>Bronx <\/em>de Chazz PELMINTERI au Th\u00e9\u00e2tre Libre. <\/p>\n\n\n\n<p class=\"has-medium-font-size\"><strong>Une pi\u00e8ce dans un quartier charg\u00e9 d&rsquo;histoire <\/strong><\/p>\n\n\n\n<p class=\"has-background has-very-light-gray-background-color\">Peupl\u00e9 aujourd\u2019hui de ses 1.5 millions d\u2019habitants, le Bronx regroupe \u00e0 lui seul plus de la moiti\u00e9 des habitants de Paris. Situ\u00e9 au nord de la ville de New York, ce <em>district <\/em>doit son nom \u00e0 Jonas Bronck qui le colonisa au d\u00e9but du XVII\u00e8me si\u00e8cle. <\/p>\n\n\n\n<p class=\"has-background has-very-light-gray-background-color\">Si c\u2019est un su\u00e9dois qui a donn\u00e9 \u00e0 cette ville am\u00e9ricaine son nom, <strong>l\u2019histoire cosmopolite<\/strong> du lieu ne s\u2019arr\u00eate pas l\u00e0. Au XIX\u00e8me, alors que la ville est encore hollandaise arrivent des vagues d\u2019immigration d\u2019irlandais et d\u2019italiens protestants. Ce sont pr\u00e9cis\u00e9ment ces arriv\u00e9es d&rsquo;\u00e9trangers qui conf\u00e8rent au quartier sa <strong>dimension cosmopolite<\/strong> et<strong> multi religieuse<\/strong> qui lui est attribu\u00e9e aujourd\u2019hui. <\/p>\n\n\n\n<p class=\"has-background has-very-light-gray-background-color\">De ces vagues d\u2019immigrants italiens d\u00e9coulent les <em>Cinq Familles, <\/em>\u00e0 l\u2019initiative des <strong>crimes organis\u00e9s<\/strong> et qui forment une <strong>organisation mafieuse<\/strong> tr\u00e8s particuli\u00e8re. <\/p>\n\n\n<p><!--StartFragment--><\/p>\n\n\n<div class=\"wp-block-image\"><figure class=\"aligncenter is-resized\"><img loading=\"lazy\" decoding=\"async\" src=\"https:\/\/talivera.fr\/actualites\/wp-content\/uploads\/2019\/06\/bronx-167913_960_720.jpg\" alt=\"\" class=\"wp-image-429\" width=\"441\" height=\"331\" srcset=\"https:\/\/talivera.fr\/actualites\/wp-content\/uploads\/2019\/06\/bronx-167913_960_720.jpg 960w, https:\/\/talivera.fr\/actualites\/wp-content\/uploads\/2019\/06\/bronx-167913_960_720-300x225.jpg 300w, https:\/\/talivera.fr\/actualites\/wp-content\/uploads\/2019\/06\/bronx-167913_960_720-768x576.jpg 768w\" sizes=\"auto, (max-width: 441px) 100vw, 441px\" \/><figcaption><em>Le Bronx aujourd&rsquo;hui depuis les rails du train <\/em><\/figcaption><\/figure><\/div>\n\n\n<p><!--EndFragment--><\/p>\n\n\n<p class=\"has-medium-font-size\"><strong>Une intrigue extraordinaire pour un gar\u00e7on ordinaire <\/strong><\/p>\n\n\n\n<p class=\"has-background has-very-light-gray-background-color\">C\u2019est dans ce <strong>milieu extraordinaire<\/strong> qu\u2019\u00e9volue le jeune Cologio, au sein d\u2019une <strong>famille on ne peut plus ordinaire<\/strong>, dont le p\u00e8re, chauffeur d\u2019autobus tente de prot\u00e9ger son fils des malfaiteurs. <\/p>\n\n\n\n<p class=\"has-background has-very-light-gray-background-color\">T\u00e9moin d\u2019un meurtre contre son gr\u00e9,\nce dernier sera pris sous l\u2019aile du meurtrier Sunny \u00e0 la seule condition qu\u2019il\ntaise l\u2019affaire \u00e0 la police. <\/p>\n\n\n\n<p class=\"has-medium-font-size\"><strong>Francis HUSTER dans la peau de plusieurs personnages <\/strong><\/p>\n\n\n\n<p class=\"has-background has-very-light-gray-background-color\">Situ\u00e9e dans les ann\u00e9es 60, cette \u00ab\u00a0<em>histoire poignante<\/em>\u00a0\u00bb (DIRECT MATIN) est interpr\u00e9t\u00e9e par <strong>Francis HUSTER<\/strong> seul en sc\u00e8ne. C&rsquo;est une intrigue d\u2019autant plus prenante qu\u2019elle aborde des th\u00e8mes li\u00e9s \u00e0 l\u2019enfance, l\u2019\u00e9ducation et la question des valeurs. Une performance d&rsquo;acteur incroyable, c\u2019est avec brio que Francis Huster interpr\u00e8te la panoplie des personnages qui composent l\u2019intrigue. <\/p>\n\n\n\n<p><\/p>\n\n\n\n<p class=\"has-medium-font-size\"><strong>La dimension autobiographique de la pi\u00e8ce <\/strong><\/p>\n\n\n\n<p class=\"has-background has-very-light-gray-background-color\">Charg\u00e9e d&rsquo;une dimension autobiographique, cette pi\u00e8ce a conduit \u00e0 la r\u00e9alisation du film <em>Il \u00e9tait une fois le Bronx<\/em>. <strong>Am\u00e9ricain d&rsquo;origine sicilienne<\/strong>, qui de mieux que Chazz PELMINTERI pour nous emmener dans l&rsquo;univers mafieux des ann\u00e9es 60 ?<\/p>\n\n\n\n<div class=\"wp-block-image\"><figure class=\"aligncenter is-resized\"><img loading=\"lazy\" decoding=\"async\" src=\"https:\/\/talivera.fr\/actualites\/wp-content\/uploads\/2019\/06\/CP.jpg\" alt=\"\" class=\"wp-image-441\" width=\"223\" height=\"301\"\/><figcaption><em>Chazz PELMINTERI <\/em><\/figcaption><\/figure><\/div>\n\n\n\n<p><\/p>\n\n\n\n<p style=\"background-color:#4c458d;color:#fffcfc\" class=\"has-text-color has-background\"><a href=\"https:\/\/talivera.fr\/theatre\/bronx-a85\">Cliquez ici pour r\u00e9server votre soir\u00e9e th\u00e9\u00e2tre \u00ab\u00a0Bronx\u00a0\u00bb avec Talivera <\/a><\/p>\n\n\n\n<p style=\"background-color:#4c458d;color:#fffcfc\" class=\"has-text-color has-background\">Restons connect\u00e9s, rejoignez-nous sur&nbsp;<strong><a href=\"https:\/\/www.instagram.com\/talivera_\/?hl=fr\">Instagram<\/a><\/strong>&nbsp;et&nbsp;<strong><a href=\"https:\/\/www.facebook.com\/sortirdecouvrir\/\">Facebook<\/a><\/strong>&nbsp;\ud83d\ude03<\/p>\n","protected":false},"excerpt":{"rendered":"<p>TALIVERA vous propose de vous \u00e9chapper loin des sentiers battus et de plonger dans le Bronx des ann\u00e9es 60, \u00e0 l&rsquo;occasion de la pr\u00e9sentation de la pi\u00e8ce Bronx de Chazz PELMINTERI au Th\u00e9\u00e2tre Libre. Une pi\u00e8ce dans un quartier charg\u00e9 d&rsquo;histoire Peupl\u00e9 aujourd\u2019hui de ses 1.5 millions d\u2019habitants, le Bronx regroupe \u00e0 lui seul plus &hellip;<\/p>\n<p class=\"read-more\"> <a class=\"\" href=\"https:\/\/talivera.fr\/actualites\/le-bronx-des-annees-60-par-francis-huster\/\"> <span class=\"screen-reader-text\">Francis HUSTER dans le Bronx des ann\u00e9es 60<\/span> Lire la suite\u00a0\u00bb<\/a><\/p>\n","protected":false},"author":1,"featured_media":433,"comment_status":"open","ping_status":"open","sticky":false,"template":"","format":"standard","meta":{"_jetpack_memberships_contains_paid_content":false,"footnotes":""},"categories":[6],"tags":[34],"class_list":["post-426","post","type-post","status-publish","format-standard","has-post-thumbnail","hentry","category-theatre","tag-theatre"],"yoast_head":"<!-- This site is optimized with the Yoast SEO plugin v24.9 - https:\/\/yoast.com\/wordpress\/plugins\/seo\/ -->\n<title>Francis HUSTER dans le Bronx des ann\u00e9es 60 - Culture Bien-\u00eatre<\/title>\n<meta name=\"robots\" content=\"index, follow, max-snippet:-1, max-image-preview:large, max-video-preview:-1\" \/>\n<link rel=\"canonical\" href=\"https:\/\/talivera.fr\/actualites\/le-bronx-des-annees-60-par-francis-huster\/\" \/>\n<meta property=\"og:locale\" content=\"fr_FR\" \/>\n<meta property=\"og:type\" content=\"article\" \/>\n<meta property=\"og:title\" content=\"Francis HUSTER dans le Bronx des ann\u00e9es 60 - Culture Bien-\u00eatre\" \/>\n<meta property=\"og:description\" content=\"TALIVERA vous propose de vous \u00e9chapper loin des sentiers battus et de plonger dans le Bronx des ann\u00e9es 60, \u00e0 l&rsquo;occasion de la pr\u00e9sentation de la pi\u00e8ce Bronx de Chazz PELMINTERI au Th\u00e9\u00e2tre Libre. Une pi\u00e8ce dans un quartier charg\u00e9 d&rsquo;histoire Peupl\u00e9 aujourd\u2019hui de ses 1.5 millions d\u2019habitants, le Bronx regroupe \u00e0 lui seul plus &hellip; Francis HUSTER dans le Bronx des ann\u00e9es 60 Lire la suite\u00a0\u00bb\" \/>\n<meta property=\"og:url\" content=\"https:\/\/talivera.fr\/actualites\/le-bronx-des-annees-60-par-francis-huster\/\" \/>\n<meta property=\"og:site_name\" content=\"Culture Bien-\u00eatre\" \/>\n<meta property=\"article:author\" content=\"https:\/\/www.facebook.com\/sortirdecouvrir\/\" \/>\n<meta property=\"article:published_time\" content=\"2019-08-26T12:09:24+00:00\" \/>\n<meta property=\"article:modified_time\" content=\"2019-08-27T10:12:37+00:00\" \/>\n<meta property=\"og:image\" content=\"https:\/\/talivera.fr\/actualites\/wp-content\/uploads\/2019\/06\/FHH.jpg\" \/>\n\t<meta property=\"og:image:width\" content=\"1120\" \/>\n\t<meta property=\"og:image:height\" content=\"630\" \/>\n\t<meta property=\"og:image:type\" content=\"image\/jpeg\" \/>\n<meta name=\"author\" content=\"talivera\" \/>\n<meta name=\"twitter:card\" content=\"summary_large_image\" \/>\n<meta name=\"twitter:creator\" content=\"@https:\/\/twitter.com\/talivera_\" \/>\n<meta name=\"twitter:label1\" content=\"\u00c9crit par\" \/>\n\t<meta name=\"twitter:data1\" content=\"talivera\" \/>\n\t<meta name=\"twitter:label2\" content=\"Dur\u00e9e de lecture estim\u00e9e\" \/>\n\t<meta name=\"twitter:data2\" content=\"2 minutes\" \/>\n<script type=\"application\/ld+json\" class=\"yoast-schema-graph\">{\"@context\":\"https:\/\/schema.org\",\"@graph\":[{\"@type\":\"Article\",\"@id\":\"https:\/\/talivera.fr\/actualites\/le-bronx-des-annees-60-par-francis-huster\/#article\",\"isPartOf\":{\"@id\":\"https:\/\/talivera.fr\/actualites\/le-bronx-des-annees-60-par-francis-huster\/\"},\"author\":{\"name\":\"talivera\",\"@id\":\"https:\/\/talivera.fr\/actualites\/#\/schema\/person\/6f7da364c6dd2c35a1268d64d87d2133\"},\"headline\":\"Francis HUSTER dans le Bronx des ann\u00e9es 60\",\"datePublished\":\"2019-08-26T12:09:24+00:00\",\"dateModified\":\"2019-08-27T10:12:37+00:00\",\"mainEntityOfPage\":{\"@id\":\"https:\/\/talivera.fr\/actualites\/le-bronx-des-annees-60-par-francis-huster\/\"},\"wordCount\":431,\"commentCount\":1,\"publisher\":{\"@id\":\"https:\/\/talivera.fr\/actualites\/#organization\"},\"image\":{\"@id\":\"https:\/\/talivera.fr\/actualites\/le-bronx-des-annees-60-par-francis-huster\/#primaryimage\"},\"thumbnailUrl\":\"https:\/\/talivera.fr\/actualites\/wp-content\/uploads\/2019\/06\/FHH.jpg\",\"keywords\":[\"Th\u00e9\u00e2tre\"],\"articleSection\":[\"Th\u00e9\u00e2tre\"],\"inLanguage\":\"fr-FR\",\"potentialAction\":[{\"@type\":\"CommentAction\",\"name\":\"Comment\",\"target\":[\"https:\/\/talivera.fr\/actualites\/le-bronx-des-annees-60-par-francis-huster\/#respond\"]}]},{\"@type\":\"WebPage\",\"@id\":\"https:\/\/talivera.fr\/actualites\/le-bronx-des-annees-60-par-francis-huster\/\",\"url\":\"https:\/\/talivera.fr\/actualites\/le-bronx-des-annees-60-par-francis-huster\/\",\"name\":\"Francis HUSTER dans le Bronx des ann\u00e9es 60 - Culture Bien-\u00eatre\",\"isPartOf\":{\"@id\":\"https:\/\/talivera.fr\/actualites\/#website\"},\"primaryImageOfPage\":{\"@id\":\"https:\/\/talivera.fr\/actualites\/le-bronx-des-annees-60-par-francis-huster\/#primaryimage\"},\"image\":{\"@id\":\"https:\/\/talivera.fr\/actualites\/le-bronx-des-annees-60-par-francis-huster\/#primaryimage\"},\"thumbnailUrl\":\"https:\/\/talivera.fr\/actualites\/wp-content\/uploads\/2019\/06\/FHH.jpg\",\"datePublished\":\"2019-08-26T12:09:24+00:00\",\"dateModified\":\"2019-08-27T10:12:37+00:00\",\"breadcrumb\":{\"@id\":\"https:\/\/talivera.fr\/actualites\/le-bronx-des-annees-60-par-francis-huster\/#breadcrumb\"},\"inLanguage\":\"fr-FR\",\"potentialAction\":[{\"@type\":\"ReadAction\",\"target\":[\"https:\/\/talivera.fr\/actualites\/le-bronx-des-annees-60-par-francis-huster\/\"]}]},{\"@type\":\"ImageObject\",\"inLanguage\":\"fr-FR\",\"@id\":\"https:\/\/talivera.fr\/actualites\/le-bronx-des-annees-60-par-francis-huster\/#primaryimage\",\"url\":\"https:\/\/talivera.fr\/actualites\/wp-content\/uploads\/2019\/06\/FHH.jpg\",\"contentUrl\":\"https:\/\/talivera.fr\/actualites\/wp-content\/uploads\/2019\/06\/FHH.jpg\",\"width\":1120,\"height\":630},{\"@type\":\"BreadcrumbList\",\"@id\":\"https:\/\/talivera.fr\/actualites\/le-bronx-des-annees-60-par-francis-huster\/#breadcrumb\",\"itemListElement\":[{\"@type\":\"ListItem\",\"position\":1,\"name\":\"Home\",\"item\":\"https:\/\/talivera.fr\/actualites\/\"},{\"@type\":\"ListItem\",\"position\":2,\"name\":\"Francis HUSTER dans le Bronx des ann\u00e9es 60\"}]},{\"@type\":\"WebSite\",\"@id\":\"https:\/\/talivera.fr\/actualites\/#website\",\"url\":\"https:\/\/talivera.fr\/actualites\/\",\"name\":\"Culture Bien-\u00eatre\",\"description\":\"Talivera, plus proche de la culture\",\"publisher\":{\"@id\":\"https:\/\/talivera.fr\/actualites\/#organization\"},\"potentialAction\":[{\"@type\":\"SearchAction\",\"target\":{\"@type\":\"EntryPoint\",\"urlTemplate\":\"https:\/\/talivera.fr\/actualites\/?s={search_term_string}\"},\"query-input\":{\"@type\":\"PropertyValueSpecification\",\"valueRequired\":true,\"valueName\":\"search_term_string\"}}],\"inLanguage\":\"fr-FR\"},{\"@type\":\"Organization\",\"@id\":\"https:\/\/talivera.fr\/actualites\/#organization\",\"name\":\"Culture Bien-\u00eatre\",\"url\":\"https:\/\/talivera.fr\/actualites\/\",\"logo\":{\"@type\":\"ImageObject\",\"inLanguage\":\"fr-FR\",\"@id\":\"https:\/\/talivera.fr\/actualites\/#\/schema\/logo\/image\/\",\"url\":\"https:\/\/talivera.fr\/actualites\/wp-content\/uploads\/2022\/06\/cropped-cropped-TALI-Logo-fond-blanc-SS-220513.png\",\"contentUrl\":\"https:\/\/talivera.fr\/actualites\/wp-content\/uploads\/2022\/06\/cropped-cropped-TALI-Logo-fond-blanc-SS-220513.png\",\"width\":760,\"height\":272,\"caption\":\"Culture Bien-\u00eatre\"},\"image\":{\"@id\":\"https:\/\/talivera.fr\/actualites\/#\/schema\/logo\/image\/\"}},{\"@type\":\"Person\",\"@id\":\"https:\/\/talivera.fr\/actualites\/#\/schema\/person\/6f7da364c6dd2c35a1268d64d87d2133\",\"name\":\"talivera\",\"image\":{\"@type\":\"ImageObject\",\"inLanguage\":\"fr-FR\",\"@id\":\"https:\/\/talivera.fr\/actualites\/#\/schema\/person\/image\/\",\"url\":\"https:\/\/secure.gravatar.com\/avatar\/9cc99a2be3b13f52ccf55b39d3952bc77029d605431f7c7570ce9a2963513de9?s=96&d=mm&r=g\",\"contentUrl\":\"https:\/\/secure.gravatar.com\/avatar\/9cc99a2be3b13f52ccf55b39d3952bc77029d605431f7c7570ce9a2963513de9?s=96&d=mm&r=g\",\"caption\":\"talivera\"},\"sameAs\":[\"https:\/\/talivera.fr\",\"https:\/\/www.facebook.com\/sortirdecouvrir\/\",\"https:\/\/www.instagram.com\/talivera_\/?hl=fr\",\"https:\/\/x.com\/https:\/\/twitter.com\/talivera_\"],\"url\":\"https:\/\/talivera.fr\/actualites\/author\/talivera\/\"}]}<\/script>\n<!-- \/ Yoast SEO plugin. -->","yoast_head_json":{"title":"Francis HUSTER dans le Bronx des ann\u00e9es 60 - Culture Bien-\u00eatre","robots":{"index":"index","follow":"follow","max-snippet":"max-snippet:-1","max-image-preview":"max-image-preview:large","max-video-preview":"max-video-preview:-1"},"canonical":"https:\/\/talivera.fr\/actualites\/le-bronx-des-annees-60-par-francis-huster\/","og_locale":"fr_FR","og_type":"article","og_title":"Francis HUSTER dans le Bronx des ann\u00e9es 60 - Culture Bien-\u00eatre","og_description":"TALIVERA vous propose de vous \u00e9chapper loin des sentiers battus et de plonger dans le Bronx des ann\u00e9es 60, \u00e0 l&rsquo;occasion de la pr\u00e9sentation de la pi\u00e8ce Bronx de Chazz PELMINTERI au Th\u00e9\u00e2tre Libre. Une pi\u00e8ce dans un quartier charg\u00e9 d&rsquo;histoire Peupl\u00e9 aujourd\u2019hui de ses 1.5 millions d\u2019habitants, le Bronx regroupe \u00e0 lui seul plus &hellip; Francis HUSTER dans le Bronx des ann\u00e9es 60 Lire la suite\u00a0\u00bb","og_url":"https:\/\/talivera.fr\/actualites\/le-bronx-des-annees-60-par-francis-huster\/","og_site_name":"Culture Bien-\u00eatre","article_author":"https:\/\/www.facebook.com\/sortirdecouvrir\/","article_published_time":"2019-08-26T12:09:24+00:00","article_modified_time":"2019-08-27T10:12:37+00:00","og_image":[{"width":1120,"height":630,"url":"https:\/\/talivera.fr\/actualites\/wp-content\/uploads\/2019\/06\/FHH.jpg","type":"image\/jpeg"}],"author":"talivera","twitter_card":"summary_large_image","twitter_creator":"@https:\/\/twitter.com\/talivera_","twitter_misc":{"\u00c9crit par":"talivera","Dur\u00e9e de lecture estim\u00e9e":"2 minutes"},"schema":{"@context":"https:\/\/schema.org","@graph":[{"@type":"Article","@id":"https:\/\/talivera.fr\/actualites\/le-bronx-des-annees-60-par-francis-huster\/#article","isPartOf":{"@id":"https:\/\/talivera.fr\/actualites\/le-bronx-des-annees-60-par-francis-huster\/"},"author":{"name":"talivera","@id":"https:\/\/talivera.fr\/actualites\/#\/schema\/person\/6f7da364c6dd2c35a1268d64d87d2133"},"headline":"Francis HUSTER dans le Bronx des ann\u00e9es 60","datePublished":"2019-08-26T12:09:24+00:00","dateModified":"2019-08-27T10:12:37+00:00","mainEntityOfPage":{"@id":"https:\/\/talivera.fr\/actualites\/le-bronx-des-annees-60-par-francis-huster\/"},"wordCount":431,"commentCount":1,"publisher":{"@id":"https:\/\/talivera.fr\/actualites\/#organization"},"image":{"@id":"https:\/\/talivera.fr\/actualites\/le-bronx-des-annees-60-par-francis-huster\/#primaryimage"},"thumbnailUrl":"https:\/\/talivera.fr\/actualites\/wp-content\/uploads\/2019\/06\/FHH.jpg","keywords":["Th\u00e9\u00e2tre"],"articleSection":["Th\u00e9\u00e2tre"],"inLanguage":"fr-FR","potentialAction":[{"@type":"CommentAction","name":"Comment","target":["https:\/\/talivera.fr\/actualites\/le-bronx-des-annees-60-par-francis-huster\/#respond"]}]},{"@type":"WebPage","@id":"https:\/\/talivera.fr\/actualites\/le-bronx-des-annees-60-par-francis-huster\/","url":"https:\/\/talivera.fr\/actualites\/le-bronx-des-annees-60-par-francis-huster\/","name":"Francis HUSTER dans le Bronx des ann\u00e9es 60 - Culture Bien-\u00eatre","isPartOf":{"@id":"https:\/\/talivera.fr\/actualites\/#website"},"primaryImageOfPage":{"@id":"https:\/\/talivera.fr\/actualites\/le-bronx-des-annees-60-par-francis-huster\/#primaryimage"},"image":{"@id":"https:\/\/talivera.fr\/actualites\/le-bronx-des-annees-60-par-francis-huster\/#primaryimage"},"thumbnailUrl":"https:\/\/talivera.fr\/actualites\/wp-content\/uploads\/2019\/06\/FHH.jpg","datePublished":"2019-08-26T12:09:24+00:00","dateModified":"2019-08-27T10:12:37+00:00","breadcrumb":{"@id":"https:\/\/talivera.fr\/actualites\/le-bronx-des-annees-60-par-francis-huster\/#breadcrumb"},"inLanguage":"fr-FR","potentialAction":[{"@type":"ReadAction","target":["https:\/\/talivera.fr\/actualites\/le-bronx-des-annees-60-par-francis-huster\/"]}]},{"@type":"ImageObject","inLanguage":"fr-FR","@id":"https:\/\/talivera.fr\/actualites\/le-bronx-des-annees-60-par-francis-huster\/#primaryimage","url":"https:\/\/talivera.fr\/actualites\/wp-content\/uploads\/2019\/06\/FHH.jpg","contentUrl":"https:\/\/talivera.fr\/actualites\/wp-content\/uploads\/2019\/06\/FHH.jpg","width":1120,"height":630},{"@type":"BreadcrumbList","@id":"https:\/\/talivera.fr\/actualites\/le-bronx-des-annees-60-par-francis-huster\/#breadcrumb","itemListElement":[{"@type":"ListItem","position":1,"name":"Home","item":"https:\/\/talivera.fr\/actualites\/"},{"@type":"ListItem","position":2,"name":"Francis HUSTER dans le Bronx des ann\u00e9es 60"}]},{"@type":"WebSite","@id":"https:\/\/talivera.fr\/actualites\/#website","url":"https:\/\/talivera.fr\/actualites\/","name":"Culture Bien-\u00eatre","description":"Talivera, plus proche de la culture","publisher":{"@id":"https:\/\/talivera.fr\/actualites\/#organization"},"potentialAction":[{"@type":"SearchAction","target":{"@type":"EntryPoint","urlTemplate":"https:\/\/talivera.fr\/actualites\/?s={search_term_string}"},"query-input":{"@type":"PropertyValueSpecification","valueRequired":true,"valueName":"search_term_string"}}],"inLanguage":"fr-FR"},{"@type":"Organization","@id":"https:\/\/talivera.fr\/actualites\/#organization","name":"Culture Bien-\u00eatre","url":"https:\/\/talivera.fr\/actualites\/","logo":{"@type":"ImageObject","inLanguage":"fr-FR","@id":"https:\/\/talivera.fr\/actualites\/#\/schema\/logo\/image\/","url":"https:\/\/talivera.fr\/actualites\/wp-content\/uploads\/2022\/06\/cropped-cropped-TALI-Logo-fond-blanc-SS-220513.png","contentUrl":"https:\/\/talivera.fr\/actualites\/wp-content\/uploads\/2022\/06\/cropped-cropped-TALI-Logo-fond-blanc-SS-220513.png","width":760,"height":272,"caption":"Culture Bien-\u00eatre"},"image":{"@id":"https:\/\/talivera.fr\/actualites\/#\/schema\/logo\/image\/"}},{"@type":"Person","@id":"https:\/\/talivera.fr\/actualites\/#\/schema\/person\/6f7da364c6dd2c35a1268d64d87d2133","name":"talivera","image":{"@type":"ImageObject","inLanguage":"fr-FR","@id":"https:\/\/talivera.fr\/actualites\/#\/schema\/person\/image\/","url":"https:\/\/secure.gravatar.com\/avatar\/9cc99a2be3b13f52ccf55b39d3952bc77029d605431f7c7570ce9a2963513de9?s=96&d=mm&r=g","contentUrl":"https:\/\/secure.gravatar.com\/avatar\/9cc99a2be3b13f52ccf55b39d3952bc77029d605431f7c7570ce9a2963513de9?s=96&d=mm&r=g","caption":"talivera"},"sameAs":["https:\/\/talivera.fr","https:\/\/www.facebook.com\/sortirdecouvrir\/","https:\/\/www.instagram.com\/talivera_\/?hl=fr","https:\/\/x.com\/https:\/\/twitter.com\/talivera_"],"url":"https:\/\/talivera.fr\/actualites\/author\/talivera\/"}]}},"jetpack_featured_media_url":"https:\/\/talivera.fr\/actualites\/wp-content\/uploads\/2019\/06\/FHH.jpg","jetpack_sharing_enabled":true,"_links":{"self":[{"href":"https:\/\/talivera.fr\/actualites\/wp-json\/wp\/v2\/posts\/426","targetHints":{"allow":["GET"]}}],"collection":[{"href":"https:\/\/talivera.fr\/actualites\/wp-json\/wp\/v2\/posts"}],"about":[{"href":"https:\/\/talivera.fr\/actualites\/wp-json\/wp\/v2\/types\/post"}],"author":[{"embeddable":true,"href":"https:\/\/talivera.fr\/actualites\/wp-json\/wp\/v2\/users\/1"}],"replies":[{"embeddable":true,"href":"https:\/\/talivera.fr\/actualites\/wp-json\/wp\/v2\/comments?post=426"}],"version-history":[{"count":14,"href":"https:\/\/talivera.fr\/actualites\/wp-json\/wp\/v2\/posts\/426\/revisions"}],"predecessor-version":[{"id":2099,"href":"https:\/\/talivera.fr\/actualites\/wp-json\/wp\/v2\/posts\/426\/revisions\/2099"}],"wp:featuredmedia":[{"embeddable":true,"href":"https:\/\/talivera.fr\/actualites\/wp-json\/wp\/v2\/media\/433"}],"wp:attachment":[{"href":"https:\/\/talivera.fr\/actualites\/wp-json\/wp\/v2\/media?parent=426"}],"wp:term":[{"taxonomy":"category","embeddable":true,"href":"https:\/\/talivera.fr\/actualites\/wp-json\/wp\/v2\/categories?post=426"},{"taxonomy":"post_tag","embeddable":true,"href":"https:\/\/talivera.fr\/actualites\/wp-json\/wp\/v2\/tags?post=426"}],"curies":[{"name":"wp","href":"https:\/\/api.w.org\/{rel}","templated":true}]}}