{"id":309,"date":"2019-05-22T14:21:04","date_gmt":"2019-05-22T12:21:04","guid":{"rendered":"https:\/\/talivera.fr\/actualites\/?p=309"},"modified":"2019-06-03T11:46:23","modified_gmt":"2019-06-03T09:46:23","slug":"presentation-de-la-nouvelle-saison-du-theatre-du-rond-point-nous-y-etions","status":"publish","type":"post","link":"https:\/\/talivera.fr\/actualites\/presentation-de-la-nouvelle-saison-du-theatre-du-rond-point-nous-y-etions\/","title":{"rendered":"Pr\u00e9sentation de la nouvelle saison du th\u00e9\u00e2tre du Rond-Point, nous y \u00e9tions !"},"content":{"rendered":"\n<p><\/p>\n\n\n\n<h4 class=\"wp-block-heading\">Hier soir, nous avions l\u2019honneur d\u2019\u00eatre invit\u00e9s \u00e0 la pr\u00e9sentation de la saison 2019 \u2013 2020 du th\u00e9\u00e2tre\u00a0duRond-Point.\u00a0D\u00e8s notre arriv\u00e9e, la soir\u00e9e s\u2019annon\u00e7ait prometteuse gr\u00e2ce aux musiciens de <strong>CLAP Fanfare<\/strong>\u00a0qui nous ont accueilli avec rythme\u00a0! Nous avons ensuite pris place dans la magnifique salle Jean Tardieu,\u00a0o\u00f9 nous attendait sur sc\u00e8ne\u00a0<strong>Jean-Michel Ribes<\/strong>, \u00e0\u00a0la direction depuis 8 ans.\u00a0<\/h4>\n\n\n\n<div class=\"wp-block-image\"><figure class=\"aligncenter is-resized\"><img loading=\"lazy\" decoding=\"async\" src=\"https:\/\/talivera.fr\/actualites\/wp-content\/uploads\/2019\/05\/PRESENTATION-DE-SAISON_2019-2020_GCC_019-683x1024.jpg\" alt=\"\" class=\"wp-image-313\" width=\"230\" height=\"344\" srcset=\"https:\/\/talivera.fr\/actualites\/wp-content\/uploads\/2019\/05\/PRESENTATION-DE-SAISON_2019-2020_GCC_019-683x1024.jpg 683w, https:\/\/talivera.fr\/actualites\/wp-content\/uploads\/2019\/05\/PRESENTATION-DE-SAISON_2019-2020_GCC_019-200x300.jpg 200w, https:\/\/talivera.fr\/actualites\/wp-content\/uploads\/2019\/05\/PRESENTATION-DE-SAISON_2019-2020_GCC_019-768x1152.jpg 768w\" sizes=\"auto, (max-width: 230px) 100vw, 230px\" \/><figcaption>\u00a9Giovanni Cittadini<\/figcaption><\/figure><\/div>\n\n\n\n<h3 class=\"wp-block-heading\"><strong>\u00ab\u00a0Espaces Vacants\u00a0\u00bb, l\u2019art pour respirer \ud83c\udf43<\/strong><\/h3>\n\n\n\n<p class=\"has-background has-very-light-gray-background-color\">Avec Espaces Vacants le th\u00e9\u00e2tre du Rond-Point veut nous faire du bien&nbsp;! La programmation&nbsp;qualifi\u00e9e de&nbsp;<strong>f\u00e9roce et po\u00e9tique<\/strong> nous offre un lieu de r\u00e9union et de contemplation pour enfin souffler&nbsp;du trop plein d\u2019informations. Profond\u00e9ment engag\u00e9e, la saison affirme ses valeurs humanistes en faisant tr\u00f4ner sur ses planches des \u0153uvres passionn\u00e9es&nbsp;qui ne nous laisseront pas indiff\u00e9rents.<\/p>\n\n\n\n<h3 class=\"wp-block-heading\"><strong>La soir\u00e9e comme si vous y \u00e9tiez \ud83d\ude09<\/strong><\/h3>\n\n\n\n<p class=\"has-background has-very-light-gray-background-color\">Sur sc\u00e8ne les artistes se suivent aux c\u00f4t\u00e9s de Jean-Michel Ribes pour des moments de <strong>dr\u00f4lerie et d\u2019\u00e9motion<\/strong>. Dans les <strong>temps forts<\/strong> que nous retiendrons, il y aura l\u2019entr\u00e9e burlesque de Pierre Notte perch\u00e9 sur des talons aiguille, affubl\u00e9 de gants de boxe, en faisant du hula hoop\u00a0; les\u00a0m\u00eemes invraisemblables de pommes de terre offerts\u00a0par Patrick Robine et le discours touchant de Marie Payen.\u00a0<\/p>\n\n\n\n<figure class=\"wp-block-image is-resized\"><img loading=\"lazy\" decoding=\"async\" src=\"https:\/\/talivera.fr\/actualites\/wp-content\/uploads\/2019\/05\/PRESENTATION-DE-SAISON_2019-2020_GCC_092-1024x683.jpg\" alt=\"\" class=\"wp-image-314\" width=\"445\" height=\"296\" srcset=\"https:\/\/talivera.fr\/actualites\/wp-content\/uploads\/2019\/05\/PRESENTATION-DE-SAISON_2019-2020_GCC_092-1024x683.jpg 1024w, https:\/\/talivera.fr\/actualites\/wp-content\/uploads\/2019\/05\/PRESENTATION-DE-SAISON_2019-2020_GCC_092-300x200.jpg 300w, https:\/\/talivera.fr\/actualites\/wp-content\/uploads\/2019\/05\/PRESENTATION-DE-SAISON_2019-2020_GCC_092-768x512.jpg 768w\" sizes=\"auto, (max-width: 445px) 100vw, 445px\" \/><figcaption>\u00a9Giovanni Cittadini<\/figcaption><\/figure>\n\n\n\n<h3 class=\"wp-block-heading\"><strong>Nos coups de coeur&nbsp; \ud83e\udd29<\/strong><\/h3>\n\n\n\n<p class=\"has-background has-very-light-gray-background-color\"><em><strong>El Baile&nbsp;<\/strong>:&nbsp;<\/em>premier spectacle pr\u00e9sent\u00e9,&nbsp;premier amour&nbsp;! Comme son nom le laisse entendre, il s\u2019agit d\u2019un bal ib\u00e9rique tout droit venu d\u2019Argentine&nbsp;! Il promet un m\u00e9lange des&nbsp;styles de&nbsp;danses,&nbsp;mais aussi des genres, pour une r\u00e9trospective&nbsp;des 50 derni\u00e8res ann\u00e9es du pays.&nbsp;<\/p>\n\n\n\n<p class=\"has-background has-very-light-gray-background-color\"><em><strong>Comparution imm\u00e9diate<\/strong>&nbsp;: <\/em>immersion totale dans le syst\u00e8me judiciaire sous la plume de la journaliste Dominique Simonnot. L\u2019experte de la justice a&nbsp;d\u00e9j\u00e0 fait des parutions remarqu\u00e9es dans Lib\u00e9ration et le Canard Encha\u00een\u00e9,&nbsp;cette ann\u00e9e elle nous monte un spectacle de toutes pi\u00e8ces. Si&nbsp;elle n\u2019est jou\u00e9e que par un acteur, le rythme promet d\u2019\u00eatre sans r\u00e9pits, telle une v\u00e9ritable cours de justice&nbsp;!<\/p>\n\n\n\n<p class=\"has-background has-very-light-gray-background-color\"><em><strong>D\u00e9tails<\/strong>&nbsp;: <\/em>la nouvelle arriv\u00e9e de Lars Nor\u00e9n prendra place au Rond-Point avec en t\u00eate d\u2019affiche Isabelle Carr\u00e9, Oph\u00e9lia Kolb, Laurent Capelluto et Antonin Meyer Esquerr\u00e9. Un quatuor amoureux dans les horizons de Florence, New York et Stockholm pour des moments de rire et de larme&nbsp;qui se veulent&nbsp;raconter10 ans de vie.&nbsp;<\/p>\n\n\n\n<p class=\"has-background has-very-light-gray-background-color\"><em><strong>An iliad&nbsp;<\/strong>: <\/em>l\u2019\u00e9pop\u00e9e immortelle de la Gr\u00e8ce antique sous un nouvel angle gr\u00e2ce \u00e0 la metteuse en sc\u00e8ne et l\u2019acteur am\u00e9ricains Lisa Petterson et David O\u2019Hare. La pi\u00e8ce se pr\u00e9sente comme un seul en sc\u00e8ne brulant qui r\u00e9interpr\u00e8te les th\u00e8mes d&rsquo;Hom\u00e8re pour les placer dans nos enjeux contemporains.&nbsp;<\/p>\n\n\n\n<p class=\"has-background has-very-light-gray-background-color\"><em><strong>D\u00e9pendance<\/strong>&nbsp;: <\/em>deux hommes pour une sc\u00e8ne, dans cette pi\u00e8ce qui se veut \u00eatre un v\u00e9ritable duel fraternel.&nbsp;&nbsp;Charif Ghatta, auteur et metteur en sc\u00e8ne franco-libanais, livre un thriller frigorifique qui nous entra\u00eene dans des secrets de famille. Les fr\u00e8res se retrouvent apr\u00e8s 2 ans d\u2019absence dans un appartement vide, pour un dialogue lourd de cons\u00e9quences.&nbsp;<\/p>\n\n\n\n<p style=\"font-size:17px;text-align:center\"><strong><em>De cette&nbsp;pr\u00e9sentation all\u00e9chante&nbsp;nous retiendrons une chose, la phrase de Jean-Michel Ribes : \u00ab&nbsp;Tant de gens se d\u00e9rangent pour aller au th\u00e9\u00e2tre qu\u2019il est normal qu\u2019on les d\u00e9range \u00e0 notre tour&nbsp;\u00bb.&nbsp;<\/em><\/strong><\/p>\n\n\n\n<p style=\"font-size:17px;text-align:center\"><strong>Un parti pris qui saura donner mati\u00e8re \u00e0 nos activit\u00e9s participatives anim\u00e9es par nos guides, pr\u00e9vues apr\u00e8s les repr\u00e9sentations.&nbsp;<\/strong><\/p>\n\n\n\n<figure class=\"wp-block-image\"><img loading=\"lazy\" decoding=\"async\" width=\"1024\" height=\"683\" src=\"https:\/\/talivera.fr\/actualites\/wp-content\/uploads\/2019\/05\/PRESENTATION-DE-SAISON_2019-2020_GCC_206-1024x683.jpg\" alt=\"\" class=\"wp-image-316\" srcset=\"https:\/\/talivera.fr\/actualites\/wp-content\/uploads\/2019\/05\/PRESENTATION-DE-SAISON_2019-2020_GCC_206-1024x683.jpg 1024w, https:\/\/talivera.fr\/actualites\/wp-content\/uploads\/2019\/05\/PRESENTATION-DE-SAISON_2019-2020_GCC_206-300x200.jpg 300w, https:\/\/talivera.fr\/actualites\/wp-content\/uploads\/2019\/05\/PRESENTATION-DE-SAISON_2019-2020_GCC_206-768x512.jpg 768w\" sizes=\"auto, (max-width: 1024px) 100vw, 1024px\" \/><\/figure>\n\n\n\n<p style=\"background-color:#4c458d\" class=\"has-text-color has-background has-very-light-gray-color\"><strong>Nous tenons \u00e0 remercier chaleureusement toute l&rsquo;\u00e9quipe du th\u00e9\u00e2tre du Rond-Point pour son invitation et son accueil. <\/strong><\/p>\n\n\n\n<p style=\"background-color:#4c458d;text-align:center\" class=\"has-text-color has-background has-very-light-gray-color\">Restons connect\u00e9s, rejoignez-nous sur&nbsp;<strong><a href=\"https:\/\/www.instagram.com\/talivera_\/?hl=fr\">Instagram<\/a><\/strong>&nbsp;et&nbsp;<strong><a href=\"https:\/\/www.facebook.com\/sortirdecouvrir\/\">Facebook<\/a><\/strong>&nbsp;\ud83d\ude03<\/p>\n","protected":false},"excerpt":{"rendered":"<p>Hier soir, nous avions l\u2019honneur d\u2019\u00eatre invit\u00e9s \u00e0 la pr\u00e9sentation de la saison 2019 \u2013 2020 du th\u00e9\u00e2tre\u00a0duRond-Point.\u00a0D\u00e8s notre arriv\u00e9e, la soir\u00e9e s\u2019annon\u00e7ait prometteuse gr\u00e2ce aux musiciens de CLAP Fanfare\u00a0qui nous ont accueilli avec rythme\u00a0! Nous avons ensuite pris place dans la magnifique salle Jean Tardieu,\u00a0o\u00f9 nous attendait sur sc\u00e8ne\u00a0Jean-Michel Ribes, \u00e0\u00a0la direction depuis 8 &hellip;<\/p>\n<p class=\"read-more\"> <a class=\"\" href=\"https:\/\/talivera.fr\/actualites\/presentation-de-la-nouvelle-saison-du-theatre-du-rond-point-nous-y-etions\/\"> <span class=\"screen-reader-text\">Pr\u00e9sentation de la nouvelle saison du th\u00e9\u00e2tre du Rond-Point, nous y \u00e9tions !<\/span> Lire la suite\u00a0\u00bb<\/a><\/p>\n","protected":false},"author":1,"featured_media":312,"comment_status":"closed","ping_status":"open","sticky":false,"template":"","format":"standard","meta":{"_jetpack_memberships_contains_paid_content":false,"footnotes":""},"categories":[6],"tags":[],"class_list":["post-309","post","type-post","status-publish","format-standard","has-post-thumbnail","hentry","category-theatre"],"yoast_head":"<!-- This site is optimized with the Yoast SEO plugin v24.9 - https:\/\/yoast.com\/wordpress\/plugins\/seo\/ -->\n<title>Pr\u00e9sentation de la nouvelle saison du th\u00e9\u00e2tre du Rond-Point, nous y \u00e9tions ! - Culture Bien-\u00eatre<\/title>\n<meta name=\"description\" content=\"Espaces vacants, la nouvelle saison pr\u00e9sent\u00e9e par le th\u00e9\u00e2tre du rond point, on vous dit tout !\" \/>\n<meta name=\"robots\" content=\"index, follow, max-snippet:-1, max-image-preview:large, max-video-preview:-1\" \/>\n<link rel=\"canonical\" href=\"https:\/\/talivera.fr\/actualites\/presentation-de-la-nouvelle-saison-du-theatre-du-rond-point-nous-y-etions\/\" \/>\n<meta property=\"og:locale\" content=\"fr_FR\" \/>\n<meta property=\"og:type\" content=\"article\" \/>\n<meta property=\"og:title\" content=\"Pr\u00e9sentation de la nouvelle saison du th\u00e9\u00e2tre du Rond-Point, nous y \u00e9tions ! - Culture Bien-\u00eatre\" \/>\n<meta property=\"og:description\" content=\"Espaces vacants, la nouvelle saison pr\u00e9sent\u00e9e par le th\u00e9\u00e2tre du rond point, on vous dit tout !\" \/>\n<meta property=\"og:url\" content=\"https:\/\/talivera.fr\/actualites\/presentation-de-la-nouvelle-saison-du-theatre-du-rond-point-nous-y-etions\/\" \/>\n<meta property=\"og:site_name\" content=\"Culture Bien-\u00eatre\" \/>\n<meta property=\"article:author\" content=\"https:\/\/www.facebook.com\/sortirdecouvrir\/\" \/>\n<meta property=\"article:published_time\" content=\"2019-05-22T12:21:04+00:00\" \/>\n<meta property=\"article:modified_time\" content=\"2019-06-03T09:46:23+00:00\" \/>\n<meta property=\"og:image\" content=\"https:\/\/talivera.fr\/actualites\/wp-content\/uploads\/2019\/05\/PRESENTATION-DE-SAISON_2019-2020_GCC_004-1024x683.jpg\" \/>\n\t<meta property=\"og:image:width\" content=\"1024\" \/>\n\t<meta property=\"og:image:height\" content=\"683\" \/>\n\t<meta property=\"og:image:type\" content=\"image\/jpeg\" \/>\n<meta name=\"author\" content=\"talivera\" \/>\n<meta name=\"twitter:card\" content=\"summary_large_image\" \/>\n<meta name=\"twitter:creator\" content=\"@https:\/\/twitter.com\/talivera_\" \/>\n<meta name=\"twitter:label1\" content=\"\u00c9crit par\" \/>\n\t<meta name=\"twitter:data1\" content=\"talivera\" \/>\n\t<meta name=\"twitter:label2\" content=\"Dur\u00e9e de lecture estim\u00e9e\" \/>\n\t<meta name=\"twitter:data2\" content=\"3 minutes\" \/>\n<script type=\"application\/ld+json\" class=\"yoast-schema-graph\">{\"@context\":\"https:\/\/schema.org\",\"@graph\":[{\"@type\":\"Article\",\"@id\":\"https:\/\/talivera.fr\/actualites\/presentation-de-la-nouvelle-saison-du-theatre-du-rond-point-nous-y-etions\/#article\",\"isPartOf\":{\"@id\":\"https:\/\/talivera.fr\/actualites\/presentation-de-la-nouvelle-saison-du-theatre-du-rond-point-nous-y-etions\/\"},\"author\":{\"name\":\"talivera\",\"@id\":\"https:\/\/talivera.fr\/actualites\/#\/schema\/person\/6f7da364c6dd2c35a1268d64d87d2133\"},\"headline\":\"Pr\u00e9sentation de la nouvelle saison du th\u00e9\u00e2tre du Rond-Point, nous y \u00e9tions !\",\"datePublished\":\"2019-05-22T12:21:04+00:00\",\"dateModified\":\"2019-06-03T09:46:23+00:00\",\"mainEntityOfPage\":{\"@id\":\"https:\/\/talivera.fr\/actualites\/presentation-de-la-nouvelle-saison-du-theatre-du-rond-point-nous-y-etions\/\"},\"wordCount\":686,\"publisher\":{\"@id\":\"https:\/\/talivera.fr\/actualites\/#organization\"},\"image\":{\"@id\":\"https:\/\/talivera.fr\/actualites\/presentation-de-la-nouvelle-saison-du-theatre-du-rond-point-nous-y-etions\/#primaryimage\"},\"thumbnailUrl\":\"https:\/\/talivera.fr\/actualites\/wp-content\/uploads\/2019\/05\/PRESENTATION-DE-SAISON_2019-2020_GCC_004.jpg\",\"articleSection\":[\"Th\u00e9\u00e2tre\"],\"inLanguage\":\"fr-FR\"},{\"@type\":\"WebPage\",\"@id\":\"https:\/\/talivera.fr\/actualites\/presentation-de-la-nouvelle-saison-du-theatre-du-rond-point-nous-y-etions\/\",\"url\":\"https:\/\/talivera.fr\/actualites\/presentation-de-la-nouvelle-saison-du-theatre-du-rond-point-nous-y-etions\/\",\"name\":\"Pr\u00e9sentation de la nouvelle saison du th\u00e9\u00e2tre du Rond-Point, nous y \u00e9tions ! - Culture Bien-\u00eatre\",\"isPartOf\":{\"@id\":\"https:\/\/talivera.fr\/actualites\/#website\"},\"primaryImageOfPage\":{\"@id\":\"https:\/\/talivera.fr\/actualites\/presentation-de-la-nouvelle-saison-du-theatre-du-rond-point-nous-y-etions\/#primaryimage\"},\"image\":{\"@id\":\"https:\/\/talivera.fr\/actualites\/presentation-de-la-nouvelle-saison-du-theatre-du-rond-point-nous-y-etions\/#primaryimage\"},\"thumbnailUrl\":\"https:\/\/talivera.fr\/actualites\/wp-content\/uploads\/2019\/05\/PRESENTATION-DE-SAISON_2019-2020_GCC_004.jpg\",\"datePublished\":\"2019-05-22T12:21:04+00:00\",\"dateModified\":\"2019-06-03T09:46:23+00:00\",\"description\":\"Espaces vacants, la nouvelle saison pr\u00e9sent\u00e9e par le th\u00e9\u00e2tre du rond point, on vous dit tout !\",\"breadcrumb\":{\"@id\":\"https:\/\/talivera.fr\/actualites\/presentation-de-la-nouvelle-saison-du-theatre-du-rond-point-nous-y-etions\/#breadcrumb\"},\"inLanguage\":\"fr-FR\",\"potentialAction\":[{\"@type\":\"ReadAction\",\"target\":[\"https:\/\/talivera.fr\/actualites\/presentation-de-la-nouvelle-saison-du-theatre-du-rond-point-nous-y-etions\/\"]}]},{\"@type\":\"ImageObject\",\"inLanguage\":\"fr-FR\",\"@id\":\"https:\/\/talivera.fr\/actualites\/presentation-de-la-nouvelle-saison-du-theatre-du-rond-point-nous-y-etions\/#primaryimage\",\"url\":\"https:\/\/talivera.fr\/actualites\/wp-content\/uploads\/2019\/05\/PRESENTATION-DE-SAISON_2019-2020_GCC_004.jpg\",\"contentUrl\":\"https:\/\/talivera.fr\/actualites\/wp-content\/uploads\/2019\/05\/PRESENTATION-DE-SAISON_2019-2020_GCC_004.jpg\",\"width\":3800,\"height\":2533},{\"@type\":\"BreadcrumbList\",\"@id\":\"https:\/\/talivera.fr\/actualites\/presentation-de-la-nouvelle-saison-du-theatre-du-rond-point-nous-y-etions\/#breadcrumb\",\"itemListElement\":[{\"@type\":\"ListItem\",\"position\":1,\"name\":\"Home\",\"item\":\"https:\/\/talivera.fr\/actualites\/\"},{\"@type\":\"ListItem\",\"position\":2,\"name\":\"Pr\u00e9sentation de la nouvelle saison du th\u00e9\u00e2tre du Rond-Point, nous y \u00e9tions !\"}]},{\"@type\":\"WebSite\",\"@id\":\"https:\/\/talivera.fr\/actualites\/#website\",\"url\":\"https:\/\/talivera.fr\/actualites\/\",\"name\":\"Culture Bien-\u00eatre\",\"description\":\"Talivera, plus proche de la culture\",\"publisher\":{\"@id\":\"https:\/\/talivera.fr\/actualites\/#organization\"},\"potentialAction\":[{\"@type\":\"SearchAction\",\"target\":{\"@type\":\"EntryPoint\",\"urlTemplate\":\"https:\/\/talivera.fr\/actualites\/?s={search_term_string}\"},\"query-input\":{\"@type\":\"PropertyValueSpecification\",\"valueRequired\":true,\"valueName\":\"search_term_string\"}}],\"inLanguage\":\"fr-FR\"},{\"@type\":\"Organization\",\"@id\":\"https:\/\/talivera.fr\/actualites\/#organization\",\"name\":\"Culture Bien-\u00eatre\",\"url\":\"https:\/\/talivera.fr\/actualites\/\",\"logo\":{\"@type\":\"ImageObject\",\"inLanguage\":\"fr-FR\",\"@id\":\"https:\/\/talivera.fr\/actualites\/#\/schema\/logo\/image\/\",\"url\":\"https:\/\/talivera.fr\/actualites\/wp-content\/uploads\/2022\/06\/cropped-cropped-TALI-Logo-fond-blanc-SS-220513.png\",\"contentUrl\":\"https:\/\/talivera.fr\/actualites\/wp-content\/uploads\/2022\/06\/cropped-cropped-TALI-Logo-fond-blanc-SS-220513.png\",\"width\":760,\"height\":272,\"caption\":\"Culture Bien-\u00eatre\"},\"image\":{\"@id\":\"https:\/\/talivera.fr\/actualites\/#\/schema\/logo\/image\/\"}},{\"@type\":\"Person\",\"@id\":\"https:\/\/talivera.fr\/actualites\/#\/schema\/person\/6f7da364c6dd2c35a1268d64d87d2133\",\"name\":\"talivera\",\"image\":{\"@type\":\"ImageObject\",\"inLanguage\":\"fr-FR\",\"@id\":\"https:\/\/talivera.fr\/actualites\/#\/schema\/person\/image\/\",\"url\":\"https:\/\/secure.gravatar.com\/avatar\/9cc99a2be3b13f52ccf55b39d3952bc77029d605431f7c7570ce9a2963513de9?s=96&d=mm&r=g\",\"contentUrl\":\"https:\/\/secure.gravatar.com\/avatar\/9cc99a2be3b13f52ccf55b39d3952bc77029d605431f7c7570ce9a2963513de9?s=96&d=mm&r=g\",\"caption\":\"talivera\"},\"sameAs\":[\"https:\/\/talivera.fr\",\"https:\/\/www.facebook.com\/sortirdecouvrir\/\",\"https:\/\/www.instagram.com\/talivera_\/?hl=fr\",\"https:\/\/x.com\/https:\/\/twitter.com\/talivera_\"],\"url\":\"https:\/\/talivera.fr\/actualites\/author\/talivera\/\"}]}<\/script>\n<!-- \/ Yoast SEO plugin. -->","yoast_head_json":{"title":"Pr\u00e9sentation de la nouvelle saison du th\u00e9\u00e2tre du Rond-Point, nous y \u00e9tions ! - Culture Bien-\u00eatre","description":"Espaces vacants, la nouvelle saison pr\u00e9sent\u00e9e par le th\u00e9\u00e2tre du rond point, on vous dit tout !","robots":{"index":"index","follow":"follow","max-snippet":"max-snippet:-1","max-image-preview":"max-image-preview:large","max-video-preview":"max-video-preview:-1"},"canonical":"https:\/\/talivera.fr\/actualites\/presentation-de-la-nouvelle-saison-du-theatre-du-rond-point-nous-y-etions\/","og_locale":"fr_FR","og_type":"article","og_title":"Pr\u00e9sentation de la nouvelle saison du th\u00e9\u00e2tre du Rond-Point, nous y \u00e9tions ! - Culture Bien-\u00eatre","og_description":"Espaces vacants, la nouvelle saison pr\u00e9sent\u00e9e par le th\u00e9\u00e2tre du rond point, on vous dit tout !","og_url":"https:\/\/talivera.fr\/actualites\/presentation-de-la-nouvelle-saison-du-theatre-du-rond-point-nous-y-etions\/","og_site_name":"Culture Bien-\u00eatre","article_author":"https:\/\/www.facebook.com\/sortirdecouvrir\/","article_published_time":"2019-05-22T12:21:04+00:00","article_modified_time":"2019-06-03T09:46:23+00:00","og_image":[{"width":1024,"height":683,"url":"https:\/\/talivera.fr\/actualites\/wp-content\/uploads\/2019\/05\/PRESENTATION-DE-SAISON_2019-2020_GCC_004-1024x683.jpg","type":"image\/jpeg"}],"author":"talivera","twitter_card":"summary_large_image","twitter_creator":"@https:\/\/twitter.com\/talivera_","twitter_misc":{"\u00c9crit par":"talivera","Dur\u00e9e de lecture estim\u00e9e":"3 minutes"},"schema":{"@context":"https:\/\/schema.org","@graph":[{"@type":"Article","@id":"https:\/\/talivera.fr\/actualites\/presentation-de-la-nouvelle-saison-du-theatre-du-rond-point-nous-y-etions\/#article","isPartOf":{"@id":"https:\/\/talivera.fr\/actualites\/presentation-de-la-nouvelle-saison-du-theatre-du-rond-point-nous-y-etions\/"},"author":{"name":"talivera","@id":"https:\/\/talivera.fr\/actualites\/#\/schema\/person\/6f7da364c6dd2c35a1268d64d87d2133"},"headline":"Pr\u00e9sentation de la nouvelle saison du th\u00e9\u00e2tre du Rond-Point, nous y \u00e9tions !","datePublished":"2019-05-22T12:21:04+00:00","dateModified":"2019-06-03T09:46:23+00:00","mainEntityOfPage":{"@id":"https:\/\/talivera.fr\/actualites\/presentation-de-la-nouvelle-saison-du-theatre-du-rond-point-nous-y-etions\/"},"wordCount":686,"publisher":{"@id":"https:\/\/talivera.fr\/actualites\/#organization"},"image":{"@id":"https:\/\/talivera.fr\/actualites\/presentation-de-la-nouvelle-saison-du-theatre-du-rond-point-nous-y-etions\/#primaryimage"},"thumbnailUrl":"https:\/\/talivera.fr\/actualites\/wp-content\/uploads\/2019\/05\/PRESENTATION-DE-SAISON_2019-2020_GCC_004.jpg","articleSection":["Th\u00e9\u00e2tre"],"inLanguage":"fr-FR"},{"@type":"WebPage","@id":"https:\/\/talivera.fr\/actualites\/presentation-de-la-nouvelle-saison-du-theatre-du-rond-point-nous-y-etions\/","url":"https:\/\/talivera.fr\/actualites\/presentation-de-la-nouvelle-saison-du-theatre-du-rond-point-nous-y-etions\/","name":"Pr\u00e9sentation de la nouvelle saison du th\u00e9\u00e2tre du Rond-Point, nous y \u00e9tions ! - Culture Bien-\u00eatre","isPartOf":{"@id":"https:\/\/talivera.fr\/actualites\/#website"},"primaryImageOfPage":{"@id":"https:\/\/talivera.fr\/actualites\/presentation-de-la-nouvelle-saison-du-theatre-du-rond-point-nous-y-etions\/#primaryimage"},"image":{"@id":"https:\/\/talivera.fr\/actualites\/presentation-de-la-nouvelle-saison-du-theatre-du-rond-point-nous-y-etions\/#primaryimage"},"thumbnailUrl":"https:\/\/talivera.fr\/actualites\/wp-content\/uploads\/2019\/05\/PRESENTATION-DE-SAISON_2019-2020_GCC_004.jpg","datePublished":"2019-05-22T12:21:04+00:00","dateModified":"2019-06-03T09:46:23+00:00","description":"Espaces vacants, la nouvelle saison pr\u00e9sent\u00e9e par le th\u00e9\u00e2tre du rond point, on vous dit tout !","breadcrumb":{"@id":"https:\/\/talivera.fr\/actualites\/presentation-de-la-nouvelle-saison-du-theatre-du-rond-point-nous-y-etions\/#breadcrumb"},"inLanguage":"fr-FR","potentialAction":[{"@type":"ReadAction","target":["https:\/\/talivera.fr\/actualites\/presentation-de-la-nouvelle-saison-du-theatre-du-rond-point-nous-y-etions\/"]}]},{"@type":"ImageObject","inLanguage":"fr-FR","@id":"https:\/\/talivera.fr\/actualites\/presentation-de-la-nouvelle-saison-du-theatre-du-rond-point-nous-y-etions\/#primaryimage","url":"https:\/\/talivera.fr\/actualites\/wp-content\/uploads\/2019\/05\/PRESENTATION-DE-SAISON_2019-2020_GCC_004.jpg","contentUrl":"https:\/\/talivera.fr\/actualites\/wp-content\/uploads\/2019\/05\/PRESENTATION-DE-SAISON_2019-2020_GCC_004.jpg","width":3800,"height":2533},{"@type":"BreadcrumbList","@id":"https:\/\/talivera.fr\/actualites\/presentation-de-la-nouvelle-saison-du-theatre-du-rond-point-nous-y-etions\/#breadcrumb","itemListElement":[{"@type":"ListItem","position":1,"name":"Home","item":"https:\/\/talivera.fr\/actualites\/"},{"@type":"ListItem","position":2,"name":"Pr\u00e9sentation de la nouvelle saison du th\u00e9\u00e2tre du Rond-Point, nous y \u00e9tions !"}]},{"@type":"WebSite","@id":"https:\/\/talivera.fr\/actualites\/#website","url":"https:\/\/talivera.fr\/actualites\/","name":"Culture Bien-\u00eatre","description":"Talivera, plus proche de la culture","publisher":{"@id":"https:\/\/talivera.fr\/actualites\/#organization"},"potentialAction":[{"@type":"SearchAction","target":{"@type":"EntryPoint","urlTemplate":"https:\/\/talivera.fr\/actualites\/?s={search_term_string}"},"query-input":{"@type":"PropertyValueSpecification","valueRequired":true,"valueName":"search_term_string"}}],"inLanguage":"fr-FR"},{"@type":"Organization","@id":"https:\/\/talivera.fr\/actualites\/#organization","name":"Culture Bien-\u00eatre","url":"https:\/\/talivera.fr\/actualites\/","logo":{"@type":"ImageObject","inLanguage":"fr-FR","@id":"https:\/\/talivera.fr\/actualites\/#\/schema\/logo\/image\/","url":"https:\/\/talivera.fr\/actualites\/wp-content\/uploads\/2022\/06\/cropped-cropped-TALI-Logo-fond-blanc-SS-220513.png","contentUrl":"https:\/\/talivera.fr\/actualites\/wp-content\/uploads\/2022\/06\/cropped-cropped-TALI-Logo-fond-blanc-SS-220513.png","width":760,"height":272,"caption":"Culture Bien-\u00eatre"},"image":{"@id":"https:\/\/talivera.fr\/actualites\/#\/schema\/logo\/image\/"}},{"@type":"Person","@id":"https:\/\/talivera.fr\/actualites\/#\/schema\/person\/6f7da364c6dd2c35a1268d64d87d2133","name":"talivera","image":{"@type":"ImageObject","inLanguage":"fr-FR","@id":"https:\/\/talivera.fr\/actualites\/#\/schema\/person\/image\/","url":"https:\/\/secure.gravatar.com\/avatar\/9cc99a2be3b13f52ccf55b39d3952bc77029d605431f7c7570ce9a2963513de9?s=96&d=mm&r=g","contentUrl":"https:\/\/secure.gravatar.com\/avatar\/9cc99a2be3b13f52ccf55b39d3952bc77029d605431f7c7570ce9a2963513de9?s=96&d=mm&r=g","caption":"talivera"},"sameAs":["https:\/\/talivera.fr","https:\/\/www.facebook.com\/sortirdecouvrir\/","https:\/\/www.instagram.com\/talivera_\/?hl=fr","https:\/\/x.com\/https:\/\/twitter.com\/talivera_"],"url":"https:\/\/talivera.fr\/actualites\/author\/talivera\/"}]}},"jetpack_featured_media_url":"https:\/\/talivera.fr\/actualites\/wp-content\/uploads\/2019\/05\/PRESENTATION-DE-SAISON_2019-2020_GCC_004.jpg","jetpack_sharing_enabled":true,"_links":{"self":[{"href":"https:\/\/talivera.fr\/actualites\/wp-json\/wp\/v2\/posts\/309","targetHints":{"allow":["GET"]}}],"collection":[{"href":"https:\/\/talivera.fr\/actualites\/wp-json\/wp\/v2\/posts"}],"about":[{"href":"https:\/\/talivera.fr\/actualites\/wp-json\/wp\/v2\/types\/post"}],"author":[{"embeddable":true,"href":"https:\/\/talivera.fr\/actualites\/wp-json\/wp\/v2\/users\/1"}],"replies":[{"embeddable":true,"href":"https:\/\/talivera.fr\/actualites\/wp-json\/wp\/v2\/comments?post=309"}],"version-history":[{"count":14,"href":"https:\/\/talivera.fr\/actualites\/wp-json\/wp\/v2\/posts\/309\/revisions"}],"predecessor-version":[{"id":425,"href":"https:\/\/talivera.fr\/actualites\/wp-json\/wp\/v2\/posts\/309\/revisions\/425"}],"wp:featuredmedia":[{"embeddable":true,"href":"https:\/\/talivera.fr\/actualites\/wp-json\/wp\/v2\/media\/312"}],"wp:attachment":[{"href":"https:\/\/talivera.fr\/actualites\/wp-json\/wp\/v2\/media?parent=309"}],"wp:term":[{"taxonomy":"category","embeddable":true,"href":"https:\/\/talivera.fr\/actualites\/wp-json\/wp\/v2\/categories?post=309"},{"taxonomy":"post_tag","embeddable":true,"href":"https:\/\/talivera.fr\/actualites\/wp-json\/wp\/v2\/tags?post=309"}],"curies":[{"name":"wp","href":"https:\/\/api.w.org\/{rel}","templated":true}]}}