{"id":2591,"date":"2020-09-02T23:32:50","date_gmt":"2020-09-02T21:32:50","guid":{"rendered":"https:\/\/talivera.fr\/actualites\/?p=2591"},"modified":"2020-09-21T16:26:39","modified_gmt":"2020-09-21T14:26:39","slug":"zoom-artiste-jorge-carrasco","status":"publish","type":"post","link":"https:\/\/talivera.fr\/actualites\/zoom-artiste-jorge-carrasco\/","title":{"rendered":"ZOOM ARTISTE : Jorge Carrasco"},"content":{"rendered":"\n<h3 class=\"wp-block-heading\">CARRASCO : De la Bolivie en passant par le Berry<\/h3>\n\n\n\n<blockquote class=\"wp-block-quote is-layout-flow wp-block-quote-is-layout-flow\"><p><span style=\"color:#010a0e\" class=\"has-inline-color\"><em>\u00ab <em>Quand les gens admirent une \u0153uvre d&rsquo;Art, ce n&rsquo;est pas une illusion, mais un instant de v\u00e9rit\u00e9.<\/em><\/em>&#8230;\u00a0\u00bb.  Jorge Carrasco<\/span><\/p><\/blockquote>\n\n\n\n<figure class=\"wp-block-image size-large\" id=\"block-560682be-e40d-4629-9fea-62caa840eb89\"><img loading=\"lazy\" decoding=\"async\" width=\"734\" height=\"724\" src=\"https:\/\/talivera.fr\/actualites\/wp-content\/uploads\/2020\/09\/sefdrg.png\" alt=\"\" class=\"wp-image-2598\" srcset=\"https:\/\/talivera.fr\/actualites\/wp-content\/uploads\/2020\/09\/sefdrg.png 734w, https:\/\/talivera.fr\/actualites\/wp-content\/uploads\/2020\/09\/sefdrg-300x296.png 300w\" sizes=\"auto, (max-width: 734px) 100vw, 734px\" \/><figcaption>\u00a9\ud83d\udcf8 les_amis_de_Carrasco &#8211; portrait de l&rsquo;artiste<\/figcaption><\/figure>\n\n\n\n<p id=\"block-c185647d-cf94-431f-8202-3341cd43efea\">\ud83c\udde7\ud83c\uddf4&nbsp;Jorge Carrasco est un artiste bolivien, qui \u00e0 La Paz &#8211; Bolivie pour lieu de naissance, le 4 mai 1919. Il trouva le repos dans le d\u00e9partement de l&rsquo;Indre le 25 juillet 2006, en France. Pourquoi en plein Centre-Val de Loire ? Parce que son \u00e9pouse, Simone, avec qui il a eu 5 enfants, \u00e9tait originaire de l\u00e0-bas !<\/p>\n\n\n\n<h2 class=\"wp-block-heading\" id=\"block-4c7c47fd-4686-474a-9008-767a70b9dd80\">Sculpteur<\/h2>\n\n\n\n<p id=\"block-f13bbda6-7c41-4ffe-a375-9f3db85d0b9f\">\u2692&nbsp;Qu&rsquo;il soit blanc, rouge, vert ou noir, Carrasco utilise divers mat\u00e9riaux pouvant \u00eatre du granit, du marbre, de l&rsquo;ivoire et m\u00eame de la lave. Ses sculptures sont nues, sans ornement, c&rsquo;est ce qui leur donne de la force. On pourrait les croire imparfaites dans leur forme mais rassurez-vous, elles sont bien ancr\u00e9es en leur socle.    <\/p>\n\n\n\n<figure class=\"wp-block-image size-large\"><img loading=\"lazy\" decoding=\"async\" width=\"749\" height=\"725\" src=\"https:\/\/talivera.fr\/actualites\/wp-content\/uploads\/2020\/09\/carrasco-sculpture-zoom-artiste.png\" alt=\"\" class=\"wp-image-2617\" srcset=\"https:\/\/talivera.fr\/actualites\/wp-content\/uploads\/2020\/09\/carrasco-sculpture-zoom-artiste.png 749w, https:\/\/talivera.fr\/actualites\/wp-content\/uploads\/2020\/09\/carrasco-sculpture-zoom-artiste-300x290.png 300w\" sizes=\"auto, (max-width: 749px) 100vw, 749px\" \/><figcaption>\u00a9\ud83d\udcf8 les_amis_de_Carrasco &#8211; sculptures du XX si\u00e8cle<\/figcaption><\/figure>\n\n\n\n<h2 class=\"wp-block-heading\" id=\"block-58d31bb2-25bf-47db-9b7c-4b92ac9528c4\">Peintre&nbsp;<\/h2>\n\n\n\n<p id=\"block-88850268-b090-41ce-9bab-12988ffaac95\">\ud83d\udd8c\ufe0f La cr\u00e9ation de l&rsquo;Homme et de l&rsquo;Univers. Vaste sujet pourrait-on dire mais le champ large de l&rsquo;interpr\u00e9tation coupl\u00e9e \u00e0 la vision singuli\u00e8re de Carrasco, lui fera repeindre enti\u00e8rement l&rsquo;int\u00e9rieur de l&rsquo;\u00e9glise du Menoux sur cette th\u00e9matique. Color\u00e9e, cosmique, fantastique ! Son \u0153uvre est \u00e0 la fois spectaculaire et saisissante, d&rsquo;autant plus que la surface \u00e0 recouvrir est de plus de 400m2.<\/p>\n\n\n\n<figure class=\"wp-block-image size-large\" id=\"block-46301dd3-80cf-42cb-aa1f-468dad326627\"><img loading=\"lazy\" decoding=\"async\" width=\"400\" height=\"266\" src=\"https:\/\/talivera.fr\/actualites\/wp-content\/uploads\/2020\/09\/lemenoux1.jpg\" alt=\"\" class=\"wp-image-2592\" srcset=\"https:\/\/talivera.fr\/actualites\/wp-content\/uploads\/2020\/09\/lemenoux1.jpg 400w, https:\/\/talivera.fr\/actualites\/wp-content\/uploads\/2020\/09\/lemenoux1-300x200.jpg 300w\" sizes=\"auto, (max-width: 400px) 100vw, 400px\" \/><figcaption>\u00a9\ud83d\udcf8 Sheila &amp; Steve Pyk &#8211; int\u00e9rieur de l&rsquo;\u00e9glise<\/figcaption><\/figure>\n\n\n\n<h2 class=\"wp-block-heading\" id=\"block-3ebca656-8720-4b0b-b1e3-75fc70f4cbd7\">\u00c0 la m\u00e9moire de Carrasco <\/h2>\n\n\n\n<p id=\"block-8cd11b76-65f7-4fa4-9894-5175199fea33\">\ud83c\udf96\ufe0f De son vivant, l&rsquo;artiste re\u00e7u les Honneurs en 1990, en devenant Chevalier de l&rsquo;Ordre des Arts et des Lettres, pour sa distinction dans le domaine artistique et pour le rayonnement de ses \u0153uvres en France et \u00e0 l&rsquo;international.  <\/p>\n\n\n\n<p id=\"block-d0f64311-2444-4bba-952b-b4b75db79c51\">\ud83d\udccd En dernier hommage, on retrouve une rue \u00e0 son nom dans la ville de  Ch\u00e2teauroux (36000), non loin du lieu o\u00f9 il v\u00e9cut jusqu&rsquo;\u00e0 la fin de ses jours.<\/p>\n\n\n\n<p>\ud83d\udc4b On peut voir certaines de ses \u0153uvres au Mus\u00e9e d&rsquo;art moderne de la ville de Paris ou encore au mus\u00e9e Bertrand \u00e0 Ch\u00e2teauroux.<\/p>\n\n\n\n<figure class=\"wp-block-image size-large\" id=\"block-2d88abfb-178a-489e-80f9-c99d4e5c99ea\"><img loading=\"lazy\" decoding=\"async\" width=\"1024\" height=\"680\" src=\"https:\/\/talivera.fr\/actualites\/wp-content\/uploads\/2020\/09\/DSC_0039_-_Le_Menoux_-_Vue_generale-1024x680.jpg\" alt=\"\" class=\"wp-image-2596\" srcset=\"https:\/\/talivera.fr\/actualites\/wp-content\/uploads\/2020\/09\/DSC_0039_-_Le_Menoux_-_Vue_generale-1024x680.jpg 1024w, https:\/\/talivera.fr\/actualites\/wp-content\/uploads\/2020\/09\/DSC_0039_-_Le_Menoux_-_Vue_generale-300x199.jpg 300w, https:\/\/talivera.fr\/actualites\/wp-content\/uploads\/2020\/09\/DSC_0039_-_Le_Menoux_-_Vue_generale-768x510.jpg 768w, https:\/\/talivera.fr\/actualites\/wp-content\/uploads\/2020\/09\/DSC_0039_-_Le_Menoux_-_Vue_generale-1536x1020.jpg 1536w, https:\/\/talivera.fr\/actualites\/wp-content\/uploads\/2020\/09\/DSC_0039_-_Le_Menoux_-_Vue_generale-2048x1360.jpg 2048w\" sizes=\"auto, (max-width: 1024px) 100vw, 1024px\" \/><figcaption>\u00a9 Le Menoux, commune fran\u00e7aise de r\u00e9sidence de l&rsquo;artiste<\/figcaption><\/figure>\n\n\n\n<h2 class=\"wp-block-heading\">L&rsquo;ART qui nous fait du bien <\/h2>\n\n\n\n<p>\ud83c\udf1f L&rsquo;art sert \u00e0 nous ravir et \u00e0 changer notre regard. L&rsquo;approche de Carrasco nous laisse le temps \u00e0 la contemplation et \u00e0 l&rsquo;admiration, pour cet instant de v\u00e9rit\u00e9. <\/p>\n\n\n\n<p><\/p>\n\n\n\n<p id=\"block-e28c55aa-27c7-4e56-978f-d60f74dcc0ff\">N&rsquo;h\u00e9sitez pas \u00e0 liker, partager notre page <a href=\"https:\/\/www.facebook.com\/sortirdecouvrir\/?__tn__=kC-R&amp;eid=ARA7xJgISr-5gnzTWntk1gdWlrXOxpB6fj4wZF0_lMCavkz_ydzpws9tnNDiohFOScRfIxQfnj9W9H_v&amp;hc_ref=ARRI4alhVZquAkS_gOi16FXT83w50mUellaydyniBOY01tX5FEDR63VII4mCrzij4QU&amp;fref=nf&amp;__xts__[0]=68.ARBDZDmCV-mUmWjSo5l5iYgPURVSnEEuSZvbDDI5Os6MnzUr6V3PrOPv-eEbdq_I0L6qeHH_p4uL325bkByRi2titpBbSEitdxhgZLJjf8qPOAXqLK6fOWqcd9Bz2Wd9g3y1vv9EOMEQgz9M8npSBvzxi2uUzBLxeygRFYNYjj4-MeczE6JpEf9na-776RzG9Ooi1FXNPLF9ZOjNUzG99jMQAmzt0YWsuvhNmpziEfthsV8TDpeCQ4m9ooBVlWwY6huuSicILZjIiWKra58SmWuditmY7T1wuVaZdLRSGuA8rb2MW2JFoWpnSkMPj6ZC6nggtEx4Seb4wwbVFYBH6pw5Pg\">Talivera<\/a> sur Fb et \u00e0 nous suivre sur Insta <a href=\"https:\/\/www.instagram.com\/talivera_\/\">#talivera<\/a>. \u270c\ufe0f\ud83d\ude0a<\/p>\n","protected":false},"excerpt":{"rendered":"<p>Jorge Carrasco \u00a9\ufe0f sculpture en marbre de V\u00e9rone &#8211; XX si\u00e8cle<\/p>\n","protected":false},"author":3,"featured_media":2599,"comment_status":"open","ping_status":"open","sticky":false,"template":"","format":"standard","meta":{"_jetpack_memberships_contains_paid_content":false,"footnotes":""},"categories":[135],"tags":[],"class_list":["post-2591","post","type-post","status-publish","format-standard","has-post-thumbnail","hentry","category-zoom-artiste"],"yoast_head":"<!-- This site is optimized with the Yoast SEO plugin v24.9 - https:\/\/yoast.com\/wordpress\/plugins\/seo\/ -->\n<title>ZOOM ARTISTE : Jorge Carrasco - Culture Bien-\u00eatre<\/title>\n<meta name=\"robots\" content=\"index, follow, max-snippet:-1, max-image-preview:large, max-video-preview:-1\" \/>\n<link rel=\"canonical\" href=\"https:\/\/talivera.fr\/actualites\/zoom-artiste-jorge-carrasco\/\" \/>\n<meta property=\"og:locale\" content=\"fr_FR\" \/>\n<meta property=\"og:type\" content=\"article\" \/>\n<meta property=\"og:title\" content=\"ZOOM ARTISTE : Jorge Carrasco - Culture Bien-\u00eatre\" \/>\n<meta property=\"og:description\" content=\"Jorge Carrasco \u00a9\ufe0f sculpture en marbre de V\u00e9rone - XX si\u00e8cle\" \/>\n<meta property=\"og:url\" content=\"https:\/\/talivera.fr\/actualites\/zoom-artiste-jorge-carrasco\/\" \/>\n<meta property=\"og:site_name\" content=\"Culture Bien-\u00eatre\" \/>\n<meta property=\"article:published_time\" content=\"2020-09-02T21:32:50+00:00\" \/>\n<meta property=\"article:modified_time\" content=\"2020-09-21T14:26:39+00:00\" \/>\n<meta property=\"og:image\" content=\"https:\/\/talivera.fr\/actualites\/wp-content\/uploads\/2020\/09\/800px-Sculpture_nayra.jpg\" \/>\n\t<meta property=\"og:image:width\" content=\"800\" \/>\n\t<meta property=\"og:image:height\" content=\"1200\" \/>\n\t<meta property=\"og:image:type\" content=\"image\/jpeg\" \/>\n<meta name=\"author\" content=\"Lucie Lenglart\" \/>\n<meta name=\"twitter:card\" content=\"summary_large_image\" \/>\n<meta name=\"twitter:label1\" content=\"\u00c9crit par\" \/>\n\t<meta name=\"twitter:data1\" content=\"Lucie Lenglart\" \/>\n\t<meta name=\"twitter:label2\" content=\"Dur\u00e9e de lecture estim\u00e9e\" \/>\n\t<meta name=\"twitter:data2\" content=\"2 minutes\" \/>\n<script type=\"application\/ld+json\" class=\"yoast-schema-graph\">{\"@context\":\"https:\/\/schema.org\",\"@graph\":[{\"@type\":\"Article\",\"@id\":\"https:\/\/talivera.fr\/actualites\/zoom-artiste-jorge-carrasco\/#article\",\"isPartOf\":{\"@id\":\"https:\/\/talivera.fr\/actualites\/zoom-artiste-jorge-carrasco\/\"},\"author\":{\"name\":\"Lucie Lenglart\",\"@id\":\"https:\/\/talivera.fr\/actualites\/#\/schema\/person\/e1468e01c51084ee587fcbbfbeac8cf2\"},\"headline\":\"ZOOM ARTISTE : Jorge Carrasco\",\"datePublished\":\"2020-09-02T21:32:50+00:00\",\"dateModified\":\"2020-09-21T14:26:39+00:00\",\"mainEntityOfPage\":{\"@id\":\"https:\/\/talivera.fr\/actualites\/zoom-artiste-jorge-carrasco\/\"},\"wordCount\":396,\"commentCount\":0,\"publisher\":{\"@id\":\"https:\/\/talivera.fr\/actualites\/#organization\"},\"image\":{\"@id\":\"https:\/\/talivera.fr\/actualites\/zoom-artiste-jorge-carrasco\/#primaryimage\"},\"thumbnailUrl\":\"https:\/\/talivera.fr\/actualites\/wp-content\/uploads\/2020\/09\/800px-Sculpture_nayra.jpg\",\"articleSection\":[\"Zoom artiste\"],\"inLanguage\":\"fr-FR\",\"potentialAction\":[{\"@type\":\"CommentAction\",\"name\":\"Comment\",\"target\":[\"https:\/\/talivera.fr\/actualites\/zoom-artiste-jorge-carrasco\/#respond\"]}]},{\"@type\":\"WebPage\",\"@id\":\"https:\/\/talivera.fr\/actualites\/zoom-artiste-jorge-carrasco\/\",\"url\":\"https:\/\/talivera.fr\/actualites\/zoom-artiste-jorge-carrasco\/\",\"name\":\"ZOOM ARTISTE : Jorge Carrasco - Culture Bien-\u00eatre\",\"isPartOf\":{\"@id\":\"https:\/\/talivera.fr\/actualites\/#website\"},\"primaryImageOfPage\":{\"@id\":\"https:\/\/talivera.fr\/actualites\/zoom-artiste-jorge-carrasco\/#primaryimage\"},\"image\":{\"@id\":\"https:\/\/talivera.fr\/actualites\/zoom-artiste-jorge-carrasco\/#primaryimage\"},\"thumbnailUrl\":\"https:\/\/talivera.fr\/actualites\/wp-content\/uploads\/2020\/09\/800px-Sculpture_nayra.jpg\",\"datePublished\":\"2020-09-02T21:32:50+00:00\",\"dateModified\":\"2020-09-21T14:26:39+00:00\",\"breadcrumb\":{\"@id\":\"https:\/\/talivera.fr\/actualites\/zoom-artiste-jorge-carrasco\/#breadcrumb\"},\"inLanguage\":\"fr-FR\",\"potentialAction\":[{\"@type\":\"ReadAction\",\"target\":[\"https:\/\/talivera.fr\/actualites\/zoom-artiste-jorge-carrasco\/\"]}]},{\"@type\":\"ImageObject\",\"inLanguage\":\"fr-FR\",\"@id\":\"https:\/\/talivera.fr\/actualites\/zoom-artiste-jorge-carrasco\/#primaryimage\",\"url\":\"https:\/\/talivera.fr\/actualites\/wp-content\/uploads\/2020\/09\/800px-Sculpture_nayra.jpg\",\"contentUrl\":\"https:\/\/talivera.fr\/actualites\/wp-content\/uploads\/2020\/09\/800px-Sculpture_nayra.jpg\",\"width\":800,\"height\":1200},{\"@type\":\"BreadcrumbList\",\"@id\":\"https:\/\/talivera.fr\/actualites\/zoom-artiste-jorge-carrasco\/#breadcrumb\",\"itemListElement\":[{\"@type\":\"ListItem\",\"position\":1,\"name\":\"Home\",\"item\":\"https:\/\/talivera.fr\/actualites\/\"},{\"@type\":\"ListItem\",\"position\":2,\"name\":\"ZOOM ARTISTE : Jorge Carrasco\"}]},{\"@type\":\"WebSite\",\"@id\":\"https:\/\/talivera.fr\/actualites\/#website\",\"url\":\"https:\/\/talivera.fr\/actualites\/\",\"name\":\"Culture Bien-\u00eatre\",\"description\":\"Talivera, plus proche de la culture\",\"publisher\":{\"@id\":\"https:\/\/talivera.fr\/actualites\/#organization\"},\"potentialAction\":[{\"@type\":\"SearchAction\",\"target\":{\"@type\":\"EntryPoint\",\"urlTemplate\":\"https:\/\/talivera.fr\/actualites\/?s={search_term_string}\"},\"query-input\":{\"@type\":\"PropertyValueSpecification\",\"valueRequired\":true,\"valueName\":\"search_term_string\"}}],\"inLanguage\":\"fr-FR\"},{\"@type\":\"Organization\",\"@id\":\"https:\/\/talivera.fr\/actualites\/#organization\",\"name\":\"Culture Bien-\u00eatre\",\"url\":\"https:\/\/talivera.fr\/actualites\/\",\"logo\":{\"@type\":\"ImageObject\",\"inLanguage\":\"fr-FR\",\"@id\":\"https:\/\/talivera.fr\/actualites\/#\/schema\/logo\/image\/\",\"url\":\"https:\/\/talivera.fr\/actualites\/wp-content\/uploads\/2022\/06\/cropped-cropped-TALI-Logo-fond-blanc-SS-220513.png\",\"contentUrl\":\"https:\/\/talivera.fr\/actualites\/wp-content\/uploads\/2022\/06\/cropped-cropped-TALI-Logo-fond-blanc-SS-220513.png\",\"width\":760,\"height\":272,\"caption\":\"Culture Bien-\u00eatre\"},\"image\":{\"@id\":\"https:\/\/talivera.fr\/actualites\/#\/schema\/logo\/image\/\"}},{\"@type\":\"Person\",\"@id\":\"https:\/\/talivera.fr\/actualites\/#\/schema\/person\/e1468e01c51084ee587fcbbfbeac8cf2\",\"name\":\"Lucie Lenglart\",\"image\":{\"@type\":\"ImageObject\",\"inLanguage\":\"fr-FR\",\"@id\":\"https:\/\/talivera.fr\/actualites\/#\/schema\/person\/image\/\",\"url\":\"https:\/\/secure.gravatar.com\/avatar\/55fe1b0c244e9b9a308b6285f9b2865c948fab8239836f16a14c8a5bee76dacb?s=96&d=mm&r=g\",\"contentUrl\":\"https:\/\/secure.gravatar.com\/avatar\/55fe1b0c244e9b9a308b6285f9b2865c948fab8239836f16a14c8a5bee76dacb?s=96&d=mm&r=g\",\"caption\":\"Lucie Lenglart\"},\"url\":\"https:\/\/talivera.fr\/actualites\/author\/lucie\/\"}]}<\/script>\n<!-- \/ Yoast SEO plugin. -->","yoast_head_json":{"title":"ZOOM ARTISTE : Jorge Carrasco - Culture Bien-\u00eatre","robots":{"index":"index","follow":"follow","max-snippet":"max-snippet:-1","max-image-preview":"max-image-preview:large","max-video-preview":"max-video-preview:-1"},"canonical":"https:\/\/talivera.fr\/actualites\/zoom-artiste-jorge-carrasco\/","og_locale":"fr_FR","og_type":"article","og_title":"ZOOM ARTISTE : Jorge Carrasco - Culture Bien-\u00eatre","og_description":"Jorge Carrasco \u00a9\ufe0f sculpture en marbre de V\u00e9rone - XX si\u00e8cle","og_url":"https:\/\/talivera.fr\/actualites\/zoom-artiste-jorge-carrasco\/","og_site_name":"Culture Bien-\u00eatre","article_published_time":"2020-09-02T21:32:50+00:00","article_modified_time":"2020-09-21T14:26:39+00:00","og_image":[{"width":800,"height":1200,"url":"https:\/\/talivera.fr\/actualites\/wp-content\/uploads\/2020\/09\/800px-Sculpture_nayra.jpg","type":"image\/jpeg"}],"author":"Lucie Lenglart","twitter_card":"summary_large_image","twitter_misc":{"\u00c9crit par":"Lucie Lenglart","Dur\u00e9e de lecture estim\u00e9e":"2 minutes"},"schema":{"@context":"https:\/\/schema.org","@graph":[{"@type":"Article","@id":"https:\/\/talivera.fr\/actualites\/zoom-artiste-jorge-carrasco\/#article","isPartOf":{"@id":"https:\/\/talivera.fr\/actualites\/zoom-artiste-jorge-carrasco\/"},"author":{"name":"Lucie Lenglart","@id":"https:\/\/talivera.fr\/actualites\/#\/schema\/person\/e1468e01c51084ee587fcbbfbeac8cf2"},"headline":"ZOOM ARTISTE : Jorge Carrasco","datePublished":"2020-09-02T21:32:50+00:00","dateModified":"2020-09-21T14:26:39+00:00","mainEntityOfPage":{"@id":"https:\/\/talivera.fr\/actualites\/zoom-artiste-jorge-carrasco\/"},"wordCount":396,"commentCount":0,"publisher":{"@id":"https:\/\/talivera.fr\/actualites\/#organization"},"image":{"@id":"https:\/\/talivera.fr\/actualites\/zoom-artiste-jorge-carrasco\/#primaryimage"},"thumbnailUrl":"https:\/\/talivera.fr\/actualites\/wp-content\/uploads\/2020\/09\/800px-Sculpture_nayra.jpg","articleSection":["Zoom artiste"],"inLanguage":"fr-FR","potentialAction":[{"@type":"CommentAction","name":"Comment","target":["https:\/\/talivera.fr\/actualites\/zoom-artiste-jorge-carrasco\/#respond"]}]},{"@type":"WebPage","@id":"https:\/\/talivera.fr\/actualites\/zoom-artiste-jorge-carrasco\/","url":"https:\/\/talivera.fr\/actualites\/zoom-artiste-jorge-carrasco\/","name":"ZOOM ARTISTE : Jorge Carrasco - Culture Bien-\u00eatre","isPartOf":{"@id":"https:\/\/talivera.fr\/actualites\/#website"},"primaryImageOfPage":{"@id":"https:\/\/talivera.fr\/actualites\/zoom-artiste-jorge-carrasco\/#primaryimage"},"image":{"@id":"https:\/\/talivera.fr\/actualites\/zoom-artiste-jorge-carrasco\/#primaryimage"},"thumbnailUrl":"https:\/\/talivera.fr\/actualites\/wp-content\/uploads\/2020\/09\/800px-Sculpture_nayra.jpg","datePublished":"2020-09-02T21:32:50+00:00","dateModified":"2020-09-21T14:26:39+00:00","breadcrumb":{"@id":"https:\/\/talivera.fr\/actualites\/zoom-artiste-jorge-carrasco\/#breadcrumb"},"inLanguage":"fr-FR","potentialAction":[{"@type":"ReadAction","target":["https:\/\/talivera.fr\/actualites\/zoom-artiste-jorge-carrasco\/"]}]},{"@type":"ImageObject","inLanguage":"fr-FR","@id":"https:\/\/talivera.fr\/actualites\/zoom-artiste-jorge-carrasco\/#primaryimage","url":"https:\/\/talivera.fr\/actualites\/wp-content\/uploads\/2020\/09\/800px-Sculpture_nayra.jpg","contentUrl":"https:\/\/talivera.fr\/actualites\/wp-content\/uploads\/2020\/09\/800px-Sculpture_nayra.jpg","width":800,"height":1200},{"@type":"BreadcrumbList","@id":"https:\/\/talivera.fr\/actualites\/zoom-artiste-jorge-carrasco\/#breadcrumb","itemListElement":[{"@type":"ListItem","position":1,"name":"Home","item":"https:\/\/talivera.fr\/actualites\/"},{"@type":"ListItem","position":2,"name":"ZOOM ARTISTE : Jorge Carrasco"}]},{"@type":"WebSite","@id":"https:\/\/talivera.fr\/actualites\/#website","url":"https:\/\/talivera.fr\/actualites\/","name":"Culture Bien-\u00eatre","description":"Talivera, plus proche de la culture","publisher":{"@id":"https:\/\/talivera.fr\/actualites\/#organization"},"potentialAction":[{"@type":"SearchAction","target":{"@type":"EntryPoint","urlTemplate":"https:\/\/talivera.fr\/actualites\/?s={search_term_string}"},"query-input":{"@type":"PropertyValueSpecification","valueRequired":true,"valueName":"search_term_string"}}],"inLanguage":"fr-FR"},{"@type":"Organization","@id":"https:\/\/talivera.fr\/actualites\/#organization","name":"Culture Bien-\u00eatre","url":"https:\/\/talivera.fr\/actualites\/","logo":{"@type":"ImageObject","inLanguage":"fr-FR","@id":"https:\/\/talivera.fr\/actualites\/#\/schema\/logo\/image\/","url":"https:\/\/talivera.fr\/actualites\/wp-content\/uploads\/2022\/06\/cropped-cropped-TALI-Logo-fond-blanc-SS-220513.png","contentUrl":"https:\/\/talivera.fr\/actualites\/wp-content\/uploads\/2022\/06\/cropped-cropped-TALI-Logo-fond-blanc-SS-220513.png","width":760,"height":272,"caption":"Culture Bien-\u00eatre"},"image":{"@id":"https:\/\/talivera.fr\/actualites\/#\/schema\/logo\/image\/"}},{"@type":"Person","@id":"https:\/\/talivera.fr\/actualites\/#\/schema\/person\/e1468e01c51084ee587fcbbfbeac8cf2","name":"Lucie Lenglart","image":{"@type":"ImageObject","inLanguage":"fr-FR","@id":"https:\/\/talivera.fr\/actualites\/#\/schema\/person\/image\/","url":"https:\/\/secure.gravatar.com\/avatar\/55fe1b0c244e9b9a308b6285f9b2865c948fab8239836f16a14c8a5bee76dacb?s=96&d=mm&r=g","contentUrl":"https:\/\/secure.gravatar.com\/avatar\/55fe1b0c244e9b9a308b6285f9b2865c948fab8239836f16a14c8a5bee76dacb?s=96&d=mm&r=g","caption":"Lucie Lenglart"},"url":"https:\/\/talivera.fr\/actualites\/author\/lucie\/"}]}},"jetpack_featured_media_url":"https:\/\/talivera.fr\/actualites\/wp-content\/uploads\/2020\/09\/800px-Sculpture_nayra.jpg","jetpack_sharing_enabled":true,"_links":{"self":[{"href":"https:\/\/talivera.fr\/actualites\/wp-json\/wp\/v2\/posts\/2591","targetHints":{"allow":["GET"]}}],"collection":[{"href":"https:\/\/talivera.fr\/actualites\/wp-json\/wp\/v2\/posts"}],"about":[{"href":"https:\/\/talivera.fr\/actualites\/wp-json\/wp\/v2\/types\/post"}],"author":[{"embeddable":true,"href":"https:\/\/talivera.fr\/actualites\/wp-json\/wp\/v2\/users\/3"}],"replies":[{"embeddable":true,"href":"https:\/\/talivera.fr\/actualites\/wp-json\/wp\/v2\/comments?post=2591"}],"version-history":[{"count":23,"href":"https:\/\/talivera.fr\/actualites\/wp-json\/wp\/v2\/posts\/2591\/revisions"}],"predecessor-version":[{"id":2802,"href":"https:\/\/talivera.fr\/actualites\/wp-json\/wp\/v2\/posts\/2591\/revisions\/2802"}],"wp:featuredmedia":[{"embeddable":true,"href":"https:\/\/talivera.fr\/actualites\/wp-json\/wp\/v2\/media\/2599"}],"wp:attachment":[{"href":"https:\/\/talivera.fr\/actualites\/wp-json\/wp\/v2\/media?parent=2591"}],"wp:term":[{"taxonomy":"category","embeddable":true,"href":"https:\/\/talivera.fr\/actualites\/wp-json\/wp\/v2\/categories?post=2591"},{"taxonomy":"post_tag","embeddable":true,"href":"https:\/\/talivera.fr\/actualites\/wp-json\/wp\/v2\/tags?post=2591"}],"curies":[{"name":"wp","href":"https:\/\/api.w.org\/{rel}","templated":true}]}}