{"id":2362,"date":"2023-05-11T12:55:00","date_gmt":"2023-05-11T10:55:00","guid":{"rendered":"https:\/\/talivera.fr\/actualites\/?p=2362"},"modified":"2023-05-26T12:12:52","modified_gmt":"2023-05-26T10:12:52","slug":"le-bien-etre-dans-lart","status":"publish","type":"post","link":"https:\/\/talivera.fr\/actualites\/le-bien-etre-dans-lart\/","title":{"rendered":"Le bien-\u00eatre dans l\u2019Art"},"content":{"rendered":"\n<!--nextpage-->\n\n\n\n<p class=\"has-text-align-justify\">Comment percevez-vous l\u2019art ? Le voyez-vous comme le cours d\u2019arts plastiques au coll\u00e8ge, le solf\u00e8ge que vous aviez fait \u00e9tant plus jeune, ou encore au travers d\u2019un bon film ? Une chose est s\u00fbre, l\u2019art est pr\u00e9sent dans nos vies ! Connaissez-vous vraiment son int\u00e9r\u00eat ?&nbsp;<\/p>\n\n\n\n<p class=\"has-text-align-justify\">L\u2019art est par d\u00e9finition m\u00eame une activit\u00e9, le produit de cette activit\u00e9 ou l\u2019id\u00e9e que l\u2019on s\u2019en fait s\u2019adressant d\u00e9lib\u00e9r\u00e9ment aux sens, aux \u00e9motions, aux intuitions&nbsp;et \u00e0 l\u2019intellect ! D\u00e9couvrez les bienfaits de l&rsquo;art avec Talivera.<\/p>\n\n\n\n<figure class=\"wp-block-gallery alignwide has-nested-images columns-default is-cropped wp-block-gallery-1 is-layout-flex wp-block-gallery-is-layout-flex\">\n<figure class=\"wp-block-image size-large\"><img loading=\"lazy\" decoding=\"async\" width=\"1024\" height=\"682\" data-id=\"3893\" src=\"https:\/\/talivera.fr\/actualites\/wp-content\/uploads\/2020\/07\/talivera-e-cafe-bien-etre-dans-l-art-exposition-art-1024x682.jpeg\" alt=\"exposition vue grand angle avec de nombreux tableaux et visiteurs\" class=\"wp-image-3893\" srcset=\"https:\/\/talivera.fr\/actualites\/wp-content\/uploads\/2020\/07\/talivera-e-cafe-bien-etre-dans-l-art-exposition-art-1024x682.jpeg 1024w, https:\/\/talivera.fr\/actualites\/wp-content\/uploads\/2020\/07\/talivera-e-cafe-bien-etre-dans-l-art-exposition-art-300x200.jpeg 300w, https:\/\/talivera.fr\/actualites\/wp-content\/uploads\/2020\/07\/talivera-e-cafe-bien-etre-dans-l-art-exposition-art-768x512.jpeg 768w, https:\/\/talivera.fr\/actualites\/wp-content\/uploads\/2020\/07\/talivera-e-cafe-bien-etre-dans-l-art-exposition-art-1536x1024.jpeg 1536w, https:\/\/talivera.fr\/actualites\/wp-content\/uploads\/2020\/07\/talivera-e-cafe-bien-etre-dans-l-art-exposition-art-90x60.jpeg 90w, https:\/\/talivera.fr\/actualites\/wp-content\/uploads\/2020\/07\/talivera-e-cafe-bien-etre-dans-l-art-exposition-art-600x400.jpeg 600w, https:\/\/talivera.fr\/actualites\/wp-content\/uploads\/2020\/07\/talivera-e-cafe-bien-etre-dans-l-art-exposition-art.jpeg 1880w\" sizes=\"auto, (max-width: 1024px) 100vw, 1024px\" \/><\/figure>\n\n\n\n<figure class=\"wp-block-image size-large\"><img loading=\"lazy\" decoding=\"async\" width=\"1024\" height=\"682\" data-id=\"3894\" src=\"https:\/\/talivera.fr\/actualites\/wp-content\/uploads\/2020\/07\/talivera-e-cafe-bien-etre-dans-l-art-street-art-1024x682.jpeg\" alt=\"Fresque monumentale aux couleurs vives repr\u00e9sentant une femme aux origines d'Am\u00e9rique du Sud\" class=\"wp-image-3894\" srcset=\"https:\/\/talivera.fr\/actualites\/wp-content\/uploads\/2020\/07\/talivera-e-cafe-bien-etre-dans-l-art-street-art-1024x682.jpeg 1024w, https:\/\/talivera.fr\/actualites\/wp-content\/uploads\/2020\/07\/talivera-e-cafe-bien-etre-dans-l-art-street-art-300x200.jpeg 300w, https:\/\/talivera.fr\/actualites\/wp-content\/uploads\/2020\/07\/talivera-e-cafe-bien-etre-dans-l-art-street-art-768x512.jpeg 768w, https:\/\/talivera.fr\/actualites\/wp-content\/uploads\/2020\/07\/talivera-e-cafe-bien-etre-dans-l-art-street-art-1536x1024.jpeg 1536w, https:\/\/talivera.fr\/actualites\/wp-content\/uploads\/2020\/07\/talivera-e-cafe-bien-etre-dans-l-art-street-art-90x60.jpeg 90w, https:\/\/talivera.fr\/actualites\/wp-content\/uploads\/2020\/07\/talivera-e-cafe-bien-etre-dans-l-art-street-art-600x400.jpeg 600w, https:\/\/talivera.fr\/actualites\/wp-content\/uploads\/2020\/07\/talivera-e-cafe-bien-etre-dans-l-art-street-art.jpeg 1880w\" sizes=\"auto, (max-width: 1024px) 100vw, 1024px\" \/><\/figure>\n<\/figure>\n\n\n\n<p><\/p>\n\n\n\n<h2 class=\"wp-block-heading\">L&rsquo;art oeuvre pour notre bien-\u00eatre<\/h2>\n\n\n\n<p class=\"has-text-align-justify\">Une cr\u00e9ation artistique peut aussi bien \u00eatre une peinture de Matisse, une symphonie de Mozart qu&rsquo;une musique en vogue, tel qu&rsquo;\u00ab&nbsp;Anissa&nbsp;\u00bb de Wejdene, ou alors votre propre poterie faite maison.<\/p>\n\n\n\n<p class=\"has-text-align-justify\">Nous ne retrouvons chez aucune esp\u00e8ce animale des cr\u00e9ations qui peuvent se rapprocher d\u2019\u0153uvres artistiques. On peut donc affirmer que l\u2019art est le propre de l\u2019humain : quelle chance nous avons !<\/p>\n\n\n\n<p class=\"has-text-align-justify\">L&rsquo;une des fonctions que celui-ci peut avoir est&nbsp;<a target=\"_blank\" href=\"https:\/\/talivera.fr\/actualites\/ressourcez-vous-avec-une-pause-bien-etre-et-culture\/\" rel=\"noreferrer noopener\"><strong>d\u2019\u0153uvrer pour notre bien-\u00eatre<\/strong><\/a>, et ce, pour plusieurs raisons.<\/p>\n\n\n\n<p class=\"has-text-align-justify\">Il a \u00e9t\u00e9 prouv\u00e9 scientifiquement que tout type d&rsquo;art provoque un stimulus int\u00e9rieur qui cr\u00e9e de la dopamine; plus commun\u00e9ment appel\u00e9 l\u2019hormone du plaisir.&nbsp;<strong>L&rsquo;art-th\u00e9rapeute<\/strong>&nbsp;existe v\u00e9ritablement : il est b\u00e9n\u00e9fique pour notre sant\u00e9. En effet, celui-ci lib\u00e8re notre cerveau de la r\u00e9alit\u00e9 et nous tend les bras pour plus de&nbsp;<strong>bonheur<\/strong>, en laissant libre cours \u00e0 notre imagination et ce sans restriction.&nbsp;<\/p>\n\n\n\n<p class=\"has-text-align-justify\">Vous connaissez tous cette sensation car vous l\u2019avez \u00e9prouv\u00e9 au moins une fois dans votre vie lors du d\u00e9ballage d\u2019un cadeau par exemple! \u00c0 ce propos, saviez-vous que&nbsp;<a href=\"https:\/\/talivera.fr\/actualites\/comprendre-la-demarche-artiste-christo\/\" target=\"_blank\" rel=\"noreferrer noopener\">l\u2019emballage ou empaquetage est un art \u00e0 part enti\u00e8re capable de provoquer toutes sortes d\u2019\u00e9motions&nbsp;?<\/a>&nbsp;Il a rendu c\u00e9l\u00e8bre Christo et sa femme Jeanne-Claude et leurs r\u00e9alisations aussi controvers\u00e9es que fascinantes (emballage du Pont-Neuf \u00e0 Paris, du Reichstag \u00e0 Berlin, etc.)<\/p>\n\n\n\n<p class=\"has-text-align-justify\">L\u2019art&nbsp;n\u2019est pas cens\u00e9 susciter exclusivement des questions existentielles, il est l\u00e0 aussi pour r\u00e9veiller toutes les \u00e9motions enfouies au plus profond de nous-m\u00eame. Il permet d\u2019\u00e9vacuer tous ressentis, positifs ou n\u00e9gatifs et nous aide \u00e0 ressentir un profond bien-\u00eatre, un apaisement.&nbsp;<\/p>\n\n\n\n<p class=\"has-text-align-justify\">Paradoxalement, alors que l&rsquo;art est profond\u00e9ment subjectif &#8211; il nous fait \u00e9prouver des \u00e9motions tr\u00e8s personnelles &#8211; il anime simultan\u00e9ment en nous un fort d\u00e9sir de partager notre plaisir avec autrui. L&rsquo;art sociabilise, il donne envie de partager !&nbsp;<\/p>\n\n\n\n<p class=\"has-text-align-justify\">Vous n\u2019y croyez toujours pas ? Faites-vous votre propre avis gr\u00e2ce \u00e0 une exp\u00e9rience Talivera. \u00c9motions fortes et vari\u00e9es garanties !<\/p>\n\n\n\n<figure class=\"wp-block-gallery alignwide has-nested-images columns-default is-cropped wp-block-gallery-2 is-layout-flex wp-block-gallery-is-layout-flex\">\n<figure class=\"wp-block-image size-large\"><img loading=\"lazy\" decoding=\"async\" width=\"683\" height=\"1024\" data-id=\"3888\" src=\"https:\/\/talivera.fr\/actualites\/wp-content\/uploads\/2020\/07\/talivera-e-cafe-bien-etre-dans-l-art-musique-683x1024.jpeg\" alt=\"Jeune femme qui \u00e9coute de la musique et qui danse \" class=\"wp-image-3888\"\/><\/figure>\n\n\n\n<figure class=\"wp-block-image size-large\"><img loading=\"lazy\" decoding=\"async\" width=\"1024\" height=\"682\" data-id=\"3889\" src=\"https:\/\/talivera.fr\/actualites\/wp-content\/uploads\/2020\/07\/talivera-e-cafe-bien-etre-dans-l-art-peinture-1024x682.jpeg\" alt=\"Jeune femme qui peint\" class=\"wp-image-3889\" srcset=\"https:\/\/talivera.fr\/actualites\/wp-content\/uploads\/2020\/07\/talivera-e-cafe-bien-etre-dans-l-art-peinture-1024x682.jpeg 1024w, https:\/\/talivera.fr\/actualites\/wp-content\/uploads\/2020\/07\/talivera-e-cafe-bien-etre-dans-l-art-peinture-300x200.jpeg 300w, https:\/\/talivera.fr\/actualites\/wp-content\/uploads\/2020\/07\/talivera-e-cafe-bien-etre-dans-l-art-peinture-768x512.jpeg 768w, https:\/\/talivera.fr\/actualites\/wp-content\/uploads\/2020\/07\/talivera-e-cafe-bien-etre-dans-l-art-peinture-1536x1024.jpeg 1536w, https:\/\/talivera.fr\/actualites\/wp-content\/uploads\/2020\/07\/talivera-e-cafe-bien-etre-dans-l-art-peinture-90x60.jpeg 90w, https:\/\/talivera.fr\/actualites\/wp-content\/uploads\/2020\/07\/talivera-e-cafe-bien-etre-dans-l-art-peinture-600x400.jpeg 600w, https:\/\/talivera.fr\/actualites\/wp-content\/uploads\/2020\/07\/talivera-e-cafe-bien-etre-dans-l-art-peinture.jpeg 1880w\" sizes=\"auto, (max-width: 1024px) 100vw, 1024px\" \/><\/figure>\n<\/figure>\n\n\n\n<p><\/p>\n\n\n\n<h2 class=\"wp-block-heading\">Une activit\u00e9 \u00e0 pratiquer sans mod\u00e9ration !<\/h2>\n\n\n\n<p class=\"has-text-align-justify\">Il est aussi&nbsp;<strong>primordial<\/strong>&nbsp;que les enfants puissent jouir d&rsquo;une activit\u00e9 artistique d\u00e8s le plus jeune \u00e2ge. En effet, la pratique de celle-ci, que ce soit de la danse, de la peinture, du chant ou autre permet aux enfants de d\u00e9velopper plusieurs capacit\u00e9s comme&nbsp;<strong>l\u2019attention, la m\u00e9morisation, la lecture et le s\u00e9quencement, l\u2019ouverture d\u2019esprit, la tol\u00e9rance<\/strong>. Sans parler de la joie qu\u2019ils vont d\u00e9velopper en cr\u00e9ant ou produisant de l\u2019art et en faisant jouer leurs&nbsp;<strong>cr\u00e9ativit\u00e9s<\/strong>&nbsp;!<\/p>\n\n\n\n<p class=\"has-text-align-justify\">Ainsi, l&rsquo;art, sans \u00eatre un \u00e9l\u00e9ment vital de notre vie, peut s&rsquo;av\u00e9rer n&rsquo;exister que dans le but de procurer du plaisir \u00e0 l&rsquo;Homme ! En d\u00e9finitive, osez le pratiquer! Que vous en soyez l&rsquo;auteur ou le r\u00e9cepteur, il n&rsquo;y a que du positif qui puisse vous arriver !&nbsp;\ud83d\ude04<\/p>\n\n\n\n<p class=\"has-text-align-justify\">Voil\u00e0 pourquoi aujourd\u2019hui Talivera pr\u00f4ne une nouvelle fa\u00e7on de bien vivre gr\u00e2ce \u00e0 l\u2019art et la culture : des&nbsp;<strong>activit\u00e9s culturelles<\/strong>&nbsp;divertissantes et instructives qui vous donnent un plein d\u2019informations mais aussi d\u2019\u00e9motions car \u00e9change et partage sont au c\u0153ur de toutes ses activit\u00e9s. Et puisqu\u2019une pratique r\u00e9guli\u00e8re est la cl\u00e9, optez pour une nouvelle fa\u00e7on de consommer l\u2019art :&nbsp;<a href=\"https:\/\/talivera.fr\/subscription\" target=\"_blank\" rel=\"noreferrer noopener\"><strong>un abonnement personnalis\u00e9<\/strong>.<\/a><\/p>\n\n\n\n<p class=\"has-text-align-justify\"><strong>R\u00e9inventez-vous avec l&rsquo;art et la culture<\/strong>&nbsp;et entretenez votre bien-\u00eatre avec les programmes diversifi\u00e9s de<a href=\"https:\/\/talivera.fr\/subscription\"> <mark style=\"background-color:rgba(0, 0, 0, 0);color:#35105c\" class=\"has-inline-color\">TALIVERA.FR<\/mark> <\/a>!<\/p>\n\n\n\n<figure class=\"wp-block-gallery alignwide has-nested-images columns-default is-cropped wp-block-gallery-3 is-layout-flex wp-block-gallery-is-layout-flex\">\n<figure class=\"wp-block-image size-large\"><img loading=\"lazy\" decoding=\"async\" width=\"683\" height=\"1024\" data-id=\"3897\" src=\"https:\/\/talivera.fr\/actualites\/wp-content\/uploads\/2020\/07\/pexels-photo-4483093-683x1024.jpeg\" alt=\"Dessin \u00e0 l'acrylique jaune et noir\" class=\"wp-image-3897\" srcset=\"https:\/\/talivera.fr\/actualites\/wp-content\/uploads\/2020\/07\/pexels-photo-4483093-683x1024.jpeg 683w, https:\/\/talivera.fr\/actualites\/wp-content\/uploads\/2020\/07\/pexels-photo-4483093-200x300.jpeg 200w, https:\/\/talivera.fr\/actualites\/wp-content\/uploads\/2020\/07\/pexels-photo-4483093-768x1152.jpeg 768w, https:\/\/talivera.fr\/actualites\/wp-content\/uploads\/2020\/07\/pexels-photo-4483093-40x60.jpeg 40w, https:\/\/talivera.fr\/actualites\/wp-content\/uploads\/2020\/07\/pexels-photo-4483093-600x900.jpeg 600w, https:\/\/talivera.fr\/actualites\/wp-content\/uploads\/2020\/07\/pexels-photo-4483093.jpeg 867w\" sizes=\"auto, (max-width: 683px) 100vw, 683px\" \/><\/figure>\n\n\n\n<figure class=\"wp-block-image size-large\"><img loading=\"lazy\" decoding=\"async\" width=\"683\" height=\"1024\" data-id=\"3896\" src=\"https:\/\/talivera.fr\/actualites\/wp-content\/uploads\/2020\/07\/pexels-photo-3660035-683x1024.jpeg\" alt=\"jeune femme en train de peindre Avec de la peinture sur tout le corps\" class=\"wp-image-3896\" srcset=\"https:\/\/talivera.fr\/actualites\/wp-content\/uploads\/2020\/07\/pexels-photo-3660035-683x1024.jpeg 683w, https:\/\/talivera.fr\/actualites\/wp-content\/uploads\/2020\/07\/pexels-photo-3660035-200x300.jpeg 200w, https:\/\/talivera.fr\/actualites\/wp-content\/uploads\/2020\/07\/pexels-photo-3660035-768x1152.jpeg 768w, https:\/\/talivera.fr\/actualites\/wp-content\/uploads\/2020\/07\/pexels-photo-3660035-40x60.jpeg 40w, https:\/\/talivera.fr\/actualites\/wp-content\/uploads\/2020\/07\/pexels-photo-3660035-600x900.jpeg 600w, https:\/\/talivera.fr\/actualites\/wp-content\/uploads\/2020\/07\/pexels-photo-3660035.jpeg 867w\" sizes=\"auto, (max-width: 683px) 100vw, 683px\" \/><\/figure>\n<\/figure>\n\n\n\n<p class=\"has-text-align-justify\">Pour tout d\u00e9couvrir de l&rsquo;Art et de la culture depuis le confort de chez vous, retrouvez notre s\u00e9lection de conf\u00e9rence en ligne interactives et conviviales, sur notre site<a href=\"https:\/\/talivera.fr\/page\/13\/experiences-en-ligne\"> Talivera &#8211; Conf\u00e9rence en ligne.<\/a><\/p>\n\n\n\n<p class=\"has-text-align-justify\">Restons connect\u00e9s, et partagez-nous vos bons plans culturels sur&nbsp;<strong><a href=\"https:\/\/www.instagram.com\/talivera_\/?hl=fr\" target=\"_blank\" rel=\"noreferrer noopener\"><mark style=\"background-color:rgba(0, 0, 0, 0);color:#35105c\" class=\"has-inline-color\">Instagram<\/mark><\/a><\/strong>&nbsp;et&nbsp;<strong><a href=\"https:\/\/www.facebook.com\/sortirdecouvrir\/\" target=\"_blank\" rel=\"noreferrer noopener\"><mark style=\"background-color:rgba(0, 0, 0, 0);color:#35105c\" class=\"has-inline-color\">Facebook<\/mark><\/a><\/strong>&nbsp;\u2728<\/p>\n","protected":false},"excerpt":{"rendered":"<p>Comment percevez-vous l\u2019art ? Le voyez-vous comme le cours d\u2019arts plastiques au coll\u00e8ge, le solf\u00e8ge que vous aviez fait \u00e9tant plus jeune, ou encore au travers d\u2019un bon film ? Une chose est s\u00fbre, l\u2019art est pr\u00e9sent dans nos vies ! Connaissez-vous vraiment son int\u00e9r\u00eat ?&nbsp; L\u2019art est par d\u00e9finition m\u00eame une activit\u00e9, le produit &hellip;<\/p>\n<p class=\"read-more\"> <a class=\"\" href=\"https:\/\/talivera.fr\/actualites\/le-bien-etre-dans-lart\/\"> <span class=\"screen-reader-text\">Le bien-\u00eatre dans l\u2019Art<\/span> Lire la suite\u00a0\u00bb<\/a><\/p>\n","protected":false},"author":1,"featured_media":3887,"comment_status":"open","ping_status":"open","sticky":false,"template":"","format":"standard","meta":{"_jetpack_memberships_contains_paid_content":false,"footnotes":""},"categories":[197],"tags":[],"class_list":["post-2362","post","type-post","status-publish","format-standard","has-post-thumbnail","hentry","category-le-bien-etre-grace-a-la-culture"],"yoast_head":"<!-- This site is optimized with the Yoast SEO plugin v24.9 - https:\/\/yoast.com\/wordpress\/plugins\/seo\/ -->\n<title>Le bien-\u00eatre dans l\u2019Art<\/title>\n<meta name=\"description\" content=\"C&#039;est scientifiquement prouv\u00e9 : l&#039;art est un vecteur de bien-\u00eatre ! D\u00e9couvrez ses nombreux bienfaits avec Talivera.\" \/>\n<meta name=\"robots\" content=\"index, follow, max-snippet:-1, max-image-preview:large, max-video-preview:-1\" \/>\n<link rel=\"canonical\" href=\"https:\/\/talivera.fr\/actualites\/le-bien-etre-dans-lart\/\" \/>\n<link rel=\"next\" href=\"https:\/\/talivera.fr\/actualites\/le-bien-etre-dans-lart\/2\/\" \/>\n<meta property=\"og:locale\" content=\"fr_FR\" \/>\n<meta property=\"og:type\" content=\"article\" \/>\n<meta property=\"og:title\" content=\"Le bien-\u00eatre dans l\u2019Art\" \/>\n<meta property=\"og:description\" content=\"C&#039;est scientifiquement prouv\u00e9 : l&#039;art est un vecteur de bien-\u00eatre ! D\u00e9couvrez ses nombreux bienfaits avec Talivera.\" \/>\n<meta property=\"og:url\" content=\"https:\/\/talivera.fr\/actualites\/le-bien-etre-dans-lart\/\" \/>\n<meta property=\"og:site_name\" content=\"Culture Bien-\u00eatre\" \/>\n<meta property=\"article:author\" content=\"https:\/\/www.facebook.com\/sortirdecouvrir\/\" \/>\n<meta property=\"article:published_time\" content=\"2023-05-11T10:55:00+00:00\" \/>\n<meta property=\"article:modified_time\" content=\"2023-05-26T10:12:52+00:00\" \/>\n<meta property=\"og:image\" content=\"https:\/\/talivera.fr\/actualites\/wp-content\/uploads\/2020\/07\/talivera-e-cafe-bien-etre-dans-l-art.jpg\" \/>\n\t<meta property=\"og:image:width\" content=\"1920\" \/>\n\t<meta property=\"og:image:height\" content=\"760\" \/>\n\t<meta property=\"og:image:type\" content=\"image\/jpeg\" \/>\n<meta name=\"author\" content=\"talivera\" \/>\n<meta name=\"twitter:card\" content=\"summary_large_image\" \/>\n<meta name=\"twitter:creator\" content=\"@https:\/\/twitter.com\/talivera_\" \/>\n<meta name=\"twitter:label1\" content=\"\u00c9crit par\" \/>\n\t<meta name=\"twitter:data1\" content=\"talivera\" \/>\n\t<meta name=\"twitter:label2\" content=\"Dur\u00e9e de lecture estim\u00e9e\" \/>\n\t<meta name=\"twitter:data2\" content=\"5 minutes\" \/>\n<script type=\"application\/ld+json\" class=\"yoast-schema-graph\">{\"@context\":\"https:\/\/schema.org\",\"@graph\":[{\"@type\":\"Article\",\"@id\":\"https:\/\/talivera.fr\/actualites\/le-bien-etre-dans-lart\/#article\",\"isPartOf\":{\"@id\":\"https:\/\/talivera.fr\/actualites\/le-bien-etre-dans-lart\/\"},\"author\":{\"name\":\"talivera\",\"@id\":\"https:\/\/talivera.fr\/actualites\/#\/schema\/person\/6f7da364c6dd2c35a1268d64d87d2133\"},\"headline\":\"Le bien-\u00eatre dans l\u2019Art\",\"datePublished\":\"2023-05-11T10:55:00+00:00\",\"dateModified\":\"2023-05-26T10:12:52+00:00\",\"mainEntityOfPage\":{\"@id\":\"https:\/\/talivera.fr\/actualites\/le-bien-etre-dans-lart\/\"},\"wordCount\":776,\"commentCount\":0,\"publisher\":{\"@id\":\"https:\/\/talivera.fr\/actualites\/#organization\"},\"image\":{\"@id\":\"https:\/\/talivera.fr\/actualites\/le-bien-etre-dans-lart\/#primaryimage\"},\"thumbnailUrl\":\"https:\/\/talivera.fr\/actualites\/wp-content\/uploads\/2020\/07\/talivera-e-cafe-bien-etre-dans-l-art.jpg\",\"articleSection\":[\"Art qui fait du bien\"],\"inLanguage\":\"fr-FR\",\"potentialAction\":[{\"@type\":\"CommentAction\",\"name\":\"Comment\",\"target\":[\"https:\/\/talivera.fr\/actualites\/le-bien-etre-dans-lart\/#respond\"]}]},{\"@type\":\"WebPage\",\"@id\":\"https:\/\/talivera.fr\/actualites\/le-bien-etre-dans-lart\/\",\"url\":\"https:\/\/talivera.fr\/actualites\/le-bien-etre-dans-lart\/\",\"name\":\"Le bien-\u00eatre dans l\u2019Art\",\"isPartOf\":{\"@id\":\"https:\/\/talivera.fr\/actualites\/#website\"},\"primaryImageOfPage\":{\"@id\":\"https:\/\/talivera.fr\/actualites\/le-bien-etre-dans-lart\/#primaryimage\"},\"image\":{\"@id\":\"https:\/\/talivera.fr\/actualites\/le-bien-etre-dans-lart\/#primaryimage\"},\"thumbnailUrl\":\"https:\/\/talivera.fr\/actualites\/wp-content\/uploads\/2020\/07\/talivera-e-cafe-bien-etre-dans-l-art.jpg\",\"datePublished\":\"2023-05-11T10:55:00+00:00\",\"dateModified\":\"2023-05-26T10:12:52+00:00\",\"description\":\"C'est scientifiquement prouv\u00e9 : l'art est un vecteur de bien-\u00eatre ! D\u00e9couvrez ses nombreux bienfaits avec Talivera.\",\"inLanguage\":\"fr-FR\",\"potentialAction\":[{\"@type\":\"ReadAction\",\"target\":[\"https:\/\/talivera.fr\/actualites\/le-bien-etre-dans-lart\/\"]}]},{\"@type\":\"ImageObject\",\"inLanguage\":\"fr-FR\",\"@id\":\"https:\/\/talivera.fr\/actualites\/le-bien-etre-dans-lart\/#primaryimage\",\"url\":\"https:\/\/talivera.fr\/actualites\/wp-content\/uploads\/2020\/07\/talivera-e-cafe-bien-etre-dans-l-art.jpg\",\"contentUrl\":\"https:\/\/talivera.fr\/actualites\/wp-content\/uploads\/2020\/07\/talivera-e-cafe-bien-etre-dans-l-art.jpg\",\"width\":1920,\"height\":760,\"caption\":\"talivera-e-cafe-bien-etre-dans-l-art\"},{\"@type\":\"WebSite\",\"@id\":\"https:\/\/talivera.fr\/actualites\/#website\",\"url\":\"https:\/\/talivera.fr\/actualites\/\",\"name\":\"Culture Bien-\u00eatre\",\"description\":\"Talivera, plus proche de la culture\",\"publisher\":{\"@id\":\"https:\/\/talivera.fr\/actualites\/#organization\"},\"potentialAction\":[{\"@type\":\"SearchAction\",\"target\":{\"@type\":\"EntryPoint\",\"urlTemplate\":\"https:\/\/talivera.fr\/actualites\/?s={search_term_string}\"},\"query-input\":{\"@type\":\"PropertyValueSpecification\",\"valueRequired\":true,\"valueName\":\"search_term_string\"}}],\"inLanguage\":\"fr-FR\"},{\"@type\":\"Organization\",\"@id\":\"https:\/\/talivera.fr\/actualites\/#organization\",\"name\":\"Culture Bien-\u00eatre\",\"url\":\"https:\/\/talivera.fr\/actualites\/\",\"logo\":{\"@type\":\"ImageObject\",\"inLanguage\":\"fr-FR\",\"@id\":\"https:\/\/talivera.fr\/actualites\/#\/schema\/logo\/image\/\",\"url\":\"https:\/\/talivera.fr\/actualites\/wp-content\/uploads\/2022\/06\/cropped-cropped-TALI-Logo-fond-blanc-SS-220513.png\",\"contentUrl\":\"https:\/\/talivera.fr\/actualites\/wp-content\/uploads\/2022\/06\/cropped-cropped-TALI-Logo-fond-blanc-SS-220513.png\",\"width\":760,\"height\":272,\"caption\":\"Culture Bien-\u00eatre\"},\"image\":{\"@id\":\"https:\/\/talivera.fr\/actualites\/#\/schema\/logo\/image\/\"}},{\"@type\":\"Person\",\"@id\":\"https:\/\/talivera.fr\/actualites\/#\/schema\/person\/6f7da364c6dd2c35a1268d64d87d2133\",\"name\":\"talivera\",\"image\":{\"@type\":\"ImageObject\",\"inLanguage\":\"fr-FR\",\"@id\":\"https:\/\/talivera.fr\/actualites\/#\/schema\/person\/image\/\",\"url\":\"https:\/\/secure.gravatar.com\/avatar\/9cc99a2be3b13f52ccf55b39d3952bc77029d605431f7c7570ce9a2963513de9?s=96&d=mm&r=g\",\"contentUrl\":\"https:\/\/secure.gravatar.com\/avatar\/9cc99a2be3b13f52ccf55b39d3952bc77029d605431f7c7570ce9a2963513de9?s=96&d=mm&r=g\",\"caption\":\"talivera\"},\"sameAs\":[\"https:\/\/talivera.fr\",\"https:\/\/www.facebook.com\/sortirdecouvrir\/\",\"https:\/\/www.instagram.com\/talivera_\/?hl=fr\",\"https:\/\/x.com\/https:\/\/twitter.com\/talivera_\"],\"url\":\"https:\/\/talivera.fr\/actualites\/author\/talivera\/\"}]}<\/script>\n<!-- \/ Yoast SEO plugin. -->","yoast_head_json":{"title":"Le bien-\u00eatre dans l\u2019Art","description":"C'est scientifiquement prouv\u00e9 : l'art est un vecteur de bien-\u00eatre ! D\u00e9couvrez ses nombreux bienfaits avec Talivera.","robots":{"index":"index","follow":"follow","max-snippet":"max-snippet:-1","max-image-preview":"max-image-preview:large","max-video-preview":"max-video-preview:-1"},"canonical":"https:\/\/talivera.fr\/actualites\/le-bien-etre-dans-lart\/","next":"https:\/\/talivera.fr\/actualites\/le-bien-etre-dans-lart\/2\/","og_locale":"fr_FR","og_type":"article","og_title":"Le bien-\u00eatre dans l\u2019Art","og_description":"C'est scientifiquement prouv\u00e9 : l'art est un vecteur de bien-\u00eatre ! D\u00e9couvrez ses nombreux bienfaits avec Talivera.","og_url":"https:\/\/talivera.fr\/actualites\/le-bien-etre-dans-lart\/","og_site_name":"Culture Bien-\u00eatre","article_author":"https:\/\/www.facebook.com\/sortirdecouvrir\/","article_published_time":"2023-05-11T10:55:00+00:00","article_modified_time":"2023-05-26T10:12:52+00:00","og_image":[{"width":1920,"height":760,"url":"https:\/\/talivera.fr\/actualites\/wp-content\/uploads\/2020\/07\/talivera-e-cafe-bien-etre-dans-l-art.jpg","type":"image\/jpeg"}],"author":"talivera","twitter_card":"summary_large_image","twitter_creator":"@https:\/\/twitter.com\/talivera_","twitter_misc":{"\u00c9crit par":"talivera","Dur\u00e9e de lecture estim\u00e9e":"5 minutes"},"schema":{"@context":"https:\/\/schema.org","@graph":[{"@type":"Article","@id":"https:\/\/talivera.fr\/actualites\/le-bien-etre-dans-lart\/#article","isPartOf":{"@id":"https:\/\/talivera.fr\/actualites\/le-bien-etre-dans-lart\/"},"author":{"name":"talivera","@id":"https:\/\/talivera.fr\/actualites\/#\/schema\/person\/6f7da364c6dd2c35a1268d64d87d2133"},"headline":"Le bien-\u00eatre dans l\u2019Art","datePublished":"2023-05-11T10:55:00+00:00","dateModified":"2023-05-26T10:12:52+00:00","mainEntityOfPage":{"@id":"https:\/\/talivera.fr\/actualites\/le-bien-etre-dans-lart\/"},"wordCount":776,"commentCount":0,"publisher":{"@id":"https:\/\/talivera.fr\/actualites\/#organization"},"image":{"@id":"https:\/\/talivera.fr\/actualites\/le-bien-etre-dans-lart\/#primaryimage"},"thumbnailUrl":"https:\/\/talivera.fr\/actualites\/wp-content\/uploads\/2020\/07\/talivera-e-cafe-bien-etre-dans-l-art.jpg","articleSection":["Art qui fait du bien"],"inLanguage":"fr-FR","potentialAction":[{"@type":"CommentAction","name":"Comment","target":["https:\/\/talivera.fr\/actualites\/le-bien-etre-dans-lart\/#respond"]}]},{"@type":"WebPage","@id":"https:\/\/talivera.fr\/actualites\/le-bien-etre-dans-lart\/","url":"https:\/\/talivera.fr\/actualites\/le-bien-etre-dans-lart\/","name":"Le bien-\u00eatre dans l\u2019Art","isPartOf":{"@id":"https:\/\/talivera.fr\/actualites\/#website"},"primaryImageOfPage":{"@id":"https:\/\/talivera.fr\/actualites\/le-bien-etre-dans-lart\/#primaryimage"},"image":{"@id":"https:\/\/talivera.fr\/actualites\/le-bien-etre-dans-lart\/#primaryimage"},"thumbnailUrl":"https:\/\/talivera.fr\/actualites\/wp-content\/uploads\/2020\/07\/talivera-e-cafe-bien-etre-dans-l-art.jpg","datePublished":"2023-05-11T10:55:00+00:00","dateModified":"2023-05-26T10:12:52+00:00","description":"C'est scientifiquement prouv\u00e9 : l'art est un vecteur de bien-\u00eatre ! D\u00e9couvrez ses nombreux bienfaits avec Talivera.","inLanguage":"fr-FR","potentialAction":[{"@type":"ReadAction","target":["https:\/\/talivera.fr\/actualites\/le-bien-etre-dans-lart\/"]}]},{"@type":"ImageObject","inLanguage":"fr-FR","@id":"https:\/\/talivera.fr\/actualites\/le-bien-etre-dans-lart\/#primaryimage","url":"https:\/\/talivera.fr\/actualites\/wp-content\/uploads\/2020\/07\/talivera-e-cafe-bien-etre-dans-l-art.jpg","contentUrl":"https:\/\/talivera.fr\/actualites\/wp-content\/uploads\/2020\/07\/talivera-e-cafe-bien-etre-dans-l-art.jpg","width":1920,"height":760,"caption":"talivera-e-cafe-bien-etre-dans-l-art"},{"@type":"WebSite","@id":"https:\/\/talivera.fr\/actualites\/#website","url":"https:\/\/talivera.fr\/actualites\/","name":"Culture Bien-\u00eatre","description":"Talivera, plus proche de la culture","publisher":{"@id":"https:\/\/talivera.fr\/actualites\/#organization"},"potentialAction":[{"@type":"SearchAction","target":{"@type":"EntryPoint","urlTemplate":"https:\/\/talivera.fr\/actualites\/?s={search_term_string}"},"query-input":{"@type":"PropertyValueSpecification","valueRequired":true,"valueName":"search_term_string"}}],"inLanguage":"fr-FR"},{"@type":"Organization","@id":"https:\/\/talivera.fr\/actualites\/#organization","name":"Culture Bien-\u00eatre","url":"https:\/\/talivera.fr\/actualites\/","logo":{"@type":"ImageObject","inLanguage":"fr-FR","@id":"https:\/\/talivera.fr\/actualites\/#\/schema\/logo\/image\/","url":"https:\/\/talivera.fr\/actualites\/wp-content\/uploads\/2022\/06\/cropped-cropped-TALI-Logo-fond-blanc-SS-220513.png","contentUrl":"https:\/\/talivera.fr\/actualites\/wp-content\/uploads\/2022\/06\/cropped-cropped-TALI-Logo-fond-blanc-SS-220513.png","width":760,"height":272,"caption":"Culture Bien-\u00eatre"},"image":{"@id":"https:\/\/talivera.fr\/actualites\/#\/schema\/logo\/image\/"}},{"@type":"Person","@id":"https:\/\/talivera.fr\/actualites\/#\/schema\/person\/6f7da364c6dd2c35a1268d64d87d2133","name":"talivera","image":{"@type":"ImageObject","inLanguage":"fr-FR","@id":"https:\/\/talivera.fr\/actualites\/#\/schema\/person\/image\/","url":"https:\/\/secure.gravatar.com\/avatar\/9cc99a2be3b13f52ccf55b39d3952bc77029d605431f7c7570ce9a2963513de9?s=96&d=mm&r=g","contentUrl":"https:\/\/secure.gravatar.com\/avatar\/9cc99a2be3b13f52ccf55b39d3952bc77029d605431f7c7570ce9a2963513de9?s=96&d=mm&r=g","caption":"talivera"},"sameAs":["https:\/\/talivera.fr","https:\/\/www.facebook.com\/sortirdecouvrir\/","https:\/\/www.instagram.com\/talivera_\/?hl=fr","https:\/\/x.com\/https:\/\/twitter.com\/talivera_"],"url":"https:\/\/talivera.fr\/actualites\/author\/talivera\/"}]}},"jetpack_featured_media_url":"https:\/\/talivera.fr\/actualites\/wp-content\/uploads\/2020\/07\/talivera-e-cafe-bien-etre-dans-l-art.jpg","jetpack_sharing_enabled":true,"_links":{"self":[{"href":"https:\/\/talivera.fr\/actualites\/wp-json\/wp\/v2\/posts\/2362","targetHints":{"allow":["GET"]}}],"collection":[{"href":"https:\/\/talivera.fr\/actualites\/wp-json\/wp\/v2\/posts"}],"about":[{"href":"https:\/\/talivera.fr\/actualites\/wp-json\/wp\/v2\/types\/post"}],"author":[{"embeddable":true,"href":"https:\/\/talivera.fr\/actualites\/wp-json\/wp\/v2\/users\/1"}],"replies":[{"embeddable":true,"href":"https:\/\/talivera.fr\/actualites\/wp-json\/wp\/v2\/comments?post=2362"}],"version-history":[{"count":39,"href":"https:\/\/talivera.fr\/actualites\/wp-json\/wp\/v2\/posts\/2362\/revisions"}],"predecessor-version":[{"id":10544,"href":"https:\/\/talivera.fr\/actualites\/wp-json\/wp\/v2\/posts\/2362\/revisions\/10544"}],"wp:featuredmedia":[{"embeddable":true,"href":"https:\/\/talivera.fr\/actualites\/wp-json\/wp\/v2\/media\/3887"}],"wp:attachment":[{"href":"https:\/\/talivera.fr\/actualites\/wp-json\/wp\/v2\/media?parent=2362"}],"wp:term":[{"taxonomy":"category","embeddable":true,"href":"https:\/\/talivera.fr\/actualites\/wp-json\/wp\/v2\/categories?post=2362"},{"taxonomy":"post_tag","embeddable":true,"href":"https:\/\/talivera.fr\/actualites\/wp-json\/wp\/v2\/tags?post=2362"}],"curies":[{"name":"wp","href":"https:\/\/api.w.org\/{rel}","templated":true}]}}