{"id":1388,"date":"2020-06-26T11:01:00","date_gmt":"2020-06-26T09:01:00","guid":{"rendered":"https:\/\/talivera.fr\/actualites\/?p=1388"},"modified":"2020-09-21T16:40:45","modified_gmt":"2020-09-21T14:40:45","slug":"delacroix-sa-palette-en-details","status":"publish","type":"post","link":"https:\/\/talivera.fr\/actualites\/delacroix-sa-palette-en-details\/","title":{"rendered":"ZOOM ARTISTE : Eugene Delacroix"},"content":{"rendered":"\n<p class=\"has-medium-font-size\">Connu pour \u00eatre l&rsquo;un des grands repr\u00e9sentants du courant romantique, plongez dans la vie de Delacroix \u00e0 travers divers \u00e9pisodes qui lui permirent entre autres, d&rsquo;atteindre la <em>fame<\/em> qu&rsquo;il a aujourd&rsquo;hui ! <\/p>\n\n\n\n<p><\/p>\n\n\n\n<h2 class=\"wp-block-heading\"><strong>\ud83d\ude32Un orphelin \u00e0 la vie tumultueuse\ud83d\ude32 <\/strong><\/h2>\n\n\n\n<p class=\"has-very-light-gray-background-color has-background\">Delacroix (1798-1863) nait dans une famille ruin\u00e9e dont il est rapidement orphelin. Jeune, il est persuad\u00e9 que <strong>seule la peinture permet d\u2019atteindre le prestige<\/strong>. Il devient l\u2019\u00e9l\u00e8ve du peintre Gu\u00e9rin. <\/p>\n\n\n\n<p class=\"has-very-light-gray-background-color has-background\">Sa vie de d\u00e9roule en parall\u00e8le avec un contexte historique et politique mouvement\u00e9, marqu\u00e9 par la chute de Napol\u00e9on Ier, puis par l\u2019arriv\u00e9e au pouvoir des fr\u00e8res de Louis XVI en charge de la restauration&nbsp;: Louis XVIII et Charles X. <\/p>\n\n\n\n<h2 class=\"wp-block-heading\"><strong>\ud83d\udde3Un peintre qui fait scandale\ud83d\udde3 <\/strong><\/h2>\n\n\n\n<p class=\"has-very-light-gray-background-color has-background\">Jeune peintre convaincu, en 1822 il expose au Salon <em>La Barque de Dantes<\/em>. Le sujet et son traitement marquent un attachement au mouvement pr\u00e9pond\u00e9rant du moment, l&rsquo;\u00e9cole classique, mais font preuve d&rsquo;innovations qui seront au centre du romantisme. <\/p>\n\n\n\n<div class=\"wp-block-image\"><figure class=\"aligncenter is-resized\"><img loading=\"lazy\" decoding=\"async\" src=\"https:\/\/talivera.fr\/actualites\/wp-content\/uploads\/2019\/06\/barque-dantes-1024x767.jpg\" alt=\"\" class=\"wp-image-1393\" width=\"513\" height=\"384\" srcset=\"https:\/\/talivera.fr\/actualites\/wp-content\/uploads\/2019\/06\/barque-dantes-1024x767.jpg 1024w, https:\/\/talivera.fr\/actualites\/wp-content\/uploads\/2019\/06\/barque-dantes-300x225.jpg 300w, https:\/\/talivera.fr\/actualites\/wp-content\/uploads\/2019\/06\/barque-dantes-768x575.jpg 768w, https:\/\/talivera.fr\/actualites\/wp-content\/uploads\/2019\/06\/barque-dantes.jpg 1400w\" sizes=\"auto, (max-width: 513px) 100vw, 513px\" \/><figcaption><em>La Barque de Dantes<\/em>, 1822,  Delacroix, Paris, Mus\u00e9e du Louvre<\/figcaption><\/figure><\/div>\n\n\n\n<p class=\"has-very-light-gray-background-color has-background\">Chez lui, la couleur prend le dessus sur la ligne, le mouvement sur la raideur et l\u2019\u00e9motion sur la technique. Ce qui lui vaudra la foudre des critiques. <\/p>\n\n\n\n<p class=\"has-very-light-gray-background-color has-background\">\u00c2g\u00e9 de 24 ans, le peintre, d\u00e9fendu par Baudelaire d\u00e9clare&nbsp;: \u00ab&nbsp;je n\u2019aime pas la peinture raisonnable&nbsp;\u00bb. \ud83d\udcac<\/p>\n\n\n\n<h2 class=\"wp-block-heading\"><strong>\ud83d\udc81\u200d\u2642\ufe0fUn peintre engag\u00e9 \ud83d\udc81\u200d\u2642\ufe0f<\/strong><\/h2>\n\n\n\n<p class=\"has-very-light-gray-background-color has-background\">Plus tard, il choque au salon avec la <em>Libert\u00e9 guidant le peuple<\/em>. La toile, qui donne une place importante au bleu \u2013 blanc- rouge d\u00e9montre l\u2019engagement du peintre qui dira \u201csi je ne me bats pas pour ma patrie au moins peindrais-je pour elle\u201d. \ud83d\udcac<\/p>\n\n\n\n<div class=\"wp-block-image\"><figure class=\"aligncenter is-resized\"><img loading=\"lazy\" decoding=\"async\" src=\"https:\/\/talivera.fr\/actualites\/wp-content\/uploads\/2019\/06\/libert\u00e9.jpg\" alt=\"\" class=\"wp-image-1392\" width=\"524\" height=\"414\" srcset=\"https:\/\/talivera.fr\/actualites\/wp-content\/uploads\/2019\/06\/libert\u00e9.jpg 757w, https:\/\/talivera.fr\/actualites\/wp-content\/uploads\/2019\/06\/libert\u00e9-300x237.jpg 300w\" sizes=\"auto, (max-width: 524px) 100vw, 524px\" \/><figcaption><em>La Libert\u00e9 guidant le peuple<\/em>, 1830, Delacroix, Paris, Mus\u00e9e du Louvre<\/figcaption><\/figure><\/div>\n\n\n\n<p class=\"has-very-light-gray-background-color has-background\">Pour certains, Delacroix n\u2019a pas uniquement peint la R\u00e9publique\u2026 Il s\u2019est aussi repr\u00e9sent\u00e9 aux c\u00f4t\u00e9s de celle-ci&nbsp;! L&rsquo;homme en chapeau haut de forme, arme en main, \u00e0 gauche de la R\u00e9publique serait un autoportrait ! \ud83e\udd33<\/p>\n\n\n\n<p class=\"has-very-light-gray-background-color has-background\">Si cette peinture est consid\u00e9r\u00e9e comme <strong>un symbole de la R\u00e9publique<\/strong> aujourd\u2019hui, les spectateurs ont \u00e9t\u00e9 choqu\u00e9s par sa nudit\u00e9&#8230;<\/p>\n\n\n\n<p class=\"has-very-light-gray-background-color has-background\">Les surnoms allaient de bon train \u00e0 l\u2019\u00e9poque&nbsp;: elle a \u00e9t\u00e9 compar\u00e9e en particulier \u00e0 une \u00ab&nbsp;courtisane de bas \u00e9tages&nbsp;\u00bb et une \u00ab&nbsp;fille publique&nbsp;\u00bb \u2026 La toile fut finalement achet\u00e9e par la L\u00e9gion d\u2019honneur en 1831, sur ordre de Louis Philippe. <\/p>\n\n\n\n<h2 class=\"wp-block-heading\"><strong>\ud83d\uddfaUn peintre voyageur\ud83d\uddfa<\/strong><\/h2>\n\n\n\n<p class=\"has-very-light-gray-background-color has-background\">Avant d\u2019effectuer son voyage en Orient, l\u2019artiste t\u00e9moigne d\u00e9j\u00e0 d\u2019un int\u00e9r\u00eat pour ce lieu r\u00eav\u00e9. <\/p>\n\n\n\n<p class=\"has-very-light-gray-background-color has-background\">En 1827, au Salon, il expose <em>la Mort de Sardanapale<\/em>, sc\u00e8ne de suicide orgiaque, traduisant son app\u00e9tit pour \u00ab la bonne grasse couleur \u00bb. \ud83d\udcac<\/p>\n\n\n\n<p class=\"has-very-light-gray-background-color has-background\"> Expos\u00e9e face \u00e0 <em>l\u2019Apoth\u00e9ose d\u2019Hom<\/em>\u00e8re dans laquelle l\u2019ordre et la rigueur sont rois, la toile fait \u00e0 nouveau scandale et sa r\u00e9ception est un vrai \u00e9chec. <\/p>\n\n\n\n<figure class=\"wp-block-image\"><img loading=\"lazy\" decoding=\"async\" width=\"675\" height=\"258\" src=\"https:\/\/talivera.fr\/actualites\/wp-content\/uploads\/2019\/06\/delacroix-ingres.png\" alt=\"\" class=\"wp-image-1395\" srcset=\"https:\/\/talivera.fr\/actualites\/wp-content\/uploads\/2019\/06\/delacroix-ingres.png 675w, https:\/\/talivera.fr\/actualites\/wp-content\/uploads\/2019\/06\/delacroix-ingres-300x115.png 300w\" sizes=\"auto, (max-width: 675px) 100vw, 675px\" \/><figcaption><em>La mort de Sardanapale<\/em>, Delacroix, 1827 &#8211; Face \u00e0 &#8211; <em>l&rsquo;Apoth\u00e9ose d&rsquo;Hom\u00e8re, <\/em>Ingres, 1827<\/figcaption><\/figure>\n\n\n\n<p class=\"has-very-light-gray-background-color has-background\">D\u2019ailleurs cette repr\u00e9sentation de l\u2019Orient est bien \u00e9loign\u00e9e de ce qu\u2019il verra <em>in situ<\/em>\u2026 <\/p>\n\n\n\n<p class=\"has-very-light-gray-background-color has-background\">L&rsquo;artiste se rend en Alg\u00e9rie \u00e0 l&rsquo;occasion d&rsquo;une mission diplomatique initi\u00e9e par Louis Philippe. <\/p>\n\n\n\n<div class=\"wp-block-image\"><figure class=\"aligncenter is-resized\"><img loading=\"lazy\" decoding=\"async\" src=\"https:\/\/talivera.fr\/actualites\/wp-content\/uploads\/2019\/06\/femmes-dalger-bis.jpg\" alt=\"\" class=\"wp-image-1390\" width=\"524\" height=\"404\" srcset=\"https:\/\/talivera.fr\/actualites\/wp-content\/uploads\/2019\/06\/femmes-dalger-bis.jpg 800w, https:\/\/talivera.fr\/actualites\/wp-content\/uploads\/2019\/06\/femmes-dalger-bis-300x232.jpg 300w, https:\/\/talivera.fr\/actualites\/wp-content\/uploads\/2019\/06\/femmes-dalger-bis-768x593.jpg 768w\" sizes=\"auto, (max-width: 524px) 100vw, 524px\" \/><figcaption><em>Femmes d&rsquo;Alger<\/em>, dessin de Delacroix<\/figcaption><\/figure><\/div>\n\n\n\n<div class=\"wp-block-image\"><figure class=\"aligncenter is-resized\"><img loading=\"lazy\" decoding=\"async\" src=\"https:\/\/talivera.fr\/actualites\/wp-content\/uploads\/2019\/06\/femmes-dalger.jpg\" alt=\"\" class=\"wp-image-1391\" width=\"535\" height=\"419\" srcset=\"https:\/\/talivera.fr\/actualites\/wp-content\/uploads\/2019\/06\/femmes-dalger.jpg 800w, https:\/\/talivera.fr\/actualites\/wp-content\/uploads\/2019\/06\/femmes-dalger-300x235.jpg 300w, https:\/\/talivera.fr\/actualites\/wp-content\/uploads\/2019\/06\/femmes-dalger-768x601.jpg 768w\" sizes=\"auto, (max-width: 535px) 100vw, 535px\" \/><figcaption><em>Femmes d&rsquo;Alger<\/em>, dessin de Delacroix<\/figcaption><\/figure><\/div>\n\n\n\n<p class=\"has-very-light-gray-background-color has-background\">Ebloui par la beaut\u00e9 des lieux et le caract\u00e8re intact de la soci\u00e9t\u00e9 qu\u2019il voit, le peintre reviendra en France avec sept carnets de croquis qu\u2019il consultera tout au long de sa vie. Il \u00e9voque l\u2019Orient comme un lieu o\u00f9 \u00ab&nbsp;le pittoresque abonde, le sublime vous assassine de sa r\u00e9alit\u00e9&nbsp;\u00bb. \ud83d\udcac<\/p>\n\n\n\n<p class=\"has-very-light-gray-background-color has-background\">\u00ab&nbsp;C\u2019est en eux que j\u2019ai vraiment trouv\u00e9 la beaut\u00e9 antique&nbsp;\u00bb&nbsp;&nbsp; dira le peintre \u00e0 propos des mod\u00e8les marocains qu\u2019il fait poser pour ses peintures. \ud83d\udcac<\/p>\n\n\n\n<h2 class=\"wp-block-heading\">\ud83d\udc8f<strong>Un peintre amoureux<\/strong>\ud83d\udc8f<\/h2>\n\n\n\n<p class=\"has-very-light-gray-background-color has-background\">A son retour \u00e0 Paris, le peintre est d\u00e9phas\u00e9, d\u00e9pays\u00e9, il se sent \u00e9tranger. Il s\u2019enferme dans son atelier pour y travailler d\u2019arrache-pied ! <\/p>\n\n\n\n<p class=\"has-very-light-gray-background-color has-background\">Il entretient cependant une relation extraconjugale \u00e9pistolaire avec la petite ni\u00e8ce de l&rsquo;imp\u00e9ratrice, 1\u00e8re \u00e9pouse de Napol\u00e9on, Jos\u00e9phine de Beauharnais jusqu\u2019\u00e0 sa mort\u2026 mais en v\u00e9ritable amoureux de la peinture, ce dernier dira \u00ab&nbsp;la peinture est la ma\u00eetresse la plus exigeante qu\u2019il soit&nbsp;\u00bb. \ud83d\udcac<\/p>\n\n\n\n<h2 class=\"wp-block-heading\">\ud83d\udd8c<strong>Un peintre prolifique<\/strong>\ud83d\udd8c<\/h2>\n\n\n\n<p class=\"has-very-light-gray-background-color has-background\">En 1864, l\u2019int\u00e9gralit\u00e9 de son atelier fut mise en vente publique. La vente a permis de r\u00e9pertorier un total de 1000 dessins dans lesquels l\u2019artiste a puis\u00e9 jusqu\u2019\u00e0 sa mort en 1863&nbsp;! <\/p>\n\n\n\n<div class=\"wp-block-image\"><figure class=\"aligncenter is-resized\"><img loading=\"lazy\" decoding=\"async\" src=\"https:\/\/talivera.fr\/actualites\/wp-content\/uploads\/2019\/06\/carnet-1024x892.jpg\" alt=\"\" class=\"wp-image-1460\" width=\"436\" height=\"380\" srcset=\"https:\/\/talivera.fr\/actualites\/wp-content\/uploads\/2019\/06\/carnet-1024x892.jpg 1024w, https:\/\/talivera.fr\/actualites\/wp-content\/uploads\/2019\/06\/carnet-300x261.jpg 300w, https:\/\/talivera.fr\/actualites\/wp-content\/uploads\/2019\/06\/carnet-768x669.jpg 768w\" sizes=\"auto, (max-width: 436px) 100vw, 436px\" \/><figcaption>Carnet de croquis de Delacroix<\/figcaption><\/figure><\/div>\n\n\n\n<p class=\"has-cyan-bluish-gray-background-color has-background\">A l&rsquo;occasion de l&rsquo;<strong>exposition \u00ab\u00a0Paris Romantique 1815-1848<\/strong>\u00a0\u00bb organis\u00e9e par le mus\u00e9e le Petit Palais \u00e0 Paris qui a lieu actuellement jusqu&rsquo;au 15 septembre 2019, vous pouvez d\u00e9couvrir la magnifique \u0153uvre <em><strong>Christ au Jardin des Oliviers<\/strong><\/em>, qui vient tout juste d&rsquo;\u00eatre restaur\u00e9e ! <\/p>\n\n\n\n<p class=\"has-text-color has-background\" style=\"background-color:#4c458d;color:#fffcfc\"><a href=\"https:\/\/talivera.fr\/exposition\/paris-romantique-a88\">Cliquez ici pour aller voir Paris Romantique avec TALIVERA, prochaine sortie le 3 aout \u00e0 10h30. <\/a><\/p>\n\n\n\n<figure class=\"wp-block-image\"><img loading=\"lazy\" decoding=\"async\" width=\"1024\" height=\"647\" src=\"https:\/\/talivera.fr\/actualites\/wp-content\/uploads\/2019\/06\/413004_10150639577826943_326329138_o-1024x647.jpg\" alt=\"\" class=\"wp-image-1590\" srcset=\"https:\/\/talivera.fr\/actualites\/wp-content\/uploads\/2019\/06\/413004_10150639577826943_326329138_o-1024x647.jpg 1024w, https:\/\/talivera.fr\/actualites\/wp-content\/uploads\/2019\/06\/413004_10150639577826943_326329138_o-300x189.jpg 300w, https:\/\/talivera.fr\/actualites\/wp-content\/uploads\/2019\/06\/413004_10150639577826943_326329138_o-768x485.jpg 768w, https:\/\/talivera.fr\/actualites\/wp-content\/uploads\/2019\/06\/413004_10150639577826943_326329138_o.jpg 2048w\" sizes=\"auto, (max-width: 1024px) 100vw, 1024px\" \/><figcaption><a href=\"https:\/\/www.facebook.com\/events\/2402981859923085\/\">Ev\u00e9nement : Visite guid\u00e9e + Echange avec notre guide Ariane<\/a><\/figcaption><\/figure>\n\n\n\n<p class=\"has-text-color has-background\" style=\"background-color:#4c458d;color:#fffcfc\">Restons connect\u00e9s, rejoignez-nous sur&nbsp;<strong><a href=\"https:\/\/www.instagram.com\/talivera_\/?hl=fr\">Instagram<\/a><\/strong>&nbsp;et&nbsp;<strong><a href=\"https:\/\/www.facebook.com\/sortirdecouvrir\/\">Facebook<\/a><\/strong> \ud83d\ude0a<\/p>\n","protected":false},"excerpt":{"rendered":"<p>nnu pour \u00eatre l&rsquo;un des grands repr\u00e9sentants du courant romantique, plongez dans la vie de Delacroix \u00e0 travers divers \u00e9pisodes qui lui permirent entre autres, d&rsquo;atteindre la fame qu&rsquo;il a aujourd&rsquo;hui ! <\/p>\n","protected":false},"author":1,"featured_media":1436,"comment_status":"open","ping_status":"open","sticky":false,"template":"","format":"standard","meta":{"_jetpack_memberships_contains_paid_content":false,"footnotes":""},"categories":[2,135],"tags":[11,64,66,68,67,63,62],"class_list":["post-1388","post","type-post","status-publish","format-standard","has-post-thumbnail","hentry","category-musee","category-zoom-artiste","tag-art","tag-eugene-delacroix","tag-liberte","tag-napoleon","tag-peinture","tag-petit-palais","tag-romantisme"],"yoast_head":"<!-- This site is optimized with the Yoast SEO plugin v24.9 - https:\/\/yoast.com\/wordpress\/plugins\/seo\/ -->\n<title>ZOOM ARTISTE : Eugene Delacroix - Culture Bien-\u00eatre<\/title>\n<meta name=\"description\" content=\"Connu pour \u00eatre le peintre de La Libert\u00e9 guidant le peuple, la production de Delacroix est pleine d&#039;histoire et de symboles qui persistent aujourd&#039;hui.\" \/>\n<meta name=\"robots\" content=\"index, follow, max-snippet:-1, max-image-preview:large, max-video-preview:-1\" \/>\n<link rel=\"canonical\" href=\"https:\/\/talivera.fr\/actualites\/delacroix-sa-palette-en-details\/\" \/>\n<meta property=\"og:locale\" content=\"fr_FR\" \/>\n<meta property=\"og:type\" content=\"article\" \/>\n<meta property=\"og:title\" content=\"ZOOM ARTISTE : Eugene Delacroix - Culture Bien-\u00eatre\" \/>\n<meta property=\"og:description\" content=\"Connu pour \u00eatre le peintre de La Libert\u00e9 guidant le peuple, la production de Delacroix est pleine d&#039;histoire et de symboles qui persistent aujourd&#039;hui.\" \/>\n<meta property=\"og:url\" content=\"https:\/\/talivera.fr\/actualites\/delacroix-sa-palette-en-details\/\" \/>\n<meta property=\"og:site_name\" content=\"Culture Bien-\u00eatre\" \/>\n<meta property=\"article:author\" content=\"https:\/\/www.facebook.com\/sortirdecouvrir\/\" \/>\n<meta property=\"article:published_time\" content=\"2020-06-26T09:01:00+00:00\" \/>\n<meta property=\"article:modified_time\" content=\"2020-09-21T14:40:45+00:00\" \/>\n<meta property=\"og:image\" content=\"https:\/\/talivera.fr\/actualites\/wp-content\/uploads\/2019\/06\/dela.jpg\" \/>\n\t<meta property=\"og:image:width\" content=\"847\" \/>\n\t<meta property=\"og:image:height\" content=\"1023\" \/>\n\t<meta property=\"og:image:type\" content=\"image\/jpeg\" \/>\n<meta name=\"author\" content=\"talivera\" \/>\n<meta name=\"twitter:card\" content=\"summary_large_image\" \/>\n<meta name=\"twitter:creator\" content=\"@https:\/\/twitter.com\/talivera_\" \/>\n<meta name=\"twitter:label1\" content=\"\u00c9crit par\" \/>\n\t<meta name=\"twitter:data1\" content=\"talivera\" \/>\n\t<meta name=\"twitter:label2\" content=\"Dur\u00e9e de lecture estim\u00e9e\" \/>\n\t<meta name=\"twitter:data2\" content=\"4 minutes\" \/>\n<script type=\"application\/ld+json\" class=\"yoast-schema-graph\">{\"@context\":\"https:\/\/schema.org\",\"@graph\":[{\"@type\":\"Article\",\"@id\":\"https:\/\/talivera.fr\/actualites\/delacroix-sa-palette-en-details\/#article\",\"isPartOf\":{\"@id\":\"https:\/\/talivera.fr\/actualites\/delacroix-sa-palette-en-details\/\"},\"author\":{\"name\":\"talivera\",\"@id\":\"https:\/\/talivera.fr\/actualites\/#\/schema\/person\/6f7da364c6dd2c35a1268d64d87d2133\"},\"headline\":\"ZOOM ARTISTE : Eugene Delacroix\",\"datePublished\":\"2020-06-26T09:01:00+00:00\",\"dateModified\":\"2020-09-21T14:40:45+00:00\",\"mainEntityOfPage\":{\"@id\":\"https:\/\/talivera.fr\/actualites\/delacroix-sa-palette-en-details\/\"},\"wordCount\":826,\"commentCount\":0,\"publisher\":{\"@id\":\"https:\/\/talivera.fr\/actualites\/#organization\"},\"image\":{\"@id\":\"https:\/\/talivera.fr\/actualites\/delacroix-sa-palette-en-details\/#primaryimage\"},\"thumbnailUrl\":\"https:\/\/talivera.fr\/actualites\/wp-content\/uploads\/2019\/06\/dela.jpg\",\"keywords\":[\"art\",\"Eug\u00e8ne Delacroix\",\"Libert\u00e9\",\"Napol\u00e9on\",\"Peinture\",\"petit palais\",\"romantisme\"],\"articleSection\":[\"Mus\u00e9e\",\"Zoom artiste\"],\"inLanguage\":\"fr-FR\",\"potentialAction\":[{\"@type\":\"CommentAction\",\"name\":\"Comment\",\"target\":[\"https:\/\/talivera.fr\/actualites\/delacroix-sa-palette-en-details\/#respond\"]}]},{\"@type\":\"WebPage\",\"@id\":\"https:\/\/talivera.fr\/actualites\/delacroix-sa-palette-en-details\/\",\"url\":\"https:\/\/talivera.fr\/actualites\/delacroix-sa-palette-en-details\/\",\"name\":\"ZOOM ARTISTE : Eugene Delacroix - Culture Bien-\u00eatre\",\"isPartOf\":{\"@id\":\"https:\/\/talivera.fr\/actualites\/#website\"},\"primaryImageOfPage\":{\"@id\":\"https:\/\/talivera.fr\/actualites\/delacroix-sa-palette-en-details\/#primaryimage\"},\"image\":{\"@id\":\"https:\/\/talivera.fr\/actualites\/delacroix-sa-palette-en-details\/#primaryimage\"},\"thumbnailUrl\":\"https:\/\/talivera.fr\/actualites\/wp-content\/uploads\/2019\/06\/dela.jpg\",\"datePublished\":\"2020-06-26T09:01:00+00:00\",\"dateModified\":\"2020-09-21T14:40:45+00:00\",\"description\":\"Connu pour \u00eatre le peintre de La Libert\u00e9 guidant le peuple, la production de Delacroix est pleine d'histoire et de symboles qui persistent aujourd'hui.\",\"breadcrumb\":{\"@id\":\"https:\/\/talivera.fr\/actualites\/delacroix-sa-palette-en-details\/#breadcrumb\"},\"inLanguage\":\"fr-FR\",\"potentialAction\":[{\"@type\":\"ReadAction\",\"target\":[\"https:\/\/talivera.fr\/actualites\/delacroix-sa-palette-en-details\/\"]}]},{\"@type\":\"ImageObject\",\"inLanguage\":\"fr-FR\",\"@id\":\"https:\/\/talivera.fr\/actualites\/delacroix-sa-palette-en-details\/#primaryimage\",\"url\":\"https:\/\/talivera.fr\/actualites\/wp-content\/uploads\/2019\/06\/dela.jpg\",\"contentUrl\":\"https:\/\/talivera.fr\/actualites\/wp-content\/uploads\/2019\/06\/dela.jpg\",\"width\":847,\"height\":1023},{\"@type\":\"BreadcrumbList\",\"@id\":\"https:\/\/talivera.fr\/actualites\/delacroix-sa-palette-en-details\/#breadcrumb\",\"itemListElement\":[{\"@type\":\"ListItem\",\"position\":1,\"name\":\"Home\",\"item\":\"https:\/\/talivera.fr\/actualites\/\"},{\"@type\":\"ListItem\",\"position\":2,\"name\":\"ZOOM ARTISTE : Eugene Delacroix\"}]},{\"@type\":\"WebSite\",\"@id\":\"https:\/\/talivera.fr\/actualites\/#website\",\"url\":\"https:\/\/talivera.fr\/actualites\/\",\"name\":\"Culture Bien-\u00eatre\",\"description\":\"Talivera, plus proche de la culture\",\"publisher\":{\"@id\":\"https:\/\/talivera.fr\/actualites\/#organization\"},\"potentialAction\":[{\"@type\":\"SearchAction\",\"target\":{\"@type\":\"EntryPoint\",\"urlTemplate\":\"https:\/\/talivera.fr\/actualites\/?s={search_term_string}\"},\"query-input\":{\"@type\":\"PropertyValueSpecification\",\"valueRequired\":true,\"valueName\":\"search_term_string\"}}],\"inLanguage\":\"fr-FR\"},{\"@type\":\"Organization\",\"@id\":\"https:\/\/talivera.fr\/actualites\/#organization\",\"name\":\"Culture Bien-\u00eatre\",\"url\":\"https:\/\/talivera.fr\/actualites\/\",\"logo\":{\"@type\":\"ImageObject\",\"inLanguage\":\"fr-FR\",\"@id\":\"https:\/\/talivera.fr\/actualites\/#\/schema\/logo\/image\/\",\"url\":\"https:\/\/talivera.fr\/actualites\/wp-content\/uploads\/2022\/06\/cropped-cropped-TALI-Logo-fond-blanc-SS-220513.png\",\"contentUrl\":\"https:\/\/talivera.fr\/actualites\/wp-content\/uploads\/2022\/06\/cropped-cropped-TALI-Logo-fond-blanc-SS-220513.png\",\"width\":760,\"height\":272,\"caption\":\"Culture Bien-\u00eatre\"},\"image\":{\"@id\":\"https:\/\/talivera.fr\/actualites\/#\/schema\/logo\/image\/\"}},{\"@type\":\"Person\",\"@id\":\"https:\/\/talivera.fr\/actualites\/#\/schema\/person\/6f7da364c6dd2c35a1268d64d87d2133\",\"name\":\"talivera\",\"image\":{\"@type\":\"ImageObject\",\"inLanguage\":\"fr-FR\",\"@id\":\"https:\/\/talivera.fr\/actualites\/#\/schema\/person\/image\/\",\"url\":\"https:\/\/secure.gravatar.com\/avatar\/9cc99a2be3b13f52ccf55b39d3952bc77029d605431f7c7570ce9a2963513de9?s=96&d=mm&r=g\",\"contentUrl\":\"https:\/\/secure.gravatar.com\/avatar\/9cc99a2be3b13f52ccf55b39d3952bc77029d605431f7c7570ce9a2963513de9?s=96&d=mm&r=g\",\"caption\":\"talivera\"},\"sameAs\":[\"https:\/\/talivera.fr\",\"https:\/\/www.facebook.com\/sortirdecouvrir\/\",\"https:\/\/www.instagram.com\/talivera_\/?hl=fr\",\"https:\/\/x.com\/https:\/\/twitter.com\/talivera_\"],\"url\":\"https:\/\/talivera.fr\/actualites\/author\/talivera\/\"}]}<\/script>\n<!-- \/ Yoast SEO plugin. -->","yoast_head_json":{"title":"ZOOM ARTISTE : Eugene Delacroix - Culture Bien-\u00eatre","description":"Connu pour \u00eatre le peintre de La Libert\u00e9 guidant le peuple, la production de Delacroix est pleine d'histoire et de symboles qui persistent aujourd'hui.","robots":{"index":"index","follow":"follow","max-snippet":"max-snippet:-1","max-image-preview":"max-image-preview:large","max-video-preview":"max-video-preview:-1"},"canonical":"https:\/\/talivera.fr\/actualites\/delacroix-sa-palette-en-details\/","og_locale":"fr_FR","og_type":"article","og_title":"ZOOM ARTISTE : Eugene Delacroix - Culture Bien-\u00eatre","og_description":"Connu pour \u00eatre le peintre de La Libert\u00e9 guidant le peuple, la production de Delacroix est pleine d'histoire et de symboles qui persistent aujourd'hui.","og_url":"https:\/\/talivera.fr\/actualites\/delacroix-sa-palette-en-details\/","og_site_name":"Culture Bien-\u00eatre","article_author":"https:\/\/www.facebook.com\/sortirdecouvrir\/","article_published_time":"2020-06-26T09:01:00+00:00","article_modified_time":"2020-09-21T14:40:45+00:00","og_image":[{"width":847,"height":1023,"url":"https:\/\/talivera.fr\/actualites\/wp-content\/uploads\/2019\/06\/dela.jpg","type":"image\/jpeg"}],"author":"talivera","twitter_card":"summary_large_image","twitter_creator":"@https:\/\/twitter.com\/talivera_","twitter_misc":{"\u00c9crit par":"talivera","Dur\u00e9e de lecture estim\u00e9e":"4 minutes"},"schema":{"@context":"https:\/\/schema.org","@graph":[{"@type":"Article","@id":"https:\/\/talivera.fr\/actualites\/delacroix-sa-palette-en-details\/#article","isPartOf":{"@id":"https:\/\/talivera.fr\/actualites\/delacroix-sa-palette-en-details\/"},"author":{"name":"talivera","@id":"https:\/\/talivera.fr\/actualites\/#\/schema\/person\/6f7da364c6dd2c35a1268d64d87d2133"},"headline":"ZOOM ARTISTE : Eugene Delacroix","datePublished":"2020-06-26T09:01:00+00:00","dateModified":"2020-09-21T14:40:45+00:00","mainEntityOfPage":{"@id":"https:\/\/talivera.fr\/actualites\/delacroix-sa-palette-en-details\/"},"wordCount":826,"commentCount":0,"publisher":{"@id":"https:\/\/talivera.fr\/actualites\/#organization"},"image":{"@id":"https:\/\/talivera.fr\/actualites\/delacroix-sa-palette-en-details\/#primaryimage"},"thumbnailUrl":"https:\/\/talivera.fr\/actualites\/wp-content\/uploads\/2019\/06\/dela.jpg","keywords":["art","Eug\u00e8ne Delacroix","Libert\u00e9","Napol\u00e9on","Peinture","petit palais","romantisme"],"articleSection":["Mus\u00e9e","Zoom artiste"],"inLanguage":"fr-FR","potentialAction":[{"@type":"CommentAction","name":"Comment","target":["https:\/\/talivera.fr\/actualites\/delacroix-sa-palette-en-details\/#respond"]}]},{"@type":"WebPage","@id":"https:\/\/talivera.fr\/actualites\/delacroix-sa-palette-en-details\/","url":"https:\/\/talivera.fr\/actualites\/delacroix-sa-palette-en-details\/","name":"ZOOM ARTISTE : Eugene Delacroix - Culture Bien-\u00eatre","isPartOf":{"@id":"https:\/\/talivera.fr\/actualites\/#website"},"primaryImageOfPage":{"@id":"https:\/\/talivera.fr\/actualites\/delacroix-sa-palette-en-details\/#primaryimage"},"image":{"@id":"https:\/\/talivera.fr\/actualites\/delacroix-sa-palette-en-details\/#primaryimage"},"thumbnailUrl":"https:\/\/talivera.fr\/actualites\/wp-content\/uploads\/2019\/06\/dela.jpg","datePublished":"2020-06-26T09:01:00+00:00","dateModified":"2020-09-21T14:40:45+00:00","description":"Connu pour \u00eatre le peintre de La Libert\u00e9 guidant le peuple, la production de Delacroix est pleine d'histoire et de symboles qui persistent aujourd'hui.","breadcrumb":{"@id":"https:\/\/talivera.fr\/actualites\/delacroix-sa-palette-en-details\/#breadcrumb"},"inLanguage":"fr-FR","potentialAction":[{"@type":"ReadAction","target":["https:\/\/talivera.fr\/actualites\/delacroix-sa-palette-en-details\/"]}]},{"@type":"ImageObject","inLanguage":"fr-FR","@id":"https:\/\/talivera.fr\/actualites\/delacroix-sa-palette-en-details\/#primaryimage","url":"https:\/\/talivera.fr\/actualites\/wp-content\/uploads\/2019\/06\/dela.jpg","contentUrl":"https:\/\/talivera.fr\/actualites\/wp-content\/uploads\/2019\/06\/dela.jpg","width":847,"height":1023},{"@type":"BreadcrumbList","@id":"https:\/\/talivera.fr\/actualites\/delacroix-sa-palette-en-details\/#breadcrumb","itemListElement":[{"@type":"ListItem","position":1,"name":"Home","item":"https:\/\/talivera.fr\/actualites\/"},{"@type":"ListItem","position":2,"name":"ZOOM ARTISTE : Eugene Delacroix"}]},{"@type":"WebSite","@id":"https:\/\/talivera.fr\/actualites\/#website","url":"https:\/\/talivera.fr\/actualites\/","name":"Culture Bien-\u00eatre","description":"Talivera, plus proche de la culture","publisher":{"@id":"https:\/\/talivera.fr\/actualites\/#organization"},"potentialAction":[{"@type":"SearchAction","target":{"@type":"EntryPoint","urlTemplate":"https:\/\/talivera.fr\/actualites\/?s={search_term_string}"},"query-input":{"@type":"PropertyValueSpecification","valueRequired":true,"valueName":"search_term_string"}}],"inLanguage":"fr-FR"},{"@type":"Organization","@id":"https:\/\/talivera.fr\/actualites\/#organization","name":"Culture Bien-\u00eatre","url":"https:\/\/talivera.fr\/actualites\/","logo":{"@type":"ImageObject","inLanguage":"fr-FR","@id":"https:\/\/talivera.fr\/actualites\/#\/schema\/logo\/image\/","url":"https:\/\/talivera.fr\/actualites\/wp-content\/uploads\/2022\/06\/cropped-cropped-TALI-Logo-fond-blanc-SS-220513.png","contentUrl":"https:\/\/talivera.fr\/actualites\/wp-content\/uploads\/2022\/06\/cropped-cropped-TALI-Logo-fond-blanc-SS-220513.png","width":760,"height":272,"caption":"Culture Bien-\u00eatre"},"image":{"@id":"https:\/\/talivera.fr\/actualites\/#\/schema\/logo\/image\/"}},{"@type":"Person","@id":"https:\/\/talivera.fr\/actualites\/#\/schema\/person\/6f7da364c6dd2c35a1268d64d87d2133","name":"talivera","image":{"@type":"ImageObject","inLanguage":"fr-FR","@id":"https:\/\/talivera.fr\/actualites\/#\/schema\/person\/image\/","url":"https:\/\/secure.gravatar.com\/avatar\/9cc99a2be3b13f52ccf55b39d3952bc77029d605431f7c7570ce9a2963513de9?s=96&d=mm&r=g","contentUrl":"https:\/\/secure.gravatar.com\/avatar\/9cc99a2be3b13f52ccf55b39d3952bc77029d605431f7c7570ce9a2963513de9?s=96&d=mm&r=g","caption":"talivera"},"sameAs":["https:\/\/talivera.fr","https:\/\/www.facebook.com\/sortirdecouvrir\/","https:\/\/www.instagram.com\/talivera_\/?hl=fr","https:\/\/x.com\/https:\/\/twitter.com\/talivera_"],"url":"https:\/\/talivera.fr\/actualites\/author\/talivera\/"}]}},"jetpack_featured_media_url":"https:\/\/talivera.fr\/actualites\/wp-content\/uploads\/2019\/06\/dela.jpg","jetpack_sharing_enabled":true,"_links":{"self":[{"href":"https:\/\/talivera.fr\/actualites\/wp-json\/wp\/v2\/posts\/1388","targetHints":{"allow":["GET"]}}],"collection":[{"href":"https:\/\/talivera.fr\/actualites\/wp-json\/wp\/v2\/posts"}],"about":[{"href":"https:\/\/talivera.fr\/actualites\/wp-json\/wp\/v2\/types\/post"}],"author":[{"embeddable":true,"href":"https:\/\/talivera.fr\/actualites\/wp-json\/wp\/v2\/users\/1"}],"replies":[{"embeddable":true,"href":"https:\/\/talivera.fr\/actualites\/wp-json\/wp\/v2\/comments?post=1388"}],"version-history":[{"count":53,"href":"https:\/\/talivera.fr\/actualites\/wp-json\/wp\/v2\/posts\/1388\/revisions"}],"predecessor-version":[{"id":2823,"href":"https:\/\/talivera.fr\/actualites\/wp-json\/wp\/v2\/posts\/1388\/revisions\/2823"}],"wp:featuredmedia":[{"embeddable":true,"href":"https:\/\/talivera.fr\/actualites\/wp-json\/wp\/v2\/media\/1436"}],"wp:attachment":[{"href":"https:\/\/talivera.fr\/actualites\/wp-json\/wp\/v2\/media?parent=1388"}],"wp:term":[{"taxonomy":"category","embeddable":true,"href":"https:\/\/talivera.fr\/actualites\/wp-json\/wp\/v2\/categories?post=1388"},{"taxonomy":"post_tag","embeddable":true,"href":"https:\/\/talivera.fr\/actualites\/wp-json\/wp\/v2\/tags?post=1388"}],"curies":[{"name":"wp","href":"https:\/\/api.w.org\/{rel}","templated":true}]}}