{"id":10250,"date":"2024-11-02T11:25:26","date_gmt":"2024-11-02T10:25:26","guid":{"rendered":"https:\/\/talivera.fr\/actualites\/?p=10250"},"modified":"2024-11-08T16:06:14","modified_gmt":"2024-11-08T15:06:14","slug":"le-celebre-photographe-eliott-erwitt-a-lhonneur-a-paris","status":"publish","type":"post","link":"https:\/\/talivera.fr\/actualites\/le-celebre-photographe-eliott-erwitt-a-lhonneur-a-paris\/","title":{"rendered":"Zoom Artiste : Le photographe Elliott Erwitt en 3 points"},"content":{"rendered":"\n<h3 class=\"wp-block-heading has-medium-font-size\" style=\"text-transform:none\">Elliott Erwitt fait partie des photographes les plus c\u00e9l\u00e8bres du monde. Ses oeuvres sont v\u00e9ritablement \u00e9clectiques. Que les moments captur\u00e9s soient intimes, politiques, cocasses ou quelconques, Erwitt les immortalise tous \u00e0 merveille tout en r\u00e9ussissant \u00e0 nous transmettre les \u00e9motions pr\u00e9sentes lors de la sc\u00e8ne. Dans le cadre de l&rsquo;exposition se tenant actuellement au Mus\u00e9e Maillol qui retrace la carri\u00e8re du photographe, red\u00e9couvrez avec Talivera cet artiste incontournable du XX et XXI\u00e8me si\u00e8cles.<\/h3>\n\n\n\n<h2 class=\"wp-block-heading\">La mission d&rsquo;Elliott Erwitt : <strong>immortaliser l&rsquo;humanit\u00e9<\/strong><\/h2>\n\n\n\n<p class=\"has-text-align-justify\">Elio Romano Erwitz na\u00eet en 1928 \u00e0 Paris. Apr\u00e8s avoir pass\u00e9 les dix premi\u00e8res ann\u00e9es de sa vie en Italie, le fils d&rsquo;immigr\u00e9s russes rejoint les \u00c9tats-Unis et devient alors Eliott Erwitt. D\u00e8s son arriv\u00e9e de l&rsquo;autre c\u00f4t\u00e9 de l&rsquo;Atlantique, il commence \u00e0 \u00e9tudier la photographie et le cin\u00e9ma au Los Angeles City College ainsi qu&rsquo;\u00e0 la New School for Social Research. Le photographe et futur r\u00e9alisateur devient tr\u00e8s rapidement passionn\u00e9 par le fait de montrer ce qu&rsquo;il voit. Il rejoint en 1964 la c\u00e9l\u00e8bre agence de photographie Magnum Photos, au c\u00f4t\u00e9 d&rsquo;Edward Steichen, Roy Stryker et Robert Capa. Bien que fortement impliqu\u00e9 dans la photographie de presse et publicitaire, Erwitt souhaite avant tout transmettre les \u00e9motions de moment simples, authentiques et humains. Les plages, les enfants et les villes font partie de ses sujets de pr\u00e9dilection. Il sait parfaitement s&rsquo;effacer et s&rsquo;adapter \u00e0 chaque sc\u00e8ne qu&rsquo;il capture. <\/p>\n\n\n\n<figure class=\"wp-block-image size-large\"><img loading=\"lazy\" decoding=\"async\" width=\"1000\" height=\"395\" src=\"https:\/\/talivera.fr\/actualites\/wp-content\/uploads\/2023\/05\/par11118-1000x395.jpg\" alt=\"Elliott-erwitt-baiser-r\u00e9troviseur-noir-et-blanc\" class=\"wp-image-10265\" srcset=\"https:\/\/talivera.fr\/actualites\/wp-content\/uploads\/2023\/05\/par11118-1000x395.jpg 1000w, https:\/\/talivera.fr\/actualites\/wp-content\/uploads\/2023\/05\/par11118-300x119.jpg 300w, https:\/\/talivera.fr\/actualites\/wp-content\/uploads\/2023\/05\/par11118-768x304.jpg 768w, https:\/\/talivera.fr\/actualites\/wp-content\/uploads\/2023\/05\/par11118.jpg 1300w\" sizes=\"auto, (max-width: 1000px) 100vw, 1000px\" \/><figcaption class=\"wp-element-caption\">USA. Berkeley, California. 1956. \u00a9 Elliott Erwitt \/ Magnum Photos<\/figcaption><\/figure>\n\n\n\n<h2 class=\"wp-block-heading\"><strong>Le noir et blanc<\/strong>, vecteur d&rsquo;\u00e9motions<\/h2>\n\n\n\n<p class=\"has-text-align-justify\">M\u00eame si Eliott Erwitt est plus souvent associ\u00e9 \u00e0 des clich\u00e9s noirs et blancs que couleurs, il ma\u00eetrise les deux techniques. Il choisit une technique plut\u00f4t que l&rsquo;autre selon ce dont il est charg\u00e9 ou non d&rsquo;immortaliser. Son travail personnel est captur\u00e9 en noir et blanc tandis que ses clich\u00e9s professionnels le sont en couleur. L&rsquo;artiste est bien clair quant \u00e0 la distinction qu&rsquo;il fait entre ces deux styles de photographies. Pour Erwitt,  un clich\u00e9 en noir et blanc laisse libre cours aux interpr\u00e9tations de chacun : c&rsquo;est ce qu&rsquo;il recherche dans son travail personnel. \u00c0 l&rsquo;inverse, les couleurs d\u00e9crivent la sc\u00e8ne photographi\u00e9e ce qui correspond aux attentes de ses clients : publicit\u00e9s, reportages, mode&#8230; Cette distinction lui permet \u00e9galement un \u00e9panouissement : d&rsquo;un c\u00f4t\u00e9 l&rsquo;artiste passionn\u00e9 \u00e0 la qu\u00eate de la transmission d&rsquo;\u00e9motions, de l&rsquo;autre le photographe professionnel de talent.<\/p>\n\n\n\n<div class=\"wp-block-columns is-layout-flex wp-container-core-columns-is-layout-9d6595d7 wp-block-columns-is-layout-flex\">\n<div class=\"wp-block-column is-layout-flow wp-block-column-is-layout-flow\" style=\"flex-basis:100%\">\n<div class=\"wp-block-jetpack-tiled-gallery aligncenter is-style-square\"><div class=\"\"><div class=\"tiled-gallery__gallery\"><div class=\"tiled-gallery__row columns-2\"><div class=\"tiled-gallery__col\"><figure class=\"tiled-gallery__item\"><img decoding=\"async\" srcset=\"https:\/\/i0.wp.com\/talivera.fr\/actualites\/wp-content\/uploads\/2023\/05\/enfant-vitre.webp?resize=383%2C383&#038;strip=info&#038;ssl=1 383w\" alt=\"enfant-vitre-eliott-erwitt\" data-height=\"543\" data-id=\"10270\" data-link=\"https:\/\/talivera.fr\/actualites\/?attachment_id=10270\" data-url=\"https:\/\/talivera.fr\/actualites\/wp-content\/uploads\/2023\/05\/enfant-vitre.webp\" data-width=\"383\" src=\"https:\/\/i0.wp.com\/talivera.fr\/actualites\/wp-content\/uploads\/2023\/05\/enfant-vitre.webp?ssl=1&amp;resize=383%2C383\" data-amp-layout=\"responsive\" tabindex=\"0\" role=\"button\" aria-label=\"Ouvrir l\u2019image 1 sur 2 en plein \u00e9cran\"\/><\/figure><\/div><div class=\"tiled-gallery__col\"><figure class=\"tiled-gallery__item\"><img decoding=\"async\" srcset=\"https:\/\/i0.wp.com\/talivera.fr\/actualites\/wp-content\/uploads\/2023\/05\/FRANCE.-Provence.-1955.-_NYC143638_-670x950.jpeg?resize=600%2C600&#038;strip=info&#038;ssl=1 600w,https:\/\/i0.wp.com\/talivera.fr\/actualites\/wp-content\/uploads\/2023\/05\/FRANCE.-Provence.-1955.-_NYC143638_-670x950.jpeg?resize=722%2C722&#038;strip=info&#038;ssl=1 722w\" alt=\"eliott-erwitt-velo-baguette-enfant-provence\" data-height=\"1024\" data-id=\"10268\" data-link=\"https:\/\/talivera.fr\/actualites\/?attachment_id=10268\" data-url=\"https:\/\/talivera.fr\/actualites\/wp-content\/uploads\/2023\/05\/FRANCE.-Provence.-1955.-_NYC143638_-670x950.jpeg\" data-width=\"722\" src=\"https:\/\/i0.wp.com\/talivera.fr\/actualites\/wp-content\/uploads\/2023\/05\/FRANCE.-Provence.-1955.-_NYC143638_-670x950.jpeg?ssl=1&amp;resize=722%2C722\" data-amp-layout=\"responsive\" tabindex=\"0\" role=\"button\" aria-label=\"Ouvrir l\u2019image 2 sur 2 en plein \u00e9cran\"\/><\/figure><\/div><\/div><\/div><\/div><\/div>\n<\/div>\n<\/div>\n\n\n\n<h2 class=\"wp-block-heading\">Un photographe qui a du <strong>chien<\/strong><\/h2>\n\n\n\n<p class=\"has-text-align-justify\">Eliott Erwitt est LE portraitiste de chiens par excellence. D&rsquo;abord immortalis\u00e9s par hasard lors de sc\u00e8nes quelconques, les chiens deviennent rapidement l&rsquo;un des sujets favoris du photographe. Moins exigeants que les humains, les chiens sont pour lui \u00ab\u00a0les personnes les plus int\u00e9ressantes qui soient\u00a0\u00bb, ils indiquent \u00e0 Erwitt si une situation vaut un clich\u00e9. Ces clich\u00e9s canins montrent \u00e9galement \u00e0 quel point le photographe fait preuve d&rsquo;humour lors de son travail personnel. Beaucoup des photographies de l&rsquo;artiste relatent des sc\u00e8nes cocasses et montrent son regard d\u00e9cal\u00e9 sur le monde. <\/p>\n\n\n\n<figure class=\"wp-block-image size-large\"><img loading=\"lazy\" decoding=\"async\" width=\"1000\" height=\"396\" src=\"https:\/\/talivera.fr\/actualites\/wp-content\/uploads\/2023\/05\/IMG_05372-1000x396.jpg\" alt=\"chien-bande-photo-eliott-erwitt-loupe\" class=\"wp-image-10271\" srcset=\"https:\/\/talivera.fr\/actualites\/wp-content\/uploads\/2023\/05\/IMG_05372-1000x396.jpg 1000w, https:\/\/talivera.fr\/actualites\/wp-content\/uploads\/2023\/05\/IMG_05372-300x119.jpg 300w, https:\/\/talivera.fr\/actualites\/wp-content\/uploads\/2023\/05\/IMG_05372-768x304.jpg 768w, https:\/\/talivera.fr\/actualites\/wp-content\/uploads\/2023\/05\/IMG_05372-1536x608.jpg 1536w, https:\/\/talivera.fr\/actualites\/wp-content\/uploads\/2023\/05\/IMG_05372-2048x811.jpg 2048w\" sizes=\"auto, (max-width: 1000px) 100vw, 1000px\" \/><figcaption class=\"wp-element-caption\">New York City, \u00c9tats-unis, 2000, Eliott Erwitt<\/figcaption><\/figure>\n\n\n\n<p class=\"has-text-align-justify\"><\/p>\n","protected":false},"excerpt":{"rendered":"<p>Elliott Erwitt fait partie des photographes les plus c\u00e9l\u00e8bres du monde. Ses oeuvres sont v\u00e9ritablement \u00e9clectiques. Que les moments captur\u00e9s soient intimes, politiques, cocasses ou quelconques, Erwitt les immortalise tous \u00e0 merveille tout en r\u00e9ussissant \u00e0 nous transmettre les \u00e9motions pr\u00e9sentes lors de la sc\u00e8ne. Dans le cadre de l&rsquo;exposition se tenant actuellement au Mus\u00e9e &hellip;<\/p>\n<p class=\"read-more\"> <a class=\"\" href=\"https:\/\/talivera.fr\/actualites\/le-celebre-photographe-eliott-erwitt-a-lhonneur-a-paris\/\"> <span class=\"screen-reader-text\">Zoom Artiste : Le photographe Elliott Erwitt en 3 points<\/span> Lire la suite\u00a0\u00bb<\/a><\/p>\n","protected":false},"author":1,"featured_media":10276,"comment_status":"open","ping_status":"open","sticky":false,"template":"","format":"gallery","meta":{"_jetpack_memberships_contains_paid_content":false,"footnotes":""},"categories":[135],"tags":[],"class_list":["post-10250","post","type-post","status-publish","format-gallery","has-post-thumbnail","hentry","category-zoom-artiste","post_format-post-format-gallery"],"yoast_head":"<!-- This site is optimized with the Yoast SEO plugin v24.9 - https:\/\/yoast.com\/wordpress\/plugins\/seo\/ -->\n<title>Elliott Erwitt exposition : la grande retrospective<\/title>\n<meta name=\"description\" content=\"Jusqu&#039;au 15 ao\u00fbt, d\u00e9couvrez l&#039;exposition retrospective d&#039;Elliott Erwitt au Mus\u00e9e Maillol. Talivera vous accompagne dans cette d\u00e9couverte.\" \/>\n<meta name=\"robots\" content=\"index, follow, max-snippet:-1, max-image-preview:large, max-video-preview:-1\" \/>\n<link rel=\"canonical\" href=\"https:\/\/talivera.fr\/actualites\/le-celebre-photographe-eliott-erwitt-a-lhonneur-a-paris\/\" \/>\n<meta property=\"og:locale\" content=\"fr_FR\" \/>\n<meta property=\"og:type\" content=\"article\" \/>\n<meta property=\"og:title\" content=\"Elliott Erwitt exposition : la grande retrospective\" \/>\n<meta property=\"og:description\" content=\"Jusqu&#039;au 15 ao\u00fbt, d\u00e9couvrez l&#039;exposition retrospective d&#039;Elliott Erwitt au Mus\u00e9e Maillol. Talivera vous accompagne dans cette d\u00e9couverte.\" \/>\n<meta property=\"og:url\" content=\"https:\/\/talivera.fr\/actualites\/le-celebre-photographe-eliott-erwitt-a-lhonneur-a-paris\/\" \/>\n<meta property=\"og:site_name\" content=\"Culture Bien-\u00eatre\" \/>\n<meta property=\"article:author\" content=\"https:\/\/www.facebook.com\/sortirdecouvrir\/\" \/>\n<meta property=\"article:published_time\" content=\"2024-11-02T10:25:26+00:00\" \/>\n<meta property=\"article:modified_time\" content=\"2024-11-08T15:06:14+00:00\" \/>\n<meta property=\"og:image\" content=\"https:\/\/talivera.fr\/actualites\/wp-content\/uploads\/2023\/05\/erwitt-1-scaled.jpg\" \/>\n\t<meta property=\"og:image:width\" content=\"2560\" \/>\n\t<meta property=\"og:image:height\" content=\"1423\" \/>\n\t<meta property=\"og:image:type\" content=\"image\/jpeg\" \/>\n<meta name=\"author\" content=\"talivera\" \/>\n<meta name=\"twitter:card\" content=\"summary_large_image\" \/>\n<meta name=\"twitter:creator\" content=\"@https:\/\/twitter.com\/talivera_\" \/>\n<meta name=\"twitter:label1\" content=\"\u00c9crit par\" \/>\n\t<meta name=\"twitter:data1\" content=\"talivera\" \/>\n\t<meta name=\"twitter:label2\" content=\"Dur\u00e9e de lecture estim\u00e9e\" \/>\n\t<meta name=\"twitter:data2\" content=\"4 minutes\" \/>\n<script type=\"application\/ld+json\" class=\"yoast-schema-graph\">{\"@context\":\"https:\/\/schema.org\",\"@graph\":[{\"@type\":\"Article\",\"@id\":\"https:\/\/talivera.fr\/actualites\/le-celebre-photographe-eliott-erwitt-a-lhonneur-a-paris\/#article\",\"isPartOf\":{\"@id\":\"https:\/\/talivera.fr\/actualites\/le-celebre-photographe-eliott-erwitt-a-lhonneur-a-paris\/\"},\"author\":{\"name\":\"talivera\",\"@id\":\"https:\/\/talivera.fr\/actualites\/#\/schema\/person\/6f7da364c6dd2c35a1268d64d87d2133\"},\"headline\":\"Zoom Artiste : Le photographe Elliott Erwitt en 3 points\",\"datePublished\":\"2024-11-02T10:25:26+00:00\",\"dateModified\":\"2024-11-08T15:06:14+00:00\",\"mainEntityOfPage\":{\"@id\":\"https:\/\/talivera.fr\/actualites\/le-celebre-photographe-eliott-erwitt-a-lhonneur-a-paris\/\"},\"wordCount\":522,\"commentCount\":1,\"publisher\":{\"@id\":\"https:\/\/talivera.fr\/actualites\/#organization\"},\"image\":{\"@id\":\"https:\/\/talivera.fr\/actualites\/le-celebre-photographe-eliott-erwitt-a-lhonneur-a-paris\/#primaryimage\"},\"thumbnailUrl\":\"https:\/\/talivera.fr\/actualites\/wp-content\/uploads\/2023\/05\/erwitt-1-scaled.jpg\",\"articleSection\":[\"Zoom artiste\"],\"inLanguage\":\"fr-FR\",\"potentialAction\":[{\"@type\":\"CommentAction\",\"name\":\"Comment\",\"target\":[\"https:\/\/talivera.fr\/actualites\/le-celebre-photographe-eliott-erwitt-a-lhonneur-a-paris\/#respond\"]}]},{\"@type\":\"WebPage\",\"@id\":\"https:\/\/talivera.fr\/actualites\/le-celebre-photographe-eliott-erwitt-a-lhonneur-a-paris\/\",\"url\":\"https:\/\/talivera.fr\/actualites\/le-celebre-photographe-eliott-erwitt-a-lhonneur-a-paris\/\",\"name\":\"Elliott Erwitt exposition : la grande retrospective\",\"isPartOf\":{\"@id\":\"https:\/\/talivera.fr\/actualites\/#website\"},\"primaryImageOfPage\":{\"@id\":\"https:\/\/talivera.fr\/actualites\/le-celebre-photographe-eliott-erwitt-a-lhonneur-a-paris\/#primaryimage\"},\"image\":{\"@id\":\"https:\/\/talivera.fr\/actualites\/le-celebre-photographe-eliott-erwitt-a-lhonneur-a-paris\/#primaryimage\"},\"thumbnailUrl\":\"https:\/\/talivera.fr\/actualites\/wp-content\/uploads\/2023\/05\/erwitt-1-scaled.jpg\",\"datePublished\":\"2024-11-02T10:25:26+00:00\",\"dateModified\":\"2024-11-08T15:06:14+00:00\",\"description\":\"Jusqu'au 15 ao\u00fbt, d\u00e9couvrez l'exposition retrospective d'Elliott Erwitt au Mus\u00e9e Maillol. Talivera vous accompagne dans cette d\u00e9couverte.\",\"breadcrumb\":{\"@id\":\"https:\/\/talivera.fr\/actualites\/le-celebre-photographe-eliott-erwitt-a-lhonneur-a-paris\/#breadcrumb\"},\"inLanguage\":\"fr-FR\",\"potentialAction\":[{\"@type\":\"ReadAction\",\"target\":[\"https:\/\/talivera.fr\/actualites\/le-celebre-photographe-eliott-erwitt-a-lhonneur-a-paris\/\"]}]},{\"@type\":\"ImageObject\",\"inLanguage\":\"fr-FR\",\"@id\":\"https:\/\/talivera.fr\/actualites\/le-celebre-photographe-eliott-erwitt-a-lhonneur-a-paris\/#primaryimage\",\"url\":\"https:\/\/talivera.fr\/actualites\/wp-content\/uploads\/2023\/05\/erwitt-1-scaled.jpg\",\"contentUrl\":\"https:\/\/talivera.fr\/actualites\/wp-content\/uploads\/2023\/05\/erwitt-1-scaled.jpg\",\"width\":2560,\"height\":1423,\"caption\":\"Portrait d'Eliott Erwitt, Mus\u00e9e Maillol\"},{\"@type\":\"BreadcrumbList\",\"@id\":\"https:\/\/talivera.fr\/actualites\/le-celebre-photographe-eliott-erwitt-a-lhonneur-a-paris\/#breadcrumb\",\"itemListElement\":[{\"@type\":\"ListItem\",\"position\":1,\"name\":\"Home\",\"item\":\"https:\/\/talivera.fr\/actualites\/\"},{\"@type\":\"ListItem\",\"position\":2,\"name\":\"Zoom Artiste : Le photographe Elliott Erwitt en 3 points\"}]},{\"@type\":\"WebSite\",\"@id\":\"https:\/\/talivera.fr\/actualites\/#website\",\"url\":\"https:\/\/talivera.fr\/actualites\/\",\"name\":\"Culture Bien-\u00eatre\",\"description\":\"Talivera, plus proche de la culture\",\"publisher\":{\"@id\":\"https:\/\/talivera.fr\/actualites\/#organization\"},\"potentialAction\":[{\"@type\":\"SearchAction\",\"target\":{\"@type\":\"EntryPoint\",\"urlTemplate\":\"https:\/\/talivera.fr\/actualites\/?s={search_term_string}\"},\"query-input\":{\"@type\":\"PropertyValueSpecification\",\"valueRequired\":true,\"valueName\":\"search_term_string\"}}],\"inLanguage\":\"fr-FR\"},{\"@type\":\"Organization\",\"@id\":\"https:\/\/talivera.fr\/actualites\/#organization\",\"name\":\"Culture Bien-\u00eatre\",\"url\":\"https:\/\/talivera.fr\/actualites\/\",\"logo\":{\"@type\":\"ImageObject\",\"inLanguage\":\"fr-FR\",\"@id\":\"https:\/\/talivera.fr\/actualites\/#\/schema\/logo\/image\/\",\"url\":\"https:\/\/talivera.fr\/actualites\/wp-content\/uploads\/2022\/06\/cropped-cropped-TALI-Logo-fond-blanc-SS-220513.png\",\"contentUrl\":\"https:\/\/talivera.fr\/actualites\/wp-content\/uploads\/2022\/06\/cropped-cropped-TALI-Logo-fond-blanc-SS-220513.png\",\"width\":760,\"height\":272,\"caption\":\"Culture Bien-\u00eatre\"},\"image\":{\"@id\":\"https:\/\/talivera.fr\/actualites\/#\/schema\/logo\/image\/\"}},{\"@type\":\"Person\",\"@id\":\"https:\/\/talivera.fr\/actualites\/#\/schema\/person\/6f7da364c6dd2c35a1268d64d87d2133\",\"name\":\"talivera\",\"image\":{\"@type\":\"ImageObject\",\"inLanguage\":\"fr-FR\",\"@id\":\"https:\/\/talivera.fr\/actualites\/#\/schema\/person\/image\/\",\"url\":\"https:\/\/secure.gravatar.com\/avatar\/9cc99a2be3b13f52ccf55b39d3952bc77029d605431f7c7570ce9a2963513de9?s=96&d=mm&r=g\",\"contentUrl\":\"https:\/\/secure.gravatar.com\/avatar\/9cc99a2be3b13f52ccf55b39d3952bc77029d605431f7c7570ce9a2963513de9?s=96&d=mm&r=g\",\"caption\":\"talivera\"},\"sameAs\":[\"https:\/\/talivera.fr\",\"https:\/\/www.facebook.com\/sortirdecouvrir\/\",\"https:\/\/www.instagram.com\/talivera_\/?hl=fr\",\"https:\/\/x.com\/https:\/\/twitter.com\/talivera_\"],\"url\":\"https:\/\/talivera.fr\/actualites\/author\/talivera\/\"}]}<\/script>\n<!-- \/ Yoast SEO plugin. -->","yoast_head_json":{"title":"Elliott Erwitt exposition : la grande retrospective","description":"Jusqu'au 15 ao\u00fbt, d\u00e9couvrez l'exposition retrospective d'Elliott Erwitt au Mus\u00e9e Maillol. Talivera vous accompagne dans cette d\u00e9couverte.","robots":{"index":"index","follow":"follow","max-snippet":"max-snippet:-1","max-image-preview":"max-image-preview:large","max-video-preview":"max-video-preview:-1"},"canonical":"https:\/\/talivera.fr\/actualites\/le-celebre-photographe-eliott-erwitt-a-lhonneur-a-paris\/","og_locale":"fr_FR","og_type":"article","og_title":"Elliott Erwitt exposition : la grande retrospective","og_description":"Jusqu'au 15 ao\u00fbt, d\u00e9couvrez l'exposition retrospective d'Elliott Erwitt au Mus\u00e9e Maillol. Talivera vous accompagne dans cette d\u00e9couverte.","og_url":"https:\/\/talivera.fr\/actualites\/le-celebre-photographe-eliott-erwitt-a-lhonneur-a-paris\/","og_site_name":"Culture Bien-\u00eatre","article_author":"https:\/\/www.facebook.com\/sortirdecouvrir\/","article_published_time":"2024-11-02T10:25:26+00:00","article_modified_time":"2024-11-08T15:06:14+00:00","og_image":[{"width":2560,"height":1423,"url":"https:\/\/talivera.fr\/actualites\/wp-content\/uploads\/2023\/05\/erwitt-1-scaled.jpg","type":"image\/jpeg"}],"author":"talivera","twitter_card":"summary_large_image","twitter_creator":"@https:\/\/twitter.com\/talivera_","twitter_misc":{"\u00c9crit par":"talivera","Dur\u00e9e de lecture estim\u00e9e":"4 minutes"},"schema":{"@context":"https:\/\/schema.org","@graph":[{"@type":"Article","@id":"https:\/\/talivera.fr\/actualites\/le-celebre-photographe-eliott-erwitt-a-lhonneur-a-paris\/#article","isPartOf":{"@id":"https:\/\/talivera.fr\/actualites\/le-celebre-photographe-eliott-erwitt-a-lhonneur-a-paris\/"},"author":{"name":"talivera","@id":"https:\/\/talivera.fr\/actualites\/#\/schema\/person\/6f7da364c6dd2c35a1268d64d87d2133"},"headline":"Zoom Artiste : Le photographe Elliott Erwitt en 3 points","datePublished":"2024-11-02T10:25:26+00:00","dateModified":"2024-11-08T15:06:14+00:00","mainEntityOfPage":{"@id":"https:\/\/talivera.fr\/actualites\/le-celebre-photographe-eliott-erwitt-a-lhonneur-a-paris\/"},"wordCount":522,"commentCount":1,"publisher":{"@id":"https:\/\/talivera.fr\/actualites\/#organization"},"image":{"@id":"https:\/\/talivera.fr\/actualites\/le-celebre-photographe-eliott-erwitt-a-lhonneur-a-paris\/#primaryimage"},"thumbnailUrl":"https:\/\/talivera.fr\/actualites\/wp-content\/uploads\/2023\/05\/erwitt-1-scaled.jpg","articleSection":["Zoom artiste"],"inLanguage":"fr-FR","potentialAction":[{"@type":"CommentAction","name":"Comment","target":["https:\/\/talivera.fr\/actualites\/le-celebre-photographe-eliott-erwitt-a-lhonneur-a-paris\/#respond"]}]},{"@type":"WebPage","@id":"https:\/\/talivera.fr\/actualites\/le-celebre-photographe-eliott-erwitt-a-lhonneur-a-paris\/","url":"https:\/\/talivera.fr\/actualites\/le-celebre-photographe-eliott-erwitt-a-lhonneur-a-paris\/","name":"Elliott Erwitt exposition : la grande retrospective","isPartOf":{"@id":"https:\/\/talivera.fr\/actualites\/#website"},"primaryImageOfPage":{"@id":"https:\/\/talivera.fr\/actualites\/le-celebre-photographe-eliott-erwitt-a-lhonneur-a-paris\/#primaryimage"},"image":{"@id":"https:\/\/talivera.fr\/actualites\/le-celebre-photographe-eliott-erwitt-a-lhonneur-a-paris\/#primaryimage"},"thumbnailUrl":"https:\/\/talivera.fr\/actualites\/wp-content\/uploads\/2023\/05\/erwitt-1-scaled.jpg","datePublished":"2024-11-02T10:25:26+00:00","dateModified":"2024-11-08T15:06:14+00:00","description":"Jusqu'au 15 ao\u00fbt, d\u00e9couvrez l'exposition retrospective d'Elliott Erwitt au Mus\u00e9e Maillol. Talivera vous accompagne dans cette d\u00e9couverte.","breadcrumb":{"@id":"https:\/\/talivera.fr\/actualites\/le-celebre-photographe-eliott-erwitt-a-lhonneur-a-paris\/#breadcrumb"},"inLanguage":"fr-FR","potentialAction":[{"@type":"ReadAction","target":["https:\/\/talivera.fr\/actualites\/le-celebre-photographe-eliott-erwitt-a-lhonneur-a-paris\/"]}]},{"@type":"ImageObject","inLanguage":"fr-FR","@id":"https:\/\/talivera.fr\/actualites\/le-celebre-photographe-eliott-erwitt-a-lhonneur-a-paris\/#primaryimage","url":"https:\/\/talivera.fr\/actualites\/wp-content\/uploads\/2023\/05\/erwitt-1-scaled.jpg","contentUrl":"https:\/\/talivera.fr\/actualites\/wp-content\/uploads\/2023\/05\/erwitt-1-scaled.jpg","width":2560,"height":1423,"caption":"Portrait d'Eliott Erwitt, Mus\u00e9e Maillol"},{"@type":"BreadcrumbList","@id":"https:\/\/talivera.fr\/actualites\/le-celebre-photographe-eliott-erwitt-a-lhonneur-a-paris\/#breadcrumb","itemListElement":[{"@type":"ListItem","position":1,"name":"Home","item":"https:\/\/talivera.fr\/actualites\/"},{"@type":"ListItem","position":2,"name":"Zoom Artiste : Le photographe Elliott Erwitt en 3 points"}]},{"@type":"WebSite","@id":"https:\/\/talivera.fr\/actualites\/#website","url":"https:\/\/talivera.fr\/actualites\/","name":"Culture Bien-\u00eatre","description":"Talivera, plus proche de la culture","publisher":{"@id":"https:\/\/talivera.fr\/actualites\/#organization"},"potentialAction":[{"@type":"SearchAction","target":{"@type":"EntryPoint","urlTemplate":"https:\/\/talivera.fr\/actualites\/?s={search_term_string}"},"query-input":{"@type":"PropertyValueSpecification","valueRequired":true,"valueName":"search_term_string"}}],"inLanguage":"fr-FR"},{"@type":"Organization","@id":"https:\/\/talivera.fr\/actualites\/#organization","name":"Culture Bien-\u00eatre","url":"https:\/\/talivera.fr\/actualites\/","logo":{"@type":"ImageObject","inLanguage":"fr-FR","@id":"https:\/\/talivera.fr\/actualites\/#\/schema\/logo\/image\/","url":"https:\/\/talivera.fr\/actualites\/wp-content\/uploads\/2022\/06\/cropped-cropped-TALI-Logo-fond-blanc-SS-220513.png","contentUrl":"https:\/\/talivera.fr\/actualites\/wp-content\/uploads\/2022\/06\/cropped-cropped-TALI-Logo-fond-blanc-SS-220513.png","width":760,"height":272,"caption":"Culture Bien-\u00eatre"},"image":{"@id":"https:\/\/talivera.fr\/actualites\/#\/schema\/logo\/image\/"}},{"@type":"Person","@id":"https:\/\/talivera.fr\/actualites\/#\/schema\/person\/6f7da364c6dd2c35a1268d64d87d2133","name":"talivera","image":{"@type":"ImageObject","inLanguage":"fr-FR","@id":"https:\/\/talivera.fr\/actualites\/#\/schema\/person\/image\/","url":"https:\/\/secure.gravatar.com\/avatar\/9cc99a2be3b13f52ccf55b39d3952bc77029d605431f7c7570ce9a2963513de9?s=96&d=mm&r=g","contentUrl":"https:\/\/secure.gravatar.com\/avatar\/9cc99a2be3b13f52ccf55b39d3952bc77029d605431f7c7570ce9a2963513de9?s=96&d=mm&r=g","caption":"talivera"},"sameAs":["https:\/\/talivera.fr","https:\/\/www.facebook.com\/sortirdecouvrir\/","https:\/\/www.instagram.com\/talivera_\/?hl=fr","https:\/\/x.com\/https:\/\/twitter.com\/talivera_"],"url":"https:\/\/talivera.fr\/actualites\/author\/talivera\/"}]}},"jetpack_featured_media_url":"https:\/\/talivera.fr\/actualites\/wp-content\/uploads\/2023\/05\/erwitt-1-scaled.jpg","jetpack_sharing_enabled":true,"_links":{"self":[{"href":"https:\/\/talivera.fr\/actualites\/wp-json\/wp\/v2\/posts\/10250","targetHints":{"allow":["GET"]}}],"collection":[{"href":"https:\/\/talivera.fr\/actualites\/wp-json\/wp\/v2\/posts"}],"about":[{"href":"https:\/\/talivera.fr\/actualites\/wp-json\/wp\/v2\/types\/post"}],"author":[{"embeddable":true,"href":"https:\/\/talivera.fr\/actualites\/wp-json\/wp\/v2\/users\/1"}],"replies":[{"embeddable":true,"href":"https:\/\/talivera.fr\/actualites\/wp-json\/wp\/v2\/comments?post=10250"}],"version-history":[{"count":16,"href":"https:\/\/talivera.fr\/actualites\/wp-json\/wp\/v2\/posts\/10250\/revisions"}],"predecessor-version":[{"id":11334,"href":"https:\/\/talivera.fr\/actualites\/wp-json\/wp\/v2\/posts\/10250\/revisions\/11334"}],"wp:featuredmedia":[{"embeddable":true,"href":"https:\/\/talivera.fr\/actualites\/wp-json\/wp\/v2\/media\/10276"}],"wp:attachment":[{"href":"https:\/\/talivera.fr\/actualites\/wp-json\/wp\/v2\/media?parent=10250"}],"wp:term":[{"taxonomy":"category","embeddable":true,"href":"https:\/\/talivera.fr\/actualites\/wp-json\/wp\/v2\/categories?post=10250"},{"taxonomy":"post_tag","embeddable":true,"href":"https:\/\/talivera.fr\/actualites\/wp-json\/wp\/v2\/tags?post=10250"}],"curies":[{"name":"wp","href":"https:\/\/api.w.org\/{rel}","templated":true}]}}